{"id":739382,"date":"2026-08-30T23:49:36","date_gmt":"2026-08-30T23:49:36","guid":{"rendered":"https:\/\/www.europesays.com\/es\/739382\/"},"modified":"2026-08-30T23:49:36","modified_gmt":"2026-08-30T23:49:36","slug":"marco-perez-indulta-a-pelon-en-una-tarde-de-contrastes","status":"publish","type":"post","link":"https:\/\/www.europesays.com\/es\/739382\/","title":{"rendered":"Marco P\u00e9rez indulta a \u2018Pel\u00f3n\u2019 en una tarde de contrastes"},"content":{"rendered":"<p>Marco P\u00e9rez protagoniz\u00f3 el gran momento del festejo al indultar a un extraordinario \u00abPel\u00f3n\u00bb de Villamarta, mientras Curro D\u00edaz pase\u00f3 una oreja y dej\u00f3 su sello de torero artista. La corrida estuvo marcada por la variedad de comportamientos y por la falta de entrega de varios ejemplares de Rom\u00e1n Sorando.<\/p>\n<p><b>Curro D\u00edaz <\/b>dej\u00f3 desde el recibo capotero su sello de torero cl\u00e1sico y artista ante un primero que sali\u00f3 suelto, pero al que el jienense supo encelar con torer\u00eda. Ya con la muleta, lo condujo hasta los medios y protagoniz\u00f3 un inicio de faena de gran sabor, desarrollando despu\u00e9s una labor plagada de detalles, con especial relevancia por el pit\u00f3n derecho. El de Villamarta fue acortando progresivamente sus viajes y termin\u00f3 ofreciendo menos posibilidades, aunque Curro D\u00edaz mantuvo la firmeza y el buen gusto hasta el final. Una estocada puso r\u00fabrica a la faena, premiada con una oreja.<\/p>\n<p><b>David de Miranda<\/b> se midi\u00f3 al segundo, un toro de mayor presencia que mostr\u00f3 cierta clase en el recibo capotero, aunque pronto dej\u00f3 entrever sus dificultades. El onubense tuvo que trabajarlo con suavidad durante los primeros compases de la faena, tratando de ordenar sus arreones y una embestida poco clara. Sobre la mano izquierda, el animal continu\u00f3 sin terminar de entregarse, punteando los enga\u00f1os y embistiendo con escasa calidad. Ante la falta de opciones, De Miranda opt\u00f3 por abreviar con buen criterio y entr\u00f3 a matar con habilidad. Palmas.<\/p>\n<p><b>Marco P\u00e9rez<\/b> dej\u00f3 ya en el recibo capotero ante el tercero la sensaci\u00f3n de encontrarse con un toro de grandes condiciones de Villamarta. El salmantino inici\u00f3 la faena en los medios, donde supo esperarlo y consentir sus embestidas antes de bajar la mano y desplegar un toreo largo, templado y de gran expresi\u00f3n. Al natural alcanz\u00f3 momentos de mucha emoci\u00f3n, aunque fue sobre la mano derecha donde el toro mostr\u00f3 mayor calidad. Una poderosa serie de circulares termin\u00f3 de encender los tendidos, completamente entregados a la actuaci\u00f3n, hasta que la presidencia concedi\u00f3 el indulto de \u00abPel\u00f3n\u00bb.<\/p>\n<p><b>Curro D\u00edaz<\/b> se enfrent\u00f3 al cuarto, otro ejemplar casta\u00f1o de Villamarta, de hechuras m\u00e1s terciadas y algo playeras, que sali\u00f3 suelto despu\u00e9s de que el jienense dibujara tres buenas ver\u00f3nicas. Inici\u00f3 la faena sentado en el estribo, tratando de prolongar el viaje del animal, aunque este volvi\u00f3 a mostrarse desentendido. Ya en los medios, Curro D\u00edaz tir\u00f3 de inteligencia, temple y buen gusto para extraer dos series de calidad sobre ambas manos. Cerr\u00f3 con un conjunto de trincherillas de gran torer\u00eda antes de colocar una estocada en todo lo alto al segundo intento. Ovaci\u00f3n.<\/p>\n<p><b>David de Miranda<\/b> se midi\u00f3 al quinto, un toro terciado y justo de fuerzas de Rom\u00e1n Sorando, al que supo entender desde el inicio. Comenz\u00f3 de rodillas y firm\u00f3 buenas tandas por ambos pitones, destacando especialmente una de gran gusto por el derecho. Muy entregado en las cercan\u00edas, sufri\u00f3 un peque\u00f1o percance sin consecuencias y cerr\u00f3 con ajustadas manoletinas. El fallo con la espada le priv\u00f3 del premio, aunque fue obligado a saludar una fuerte ovaci\u00f3n.<\/p>\n<p><b>Marcos P\u00e9rez<\/b> se enfrent\u00f3 al sexto, otro ejemplar de Rom\u00e1n Sorando que no termin\u00f3 de emplearse y fue perdiendo recorrido durante la faena. El diestro dej\u00f3 un vistoso quite por navarras y trat\u00f3 de sujetar al animal a media altura, prob\u00e1ndolo por ambos pitones sin encontrar respuesta suficiente. Los fallos con los aceros y dos descabellos cerraron una actuaci\u00f3n saldada con silencio.<\/p>\n","protected":false},"excerpt":{"rendered":"Marco P\u00e9rez protagoniz\u00f3 el gran momento del festejo al indultar a un extraordinario \u00abPel\u00f3n\u00bb de Villamarta, mientras Curro&hellip;\n","protected":false},"author":2,"featured_media":739383,"comment_status":"","ping_status":"","sticky":false,"template":"","format":"standard","meta":{"footnotes":""},"categories":[91],"tags":[1904,131102,146,147,25,24,1227,23,625,131103,2487,444],"class_list":["post-739382","post","type-post","status-publish","format-standard","has-post-thumbnail","category-entretenimiento","tag-corridas-de-toros","tag-cronicas-taurinas","tag-entertainment","tag-entretenimiento","tag-es","tag-espana","tag-noticias-taurinas","tag-spain","tag-tauromaquia","tag-tendido-digital","tag-toreros","tag-toros"],"share_on_mastodon":{"url":"https:\/\/pubeurope.com\/@es\/117187140875127008","error":""},"_links":{"self":[{"href":"https:\/\/www.europesays.com\/es\/wp-json\/wp\/v2\/posts\/739382","targetHints":{"allow":["GET"]}}],"collection":[{"href":"https:\/\/www.europesays.com\/es\/wp-json\/wp\/v2\/posts"}],"about":[{"href":"https:\/\/www.europesays.com\/es\/wp-json\/wp\/v2\/types\/post"}],"author":[{"embeddable":true,"href":"https:\/\/www.europesays.com\/es\/wp-json\/wp\/v2\/users\/2"}],"replies":[{"embeddable":true,"href":"https:\/\/www.europesays.com\/es\/wp-json\/wp\/v2\/comments?post=739382"}],"version-history":[{"count":0,"href":"https:\/\/www.europesays.com\/es\/wp-json\/wp\/v2\/posts\/739382\/revisions"}],"wp:featuredmedia":[{"embeddable":true,"href":"https:\/\/www.europesays.com\/es\/wp-json\/wp\/v2\/media\/739383"}],"wp:attachment":[{"href":"https:\/\/www.europesays.com\/es\/wp-json\/wp\/v2\/media?parent=739382"}],"wp:term":[{"taxonomy":"category","embeddable":true,"href":"https:\/\/www.europesays.com\/es\/wp-json\/wp\/v2\/categories?post=739382"},{"taxonomy":"post_tag","embeddable":true,"href":"https:\/\/www.europesays.com\/es\/wp-json\/wp\/v2\/tags?post=739382"}],"curies":[{"name":"wp","href":"https:\/\/api.w.org\/{rel}","templated":true}]}}