{"id":739398,"date":"2026-08-31T00:00:13","date_gmt":"2026-08-31T00:00:13","guid":{"rendered":"https:\/\/www.europesays.com\/es\/739398\/"},"modified":"2026-08-31T00:00:13","modified_gmt":"2026-08-31T00:00:13","slug":"alex-aranburu-se-corona-en-plouay","status":"publish","type":"post","link":"https:\/\/www.europesays.com\/es\/739398\/","title":{"rendered":"Alex Aranburu se corona en Plouay"},"content":{"rendered":"<p style=\"\">Alex Aranburu cierra el mes de agosto por todo lo alto tras el segundo puesto cosechado en la general del Tour de Limousin la semana  &#8230; pasada. El corredor ezkiotarra apret\u00f3 este domingo en los \u00faltimos dos kil\u00f3metros para llevarse la 90\u00ba edici\u00f3n de la Cl\u00e1sica de Breta\u00f1a y sellar as\u00ed su tercer triunfo de la temporada.<\/p>\n<p class=\"v-d-p\" style=\"\">El ciclista guipuzcoano puso este domingo la guinda al mes de agosto, y es que Aranburu ya avis\u00f3 en el Tour de Limousin firmando el podio en tres de sus cuatro etapas. El de Cofidis hizo gala de su olfato y rapidez en Plouay, en una de esas pruebas de las que se deciden m\u00e1s por lucidez que por fuerza bruta, y demostrando una vez m\u00e1s su punta de velocidad para coronarse en una cl\u00e1sica WorldTour. <\/p>\n<p class=\"v-d-p\" style=\"\">Elegir el momento exacto para atacar nunca resulta nada sencillo, pero Aranburu oli\u00f3 sangre y sorprendi\u00f3 a los ciclistas que comandaban la carrera a 1,8 kil\u00f3metros de meta. Armado de paciencia hasta el tramo final, se lanz\u00f3 tras los exigentes 228 kil\u00f3metros que se hab\u00edan recorrido previamente y 3.600 metros de desnivel de la prueba con salida y llegada en Plouay. <\/p>\n<p class=\"v-d-p\" style=\"\">El guipuzcoano se sobrepuso a las adversidades de la carrera. La jornada estuvo marcada por las lluvias intermitentes y el viento suroeste que complic\u00f3 la vida a los corredores. Se dejaron ver varios intentos de escapadas que finalmente lograron culminar Markus Hoelgaard (Uno-X) y Alexy Faure Prost (Picnic PostNL) al abrir el primer hueco. Tras varias fases de escapada y persecuci\u00f3n, Visma y Decathlon marcaron el ritmo del pelot\u00f3n hasta que el desorden se apoder\u00f3 de la carrera. Una ca\u00edda en el grupo principal afect\u00f3 a varios corredores, entre ellos Paul Magnier, uno de los grandes favoritos y que se vio forzado a abandonar. En el ascenso a la Cote de Ty Marrec, el pelot\u00f3n fue perdiendo miembros hasta quedarse con un grupo reducido con opciones reales de victoria.<\/p>\n<p class=\"v-d-p\" style=\"\">Entonces apareci\u00f3 Aranburu para certificar un triunfo de prestigio, digno de un corredor veterano con olfato para los finales de cl\u00e1sica y capaz de ganar cuando la carrera se rompe. Con su envite final, dej\u00f3 sin respuesta al grupo cabecero y, lejos de esperar al sprint, abri\u00f3 hueco con rapidez y aguant\u00f3 en solitario hasta Plouay, donde cruz\u00f3 la meta con un registro de 5 horas, 21 minutos y 13 segundos y una media de 42,588 kil\u00f3metros por hora. La t\u00edmida reacci\u00f3n del dan\u00e9s Alexander Kamp (Uno-X), que fue segundo a cuatro segundos, no fue suficiente para atrapar a Aranburu. El italiano Alessandro Borgo (Bahrain) complet\u00f3 el podio, a diez segundos.<\/p>\n<p>\n12 victorias como profesional\n<\/p>\n<p class=\"v-d-p\" style=\"\">Con esta victoria, el ciclista ezkiotarra suma su duod\u00e9cima como profesional desde aquel primer triunfo en Getxo en 2018. Adem\u00e1s, Aranburu sucede en el palmar\u00e9s al belga Arnaud De Lie, ganador en 2025, y se convierte en el vencedor n\u00famero 73 de la historia de la cl\u00e1sica bretona. Se trata de la tercera victoria de la temporada para el guipuzcoano, tras las logradas en la cuarta etapa de la Itzulia en Galdakao y la tercera en el Baloise Belgium Tour.<\/p>\n","protected":false},"excerpt":{"rendered":"Alex Aranburu cierra el mes de agosto por todo lo alto tras el segundo puesto cosechado en la&hellip;\n","protected":false},"author":2,"featured_media":739399,"comment_status":"","ping_status":"","sticky":false,"template":"","format":"standard","meta":{"footnotes":""},"categories":[273],"tags":[2865,15665,14036,313,2683,4182,312,168,25,24,31762,23,167],"class_list":["post-739398","post","type-post","status-publish","format-standard","has-post-thumbnail","category-ciclismo","tag-alex","tag-aranburu","tag-bretana","tag-ciclismo","tag-clasica","tag-corona","tag-cycling","tag-deportes","tag-es","tag-espana","tag-plouay","tag-spain","tag-sports"],"share_on_mastodon":{"url":"","error":""},"_links":{"self":[{"href":"https:\/\/www.europesays.com\/es\/wp-json\/wp\/v2\/posts\/739398","targetHints":{"allow":["GET"]}}],"collection":[{"href":"https:\/\/www.europesays.com\/es\/wp-json\/wp\/v2\/posts"}],"about":[{"href":"https:\/\/www.europesays.com\/es\/wp-json\/wp\/v2\/types\/post"}],"author":[{"embeddable":true,"href":"https:\/\/www.europesays.com\/es\/wp-json\/wp\/v2\/users\/2"}],"replies":[{"embeddable":true,"href":"https:\/\/www.europesays.com\/es\/wp-json\/wp\/v2\/comments?post=739398"}],"version-history":[{"count":0,"href":"https:\/\/www.europesays.com\/es\/wp-json\/wp\/v2\/posts\/739398\/revisions"}],"wp:featuredmedia":[{"embeddable":true,"href":"https:\/\/www.europesays.com\/es\/wp-json\/wp\/v2\/media\/739399"}],"wp:attachment":[{"href":"https:\/\/www.europesays.com\/es\/wp-json\/wp\/v2\/media?parent=739398"}],"wp:term":[{"taxonomy":"category","embeddable":true,"href":"https:\/\/www.europesays.com\/es\/wp-json\/wp\/v2\/categories?post=739398"},{"taxonomy":"post_tag","embeddable":true,"href":"https:\/\/www.europesays.com\/es\/wp-json\/wp\/v2\/tags?post=739398"}],"curies":[{"name":"wp","href":"https:\/\/api.w.org\/{rel}","templated":true}]}}