{"id":739410,"date":"2026-08-31T00:12:24","date_gmt":"2026-08-31T00:12:24","guid":{"rendered":"https:\/\/www.europesays.com\/es\/739410\/"},"modified":"2026-08-31T00:12:24","modified_gmt":"2026-08-31T00:12:24","slug":"acaba-de-llegar-a-zara-y-este-pantalon-blanco-fluido-y-con-aberturas-ya-es-exito-de-ventas","status":"publish","type":"post","link":"https:\/\/www.europesays.com\/es\/739410\/","title":{"rendered":"Acaba de llegar a Zara y este pantal\u00f3n blanco, fluido y con aberturas ya es \u00e9xito de ventas"},"content":{"rendered":"<p data-journey-content=\"true\" data-node-id=\"3\" class=\"body-text css-1ood0zq emevuu60\">Hay ciertas prendas que aterrizan <strong data-node-id=\"3.1\">en Zara<\/strong> y tardamos exactamente cero segundos en entender por qu\u00e9 est\u00e1n triunfando. Es el caso del <strong data-node-id=\"3.3\">nuevo pantal\u00f3n blanco que, por su dise\u00f1o y su precio, tiene todos los ingredientes para convertirse en uno de esos fen\u00f3menos de temporada<\/strong> que vemos repetirse una y otra vez por la calle.<\/p>\n<p data-journey-content=\"true\" data-node-id=\"9\" class=\"body-text css-1ood0zq emevuu60\"><strong data-node-id=\"9.0\">A medio camino entre un pantal\u00f3n y una falda, este dise\u00f1o tipo &#8216;culotte&#8217; juega con una silueta amplia, fluida y de lo m\u00e1s favorecedora.<\/strong> Se mueve como una estilosa falda, pero mantiene la practicidad de un pantal\u00f3n. <\/p>\n<p data-journey-content=\"true\" data-node-id=\"13\" class=\"body-text css-1ood0zq emevuu60\">El dise\u00f1o parte de un tiro alto con el\u00e1stico en la espalda. <strong data-node-id=\"13.1\">La pernera es ancha y corta, creando esa caracter\u00edstica silueta &#8216;culotte&#8217; <\/strong>que deja el tobillo ligeramente al descubierto y nos permite lucir zapato o zapatilla. Pero lo que realmente hace diferente a este pantal\u00f3n son <strong data-node-id=\"13.3\">sus aberturas laterales en el bajo.<\/strong> No son un detalle meramente decorativo, aportan movimiento a la prenda y consiguen que la silueta se vea mucho m\u00e1s ligera. Y por \u00faltimo, <strong data-node-id=\"13.5\">su color blanco, que logra que cualquier estilismo parezca autom\u00e1ticamente m\u00e1s sofisticado. <\/strong><\/p>\n<p>Acaba de llegar a Zara y este pantal\u00f3n blanco, fluido y con aberturas ya es \u00e9xito de ventas<\/p>\n<p data-journey-content=\"true\" data-node-id=\"19\" class=\"body-text css-1ood0zq emevuu60\"><strong data-node-id=\"19.0\">Esta prenda de las novedades de Zara es de esas que hacen que una se sienta c\u00f3moda sin renunciar a verse arreglada. <\/strong>Y hay otro punto a favor que no podemos pasar por alto, ya que este pantal\u00f3n de lo m\u00e1s estiloso <strong data-node-id=\"19.2\">cuesta 25 euros. <\/strong>Un precio que convierte este dise\u00f1o blanco en una de esas compras inteligentes que pueden acabar solucionando muchos de tus &#8216;looks&#8217;.<\/p>\n<p data-journey-content=\"true\" data-node-id=\"23\" class=\"body-text css-1ood0zq emevuu60\">Porque al final, las prendas que m\u00e1s usamos no suelen ser necesariamente las m\u00e1s llamativas, sino aquellas que funcionan con todo. Y este &#8216;culotte&#8217; de la tienda de Inditex tiene precisamente ese potencial. <strong data-node-id=\"23.1\">Un modelo c\u00f3modo, vers\u00e1til, favorecedor y el detalle de las aberturas laterales que consigue que no sea un pantal\u00f3n blanco m\u00e1s.<\/strong><br data-node-id=\"23.2\"\/><\/p>\n<p><img draggable=\"true\" alt=\"pantal\u00f3n fluido blanco aberturas\" title=\"pantal\u00f3n fluido blanco aberturas\" loading=\"lazy\" width=\"1920\" height=\"2880\" decoding=\"async\" data-nimg=\"1\" style=\"color:transparent;width:100%;height:auto;\"   src=\"https:\/\/www.europesays.com\/es\/wp-content\/uploads\/2026\/08\/4278e979-a537-49b9-b203-d9d1a3a40209.jpg\" class=\"css-0 e1ddfba50\"\/><\/p>\n<p>Zara<\/p>\n<p><img draggable=\"true\" alt=\"pantal\u00f3n fluido blanco aberturas\" title=\"pantal\u00f3n fluido blanco aberturas\" loading=\"lazy\" width=\"1920\" height=\"2880\" decoding=\"async\" data-nimg=\"1\" style=\"color:transparent;width:100%;height:auto;\"   src=\"https:\/\/www.europesays.com\/es\/wp-content\/uploads\/2026\/08\/779d8f3f-e588-497d-aeb9-e3d8ee5ab952.jpg\" class=\"css-0 e1ddfba50\"\/><\/p>\n<p>Zara<\/p>\n<p><a target=\"_blank\" rel=\"nofollow noopener\" data-theme-key=\"product-image-wrapper\" href=\"https:\/\/www.zara.com\/es\/es\/pantalon-culotte-aberturas-p07982782.html?v1=572162090&amp;v2=2546081\" aria-label=\"26\u00a0\u20ac en ZARA for Pantal\u00f3n blanco\" data-href=\"https:\/\/www.zara.com\/es\/es\/pantalon-culotte-aberturas-p07982782.html?v1=572162090&amp;v2=2546081\" data-product-url=\"https:\/\/www.zara.com\/es\/es\/pantalon-culotte-aberturas-p07982782.html?v1=572162090&amp;v2=2546081\" data-affiliate=\"false\" data-affiliate-network=\"\" data-fp-affiliate-inline-link=\"false\" data-fp-affiliate-button-link=\"false\" data-vars-ga-call-to-action=\"26\u00a0\u20ac en ZARA\" data-vars-ga-media-role=\"\" data-vars-ga-media-type=\"Single Product Embed\" data-vars-ga-outbound-link=\"https:\/\/www.zara.com\/es\/es\/pantalon-culotte-aberturas-p07982782.html?v1=572162090&amp;v2=2546081\" data-vars-ga-product-brand=\"ZARA\" data-vars-ga-product-id=\"f876599a-61b0-49b5-9059-b1a5f9e107e9\" data-vars-ga-product-price=\"25,95\u00a0\u20ac\" data-vars-ga-product-retailer-id=\"da404069-ef56-41d3-98ee-43e32aa36e11\" data-vars-ga-product-sem3-brand=\"ZARA\" data-vars-ga-link-treatment=\"(not set) | (not set)\" class=\"product-image-link ebgq4gw7 e12px3ys0 css-g6od0w e1socmtw0\" data-><img  alt=\"Pantal\u00f3n blanco\" title=\"Pantal\u00f3n blanco\" data-fp-product-image=\"true\" datafptag=\"data-fp-product-image\" src=\"https:\/\/www.europesays.com\/es\/wp-content\/uploads\/2026\/08\/1788118162-aaf98340-7e9d-4c46-ae0f-c5b0bb368625.jpg\" width=\"1920\" height=\"2880\" decoding=\"async\" loading=\"lazy\"\/><\/a><img src=\"https:\/\/www.europesays.com\/es\/wp-content\/uploads\/2026\/08\/1788135144_588_fdb40614-5afb-491b-84a7-5d9b44b2dcde_1658480441.file.png\" alt=\"Headshot of Amanda Prado\" title=\"Headshot of Amanda Prado\" width=\"100%\" height=\"100%\" decoding=\"async\" loading=\"lazy\" class=\"css-o0wq4v ev8dhu53\"\/><\/p>\n<p>Amanda Prado es colaboradora de ELLE, experta en moda, tendencias y actualidad. Como buena defensora del periodismo multimedia, tambi\u00e9n es creadora de contenido para redes sociales (empez\u00f3 en Fotolog y ha terminado en TikTok). Su especialidad es localizar las nuevas tendencias de la pasarela y del street style. Amante del estilo boho, la ropa vintage y la moda sostenible. Especialista en transformar b\u00e1sicos en lookazos y en localizar joyitas textiles de donde crees que no se puede sacar nada. De las rom\u00e1nticas que a\u00fan compran en tienda f\u00edsica. \u00a0<\/p>\n<p>Descubrir qu\u00e9 llevan las famosas es otra de sus funciones. Adem\u00e1s de analizar qu\u00e9 prendas visten las celebrities (y, sobre todo, c\u00f3mo lo llevan, su estilo) tambi\u00e9n se encarga de cubrir todo lo que sucede en alfombras rojas y eventos de moda. No deja escapar ning\u00fan detalle del d\u00eda a d\u00eda que comparten las influencers y creadores de contenido en sus redes sociales o en los eventos a los que acuden. \u00a0<\/p>\n<p>Amanda Prado se gradu\u00f3 primero en Derecho y despu\u00e9s en Periodismo en la Universidad Rey Juan Carlos. En tercero de carrera result\u00f3 ganadora de la Superbeca Elle y trabaj\u00f3 durante un a\u00f1o en cuatro empresas: para el equipo de comunicaci\u00f3n de ZARA (Inditex), el departamento de Relaciones P\u00fablicas de Est\u00e9e Lauder, la agencia de comunicaci\u00f3n Equipo Singular y, por \u00faltimo, la redacci\u00f3n de la revista ELLE. Al terminar la beca comenz\u00f3 a colaborar en la revista Cosmopolitan cubriendo temas de belleza y moda y, tras varios a\u00f1os, regres\u00f3 a ELLE.\u00a0<\/p>\n","protected":false},"excerpt":{"rendered":"Hay ciertas prendas que aterrizan en Zara y tardamos exactamente cero segundos en entender por qu\u00e9 est\u00e1n triunfando.&hellip;\n","protected":false},"author":2,"featured_media":739411,"comment_status":"","ping_status":"","sticky":false,"template":"","format":"standard","meta":{"footnotes":""},"categories":[91],"tags":[1655,253,146,147,25,24,23],"class_list":["post-739410","post","type-post","status-publish","format-standard","has-post-thumbnail","category-entretenimiento","tag-afiliacion","tag-discover","tag-entertainment","tag-entretenimiento","tag-es","tag-espana","tag-spain"],"share_on_mastodon":{"url":"https:\/\/pubeurope.com\/@es\/117187232677903346","error":""},"_links":{"self":[{"href":"https:\/\/www.europesays.com\/es\/wp-json\/wp\/v2\/posts\/739410","targetHints":{"allow":["GET"]}}],"collection":[{"href":"https:\/\/www.europesays.com\/es\/wp-json\/wp\/v2\/posts"}],"about":[{"href":"https:\/\/www.europesays.com\/es\/wp-json\/wp\/v2\/types\/post"}],"author":[{"embeddable":true,"href":"https:\/\/www.europesays.com\/es\/wp-json\/wp\/v2\/users\/2"}],"replies":[{"embeddable":true,"href":"https:\/\/www.europesays.com\/es\/wp-json\/wp\/v2\/comments?post=739410"}],"version-history":[{"count":0,"href":"https:\/\/www.europesays.com\/es\/wp-json\/wp\/v2\/posts\/739410\/revisions"}],"wp:featuredmedia":[{"embeddable":true,"href":"https:\/\/www.europesays.com\/es\/wp-json\/wp\/v2\/media\/739411"}],"wp:attachment":[{"href":"https:\/\/www.europesays.com\/es\/wp-json\/wp\/v2\/media?parent=739410"}],"wp:term":[{"taxonomy":"category","embeddable":true,"href":"https:\/\/www.europesays.com\/es\/wp-json\/wp\/v2\/categories?post=739410"},{"taxonomy":"post_tag","embeddable":true,"href":"https:\/\/www.europesays.com\/es\/wp-json\/wp\/v2\/tags?post=739410"}],"curies":[{"name":"wp","href":"https:\/\/api.w.org\/{rel}","templated":true}]}}