{"id":739420,"date":"2026-08-31T00:17:21","date_gmt":"2026-08-31T00:17:21","guid":{"rendered":"https:\/\/www.europesays.com\/es\/739420\/"},"modified":"2026-08-31T00:17:21","modified_gmt":"2026-08-31T00:17:21","slug":"deportivo-a-coruna-vs-valencia-dos-estilos-antagonicos","status":"publish","type":"post","link":"https:\/\/www.europesays.com\/es\/739420\/","title":{"rendered":"Deportivo A Coru\u00f1a vs Valencia: dos estilos antag\u00f3nicos"},"content":{"rendered":"<p>El Valencia apost\u00f3 por un planteamiento m\u00e1s defensivo para atacar los espacios al contragolpe, mientras que el D\u00e9por trat\u00f3 de jugar mucho por dentro y hacer un f\u00fatbol m\u00e1s propositivo.<\/p>\n<p>Dos onces muy diferentes<\/p>\n<p><strong>Carlos Corber\u00e1n<\/strong> volvi\u00f3 a apostar por una <strong>defensa de 5<\/strong> con <strong>Jes\u00fas V\u00e1zquez y Luis Rioja como carrileros<\/strong>. Utiliz\u00f3 a <strong>Arnau Mart\u00ednez como central<\/strong> para poder <strong>liberar a Pepelu<\/strong> y as\u00ed formar un <strong>doble pivote<\/strong> con \u00e9l y <strong>Ugrinic<\/strong>.<\/p>\n<p>Quiso darle mucho protagonismo a su banda derecha, ya que part\u00eda con una doble punta con <strong>Sadiq y Sato<\/strong>, pero el japon\u00e9s se quedaba en banda por delante de Luis Rioja para hacer da\u00f1o por ah\u00ed. <strong>Javi Guerra<\/strong> estaba liberado en el centro del campo, pero hac\u00eda de <strong>segundo punta acompa\u00f1ando a Sadiq en la presi\u00f3n<\/strong>.<\/p>\n<p>Antonio Hidalgo apost\u00f3 por un equipo <strong>sin bandas puros<\/strong>, ya que <strong>Luismi Cruz y Mario Soriano<\/strong> part\u00edan como te\u00f3ricos bandas en un <strong>4-4-2 en l\u00ednea<\/strong>, pero ambos se met\u00edan hacia dentro.<\/p>\n<p>Luismi Cruz estuvo muy activo recibiendo balones a la espalda de los dos pivotes valencianistas, y Mario Soriano cont\u00f3 con total libertad para pedir el bal\u00f3n en salida provocando que Riki Rodr\u00edguez ocupase posiciones m\u00e1s adelantadas y de banda.<\/p>\n<p>Formas antag\u00f3nicas de afrontar el partido<\/p>\n<p>El Valencia ten\u00eda clara su forma de atacar, ya que dejaba al D\u00e9por tocar el bal\u00f3n con bastante libertad plantando un <strong>bloque medio-bajo<\/strong>. La idea era clara, <strong>robar bal\u00f3n<\/strong> y utilizar las <strong>galopadas de Sadiq<\/strong> para <strong>hundir a la defensa<\/strong> y generar espacios a <strong>Javi Guerra<\/strong>.<\/p>\n<p><img decoding=\"async\" src=\"https:\/\/www.europesays.com\/es\/wp-content\/uploads\/2026\/08\/image-1788120330111-58sujp.jpg\" alt=\"A\u00fan as\u00ed, el conjunto che gener\u00f3 poco peligro porque el D\u00e9por monopolizaba el bal\u00f3n y se cerraba muy bien por dentro sin dejar espacios.\"\/>A\u00fan as\u00ed, el conjunto che gener\u00f3 poco peligro porque el D\u00e9por monopolizaba el bal\u00f3n y se cerraba muy bien por dentro sin dejar espacios.<\/p>\n<p>El D\u00e9por ten\u00eda claro que quer\u00eda tener el bal\u00f3n por dentro y dejar toda la <strong>banda izquierda<\/strong> para <strong>Quagliata<\/strong> y uno de los dos puntas. Tanto <strong>Aubameyang<\/strong> como <strong>Nsongo Bil<\/strong> estuvieron muy activos rot\u00e1ndose las posiciones para ir <strong>cayendo a banda<\/strong> y <strong>quedarse como referencia<\/strong>.<\/p>\n<p>Un Valencia muy plano<\/p>\n<p>Carlos Corber\u00e1n plante\u00f3 un partido <strong>defensivo<\/strong> y cuando tuvo la pelota se not\u00f3 a un Valencia <strong>muy plano<\/strong> y sin v\u00e9rtigo que no logr\u00f3 complicarle las cosas al D\u00e9por.<\/p>\n<p>El \u00fanico gol del conjunto che lleg\u00f3 tras un <strong>regalo en salida de bal\u00f3n de Bright Ede<\/strong> y una buena presi\u00f3n de Sadiq que fue capaz de cazar el bal\u00f3n y fusilar a <strong>Leo Rom\u00e1n<\/strong>.<\/p>\n<p>El Valencia tuvo <strong>5 minutos buenos<\/strong>, justo tras el gol, en los que <strong>Javi Guerra<\/strong> aprovech\u00f3 su <strong>superioridad f\u00edsica<\/strong> frente a los centrocampistas del D\u00e9por y <strong>Sadiq<\/strong> detect\u00f3 la debilidad <strong>entre central y lateral<\/strong>.<\/p>\n<p>Los de Corber\u00e1n volvieron a echarse atr\u00e1s<\/p>\n<p><strong>El D\u00e9por se volvi\u00f3 a asentar<\/strong> y recuper\u00f3 la <strong>posesi\u00f3n del bal\u00f3n<\/strong>. El Valencia estuvo muy <strong>blando en los duelos<\/strong> en el centro del campo y sufri\u00f3 mucho con la movilidad de la doble punta del D\u00e9por y las llegadas de Quagliata por la banda.<\/p>\n<p>Tanto <strong>T\u00e1rrega como Diakhaby<\/strong> tuvieron muchos problemas para <strong>sacar el bal\u00f3n<\/strong> y Javi Guerra se vio muy solo.<\/p>\n<p>Una segunda parte de precipitaci\u00f3n<\/p>\n<p>El Valencia empez\u00f3 la segunda mitad con <strong>mucha prisa<\/strong> por empatar el partido, y le llev\u00f3 a cometer muchos <strong>errores en salida de bal\u00f3n<\/strong>.<\/p>\n<p>La <strong>falta de ideas<\/strong> acus\u00f3 a los de Corber\u00e1n, que no supieron llegar al \u00e1rea y su \u00fanica baza fue la banda derecha de un <strong>Luis Rioja<\/strong> que lleg\u00f3 a l\u00ednea de fondo un par de veces y puso alg\u00fan centro que no acab\u00f3 en nada.<\/p>\n<p><img decoding=\"async\" src=\"https:\/\/www.europesays.com\/es\/wp-content\/uploads\/2026\/08\/image-1788120103416-ua0fam.jpg\" alt=\"Sadiq no par\u00f3 de moverse y tirar desmarques, pero sus compa\u00f1eros no fueron capaces de encontrarle en situaciones de ventaja.\"\/>Sadiq no par\u00f3 de moverse y tirar desmarques, pero sus compa\u00f1eros no fueron capaces de encontrarle en situaciones de ventaja.Desastre t\u00e1ctico<\/p>\n<p>Una vez meti\u00f3 el <strong>tercero<\/strong> el D\u00e9por, Corber\u00e1n realiz\u00f3 varios cambios que terminaron de <strong>desajustar al equipo<\/strong> en el \u00fanico orden que hab\u00edan tenido durante el partido.<\/p>\n<p>El entrenador che quiso buscar f\u00fatbol <strong>m\u00e1s directo<\/strong> todav\u00eda utilizando <strong>centros laterales<\/strong> y <strong>balones directos arriba<\/strong>, pero no generaron apenas problemas.<\/p>\n<p>El Valencia dej\u00f3 de tener la <strong>poca claridad<\/strong> que hab\u00eda tenido durante el partido al sacar del campo a <strong>Javi Guerra<\/strong>, y <strong>Hugo Duro<\/strong> tuvo que tirar de galones para bajar a recibir el bal\u00f3n a posiciones en las que no hab\u00eda nadie.<\/p>\n<p>Los valencianistas dedicaron sus \u00faltimas esperanzas por sacar algo positivo del encuentro en el <strong>desorden<\/strong> que generaban <strong>Otorbi y Dieng<\/strong> y el desborde de Danjuma.<\/p>\n<p>Otorbi y Dieng agitaron un poco al D\u00e9por, pero <strong>Danjuma<\/strong> no fue capaz de generar ninguna ocasi\u00f3n, ya que recib\u00eda el bal\u00f3n en situaciones de desventaja y la <strong>acumulaci\u00f3n de jugadores<\/strong> valencianistas en su zona lo \u00fanico que hicieron fue <strong>atraerle m\u00e1s rivales<\/strong> y complicarle las jugadas de desborde.<\/p>\n<p><img decoding=\"async\" alt=\"Deportivo A Coru\u00f1a-Valencia: dos estilos antag\u00f3nicos\" src=\"https:\/\/www.europesays.com\/es\/wp-content\/uploads\/2026\/08\/image-1788120162767-i5loay.jpg\"\/>Muy inferiores durante los 90 minutos<\/p>\n<p class=\"\">La realidad es que el Valencia fue muy inferior durante todo el partido a un equipo <strong>reci\u00e9n ascendido<\/strong> que volvi\u00f3 a recordar al D\u00e9por de la temporada pasada, un equipo agresivo, vertical y que sab\u00eda tener el bal\u00f3n.<\/p>\n<p><strong>Carlos Corber\u00e1n<\/strong> ofreci\u00f3 un <strong>planteamiento mediocre<\/strong> que no supo plantar cara a un D\u00e9por muy serio y que apenas sufri\u00f3 durante el partido. El Valencia no gener\u00f3 ocasiones y se le vio muy lejos de poder hacerle cosquillas a un equipo reci\u00e9n ascendido.<\/p>\n<p><img decoding=\"async\" alt=\"Deportivo A Coru\u00f1a-Valencia: dos estilos antag\u00f3nicos\" src=\"https:\/\/www.europesays.com\/es\/wp-content\/uploads\/2026\/08\/image-1788120208049-59xsom.jpg\"\/><\/p>\n","protected":false},"excerpt":{"rendered":"El Valencia apost\u00f3 por un planteamiento m\u00e1s defensivo para atacar los espacios al contragolpe, mientras que el D\u00e9por&hellip;\n","protected":false},"author":2,"featured_media":739421,"comment_status":"","ping_status":"","sticky":false,"template":"","format":"standard","meta":{"footnotes":""},"categories":[5],"tags":[1979,53122,17,18,27893,412,25,24,13,14,11,27896,18446,19,20,9,10,15,16,10193,23,12,21,22,5419],"class_list":["post-739420","post","type-post","status-publish","format-standard","has-post-thumbnail","category-titulares","tag-antonio-hidalgo","tag-aubameyang","tag-breaking-news","tag-breakingnews","tag-carlos-corberan","tag-deportivo","tag-es","tag-espana","tag-featured-news","tag-featurednews","tag-headlines","tag-hugo-duro","tag-javi-guerra","tag-latest-news","tag-latestnews","tag-news","tag-noticias","tag-noticias-destacadas","tag-noticiasdestacadas","tag-riazor","tag-spain","tag-titulares","tag-ultimas-noticias","tag-ultimasnoticias","tag-valencia-cf"],"share_on_mastodon":{"url":"https:\/\/pubeurope.com\/@es\/117187252342426222","error":""},"_links":{"self":[{"href":"https:\/\/www.europesays.com\/es\/wp-json\/wp\/v2\/posts\/739420","targetHints":{"allow":["GET"]}}],"collection":[{"href":"https:\/\/www.europesays.com\/es\/wp-json\/wp\/v2\/posts"}],"about":[{"href":"https:\/\/www.europesays.com\/es\/wp-json\/wp\/v2\/types\/post"}],"author":[{"embeddable":true,"href":"https:\/\/www.europesays.com\/es\/wp-json\/wp\/v2\/users\/2"}],"replies":[{"embeddable":true,"href":"https:\/\/www.europesays.com\/es\/wp-json\/wp\/v2\/comments?post=739420"}],"version-history":[{"count":0,"href":"https:\/\/www.europesays.com\/es\/wp-json\/wp\/v2\/posts\/739420\/revisions"}],"wp:featuredmedia":[{"embeddable":true,"href":"https:\/\/www.europesays.com\/es\/wp-json\/wp\/v2\/media\/739421"}],"wp:attachment":[{"href":"https:\/\/www.europesays.com\/es\/wp-json\/wp\/v2\/media?parent=739420"}],"wp:term":[{"taxonomy":"category","embeddable":true,"href":"https:\/\/www.europesays.com\/es\/wp-json\/wp\/v2\/categories?post=739420"},{"taxonomy":"post_tag","embeddable":true,"href":"https:\/\/www.europesays.com\/es\/wp-json\/wp\/v2\/tags?post=739420"}],"curies":[{"name":"wp","href":"https:\/\/api.w.org\/{rel}","templated":true}]}}