{"id":739430,"date":"2026-08-31T00:27:18","date_gmt":"2026-08-31T00:27:18","guid":{"rendered":"https:\/\/www.europesays.com\/es\/739430\/"},"modified":"2026-08-31T00:27:18","modified_gmt":"2026-08-31T00:27:18","slug":"la-dulce-felicitacion-de-paula-echevarria-a-su-madre-por-su-cumpleanos-tras-la-muerte-de-su-padre-te-amo-infinito","status":"publish","type":"post","link":"https:\/\/www.europesays.com\/es\/739430\/","title":{"rendered":"La dulce felicitaci\u00f3n de Paula Echevarr\u00eda a su madre por su cumplea\u00f1os tras la muerte de su padre: \u00abTe amo infinito\u00bb"},"content":{"rendered":"<p data-journey-content=\"true\" data-node-id=\"3\" class=\"css-1ood0zq emevuu60\">Paula Echevarr\u00eda y su familia viven su verano m\u00e1s dif\u00edcil. Apenas se han cumplido un mes desde que la actriz despidiera repentinamente a <a href=\"https:\/\/www.diezminutos.es\/famosos-corazon\/famosos-espanoles\/a73326862\/mensaje-paula-echevarria-muerte-padre-nos-habeis-llenado-el-corazon\/\" target=\"_blank\" data-vars-ga-outbound-link=\"https:\/\/www.diezminutos.es\/famosos-corazon\/famosos-espanoles\/a73326862\/mensaje-paula-echevarria-muerte-padre-nos-habeis-llenado-el-corazon\/\" data-vars-ga-ux-element=\"Hyperlink\" data-vars-ga-call-to-action=\"su padre, fallecido\" data-node-id=\"3.1\" class=\"body-link css-1v1lrc0 emevuu60\" rel=\"nofollow noopener\">su padre, fallecido<\/a> por una complicaci\u00f3n card\u00edaca, dejando rota a toda su familia pero, en especial, a su mujer, Elena Colodr\u00f3n. Conscientes del doloroso momento que vive su madre, <a href=\"https:\/\/www.diezminutos.es\/famosos-corazon\/famosos-espanoles\/a73318365\/miguel-torres-apoyo-paula-echevarria-muerte-padre\/\" target=\"_blank\" data-vars-ga-outbound-link=\"https:\/\/www.diezminutos.es\/famosos-corazon\/famosos-espanoles\/a73318365\/miguel-torres-apoyo-paula-echevarria-muerte-padre\/\" data-vars-ga-ux-element=\"Hyperlink\" data-vars-ga-call-to-action=\"Paula Echevarr\u00eda y Miguel Torres\" data-node-id=\"3.3\" class=\"body-link css-1v1lrc0 emevuu60\" rel=\"nofollow noopener\">Paula Echevarr\u00eda y Miguel Torres<\/a> han aprovechado los \u00faltimos d\u00edas de agosto en los que<a href=\"https:\/\/www.diezminutos.es\/famosos-corazon\/famosos-espanoles\/a73323071\/desgarrador-adios-paula-echevarria-padre\/\" target=\"_blank\" data-vars-ga-outbound-link=\"https:\/\/www.diezminutos.es\/famosos-corazon\/famosos-espanoles\/a73323071\/desgarrador-adios-paula-echevarria-padre\/\" data-vars-ga-ux-element=\"Hyperlink\" data-vars-ga-call-to-action=\" la actriz tiene un par\u00f3n de trabajo,\" data-node-id=\"3.5\" class=\"body-link css-1v1lrc0 emevuu60\" rel=\"nofollow noopener\"> la actriz tiene un par\u00f3n de trabajo,<\/a> para <strong data-node-id=\"3.7\">acudir a Cand\u00e1s (Asturias), tierra natal en la que todav\u00eda vive su familia,<\/strong> y apoyar a Elena. <\/p>\n<p data-journey-content=\"true\" data-node-id=\"9\" class=\"css-1ood0zq emevuu60\">As\u00ed lo ha dejado ver en sus redes sociales, donde Paula ha publicado algunas fotograf\u00edas en las que se la puede ver disfrutando de la playa y de los atardeceres con su madre, su hijo y su chico. Una escapada que<strong data-node-id=\"9.1\"> ha coincidido con un momento especial y dif\u00edcil para Elena: su cumplea\u00f1os. <\/strong><\/p>\n<p data-journey-content=\"true\" data-node-id=\"14\" class=\"css-1ood0zq emevuu60\">Despu\u00e9s de que <a href=\"https:\/\/www.diezminutos.es\/famosos-corazon\/famosos-espanoles\/a73373262\/paula-echevarria-mensaje-49-cumpleanos-muerte-padre\/\" target=\"_blank\" data-vars-ga-outbound-link=\"https:\/\/www.diezminutos.es\/famosos-corazon\/famosos-espanoles\/a73373262\/paula-echevarria-mensaje-49-cumpleanos-muerte-padre\/\" data-vars-ga-ux-element=\"Hyperlink\" data-vars-ga-call-to-action=\"Paula celebrara su cumplea\u00f1os d\u00edas despu\u00e9s\" data-node-id=\"14.1\" class=\"body-link css-1v1lrc0 emevuu60\" rel=\"nofollow noopener\">Paula celebrara su cumplea\u00f1os d\u00edas despu\u00e9s<\/a> de la ausencia de su padre, ahora ha sido su madre quien ha celebrado el suyo con la falta de su marido. La actriz, muy unida a ella, <strong data-node-id=\"14.3\">ha recurrido a sus redes sociales para felicitarla p\u00fablicamente <\/strong>y dedicarle unas palabras cargadas de cari\u00f1o que han emocionado a muchos de sus seguidores.<\/p>\n<p data-journey-content=\"true\" data-node-id=\"20\" class=\"css-1ood0zq emevuu60\">\u00abFeliz cumplea\u00f1os mami&#8230; Este a\u00f1o s\u00f3lo deseo que la vida te abrace fuerte, que encuentres motivos para sonre\u00edr y que <strong data-node-id=\"20.1\">nunca olvides que aqu\u00ed estoy, a tu lado, queri\u00e9ndote m\u00e1s que nunca.<\/strong>.\u00bb, escrib\u00eda la int\u00e9rprete junto a una bonita foto juntas. \u00abTe quiero infinito\u00bb, cerraba la publicaci\u00f3n. <\/p>\n<p data-journey-content=\"true\" data-node-id=\"24\" class=\"css-1ood0zq emevuu60\">Y es que, m\u00e1s all\u00e1 de cualquier regalo, Paula es consciente de que lo m\u00e1s urgente y necesario es pasar<strong data-node-id=\"24.1\"> tiempo de calidad, apoy\u00e1ndose, unidos y disfrutando hasta de los <a href=\"https:\/\/www.diezminutos.es\/famosos-corazon\/famosos-espanoles\/a73403841\/paula-echevarria-instagram-verano-muerte-padre\/\" target=\"_blank\" data-vars-ga-outbound-link=\"https:\/\/www.diezminutos.es\/famosos-corazon\/famosos-espanoles\/a73403841\/paula-echevarria-instagram-verano-muerte-padre\/\" data-vars-ga-ux-element=\"Hyperlink\" data-vars-ga-call-to-action=\"silencios tensos y los recuerdos dolorosos.\" data-node-id=\"24.1.1\" class=\"body-link css-1v1lrc0 emevuu60\" rel=\"nofollow noopener\">silencios tensos y los recuerdos dolorosos.<\/a><\/strong> Porque eso es la familia. Un concepto que la asturiana tiene muy claro y ha querido poner en pr\u00e1ctica viajando durante estos d\u00edas a su tierra natal junto a sus hijos, Miki y Daniella.<\/p>\n","protected":false},"excerpt":{"rendered":"Paula Echevarr\u00eda y su familia viven su verano m\u00e1s dif\u00edcil. Apenas se han cumplido un mes desde que&hellip;\n","protected":false},"author":2,"featured_media":739431,"comment_status":"","ping_status":"","sticky":false,"template":"","format":"standard","meta":{"footnotes":""},"categories":[174],"tags":[255,253,146,147,25,24,256,23],"class_list":["post-739430","post","type-post","status-publish","format-standard","has-post-thumbnail","category-famosos","tag-celebrities","tag-discover","tag-entertainment","tag-entretenimiento","tag-es","tag-espana","tag-famosos","tag-spain"],"share_on_mastodon":{"url":"https:\/\/pubeurope.com\/@es\/117187290537919796","error":""},"_links":{"self":[{"href":"https:\/\/www.europesays.com\/es\/wp-json\/wp\/v2\/posts\/739430","targetHints":{"allow":["GET"]}}],"collection":[{"href":"https:\/\/www.europesays.com\/es\/wp-json\/wp\/v2\/posts"}],"about":[{"href":"https:\/\/www.europesays.com\/es\/wp-json\/wp\/v2\/types\/post"}],"author":[{"embeddable":true,"href":"https:\/\/www.europesays.com\/es\/wp-json\/wp\/v2\/users\/2"}],"replies":[{"embeddable":true,"href":"https:\/\/www.europesays.com\/es\/wp-json\/wp\/v2\/comments?post=739430"}],"version-history":[{"count":0,"href":"https:\/\/www.europesays.com\/es\/wp-json\/wp\/v2\/posts\/739430\/revisions"}],"wp:featuredmedia":[{"embeddable":true,"href":"https:\/\/www.europesays.com\/es\/wp-json\/wp\/v2\/media\/739431"}],"wp:attachment":[{"href":"https:\/\/www.europesays.com\/es\/wp-json\/wp\/v2\/media?parent=739430"}],"wp:term":[{"taxonomy":"category","embeddable":true,"href":"https:\/\/www.europesays.com\/es\/wp-json\/wp\/v2\/categories?post=739430"},{"taxonomy":"post_tag","embeddable":true,"href":"https:\/\/www.europesays.com\/es\/wp-json\/wp\/v2\/tags?post=739430"}],"curies":[{"name":"wp","href":"https:\/\/api.w.org\/{rel}","templated":true}]}}