{"id":739434,"date":"2026-08-31T00:34:39","date_gmt":"2026-08-31T00:34:39","guid":{"rendered":"https:\/\/www.europesays.com\/es\/739434\/"},"modified":"2026-08-31T00:34:39","modified_gmt":"2026-08-31T00:34:39","slug":"el-calor-extremo-amenaza-el-embarazo-la-sequia-eleva-el-riesgo-de-parto-prematuro-y-puede-frenar-el-crecimiento-fetal","status":"publish","type":"post","link":"https:\/\/www.europesays.com\/es\/739434\/","title":{"rendered":"El calor extremo amenaza el embarazo: la sequ\u00eda eleva el riesgo de parto prematuro y puede frenar el crecimiento fetal"},"content":{"rendered":"<p style=\"\">La sequ\u00eda, uno de los fen\u00f3menos que se est\u00e1n haciendo m\u00e1s frecuentes e intensos en distintas regiones del planeta, puede convertirse en un nuevo factor de riesgo para el embarazo y el <a href=\"https:\/\/www.abc.es\/familia-padres-hijos\/20130918\/abci-crecimiento-bebe-201309181601.html\" target=\"_self\" data-voc-vtm-id=\"in-text-traffic\" data-mrf-link=\"www.abc.es\" rel=\"nofollow noopener\">desarrollo fetal<\/a>. As\u00ed lo apunta un amplio estudio internacional coordinado por el  &#8230; Instituto de Investigaci\u00f3n del Hospital de Sant Pau (<strong>IR Sant Pau<\/strong>) de Barcelona juntamente con el Centro de Integraci\u00f3n de Datos y Conocimientos para la Salud (<strong>CIDACS, Brasil<\/strong>) basado en cerca de 30 millones de nacimientos registrados en el pa\u00eds sudamericano durante dos d\u00e9cadas.<\/p>\n<p class=\"v-d-p\" style=\"\">La investigaci\u00f3n, publicada en &#8216;The Lancet Regional Health \u2013 Americas&#8217;, muestra que las mujeres expuestas a episodios de sequ\u00eda durante el embarazo presentan un mayor riesgo de parto prematuro. Cuando la falta de agua se prolonga durante buena parte de la gestaci\u00f3n, adem\u00e1s, aumenta la probabilidad de que el beb\u00e9 nazca con un tama\u00f1o inferior al esperado para su edad gestacional, un indicador relacionado con un crecimiento fetal menor de lo previsto. El riesgo de prematuridad se dispara todav\u00eda m\u00e1s cuando la sequ\u00eda coincide con episodios de calor extremo.<\/p>\n<p class=\"v-d-p\" style=\"\"><strong>Aline Rocha<\/strong>, investigadora del IR Sant Pau y primera autora de la investigaci\u00f3n, y <strong>Otavio Ranzani,<\/strong>  coordinador cient\u00edfico del proyecto, est\u00e1n ampliando ahora la investigaci\u00f3n para comprobar si los efectos de la exposici\u00f3n a la sequ\u00eda durante el embarazo pueden prolongarse durante los primeros a\u00f1os de vida.<\/p>\n<ul class=\"v-cmp-rld__u\">\n<li class=\"v-cmp-rld__l\">\n<p><a class=\"v-a-lnk\" href=\"http:\/\/www.abc.es\/sociedad\/huella-incendios-gestantes-riesgo-tener-ninos-prematuros-20260715104156-nt.html#vtm_modulosEngag=noticiasrelacionadas-cmp-uno:sociedad:noticia:1\" data-voc-vtm-id=\"in-text-traffic\" rel=\"nofollow noopener\" target=\"_blank\"><br \/>\n<img decoding=\"async\" loading=\"lazy\" src=\"https:\/\/www.europesays.com\/es\/wp-content\/uploads\/2026\/08\/1514762441-U20609936686CrD-U08558701440kmP-366x256@diario_abc.jpg\" class=\"v-a-img\" width=\"258\" height=\"180\" alt=\"La huella oculta de los incendios forestales: las gestantes tienen m\u00e1s riesgo de tener ni\u00f1os con bajo peso o prematuros\"\/><br \/>\n<\/a><\/p>\n<\/li>\n<\/ul>\n<p class=\"v-d-p\" style=\"\">El trabajo ha permitido cruzar los datos de los nacimientos registrados en Brasil entre 2001 y 2020 con informaci\u00f3n sobre las condiciones clim\u00e1ticas a las que estuvieron expuestas las madres durante la gestaci\u00f3n. Los investigadores estudiaron tres posibles consecuencias adversas: el nacimiento antes de las 37 semanas, el bajo peso al nacer entre los beb\u00e9s nacidos a t\u00e9rmino y el nacimiento de ni\u00f1os peque\u00f1os para su edad gestacional.<\/p>\n<p class=\"v-d-p\" style=\"\">La poblaci\u00f3n analizada presenta, adem\u00e1s, una caracter\u00edstica especialmente relevante. Los datos proceden de la denominada <strong>Cohorte de los 100 Millones de Brasile\u00f1os<\/strong>, integrada por personas registradas para acceder a programas sociales y que representa aproximadamente a la mitad socioecon\u00f3micamente m\u00e1s desfavorecida del pa\u00eds. El estudio permite as\u00ed observar c\u00f3mo los fen\u00f3menos clim\u00e1ticos pueden interactuar con problemas como la inseguridad alimentaria, las dificultades para acceder al agua potable o las limitaciones para recibir atenci\u00f3n sanitaria.<\/p>\n<p class=\"v-d-p\" style=\"\">Para medir la exposici\u00f3n a la sequ\u00eda, los investigadores utilizaron el \u00cdndice Estandarizado de <strong>Precipitaci\u00f3n-Evapotranspiraci\u00f3n<\/strong> (SPEI), que combina la cantidad de precipitaciones con la p\u00e9rdida de agua relacionada con la temperatura. El an\u00e1lisis tuvo en cuenta el d\u00e9ficit h\u00eddrico acumulado durante los tres, seis y nueve meses anteriores al nacimiento, lo que permiti\u00f3 estudiar tanto episodios relativamente breves como situaciones de sequ\u00eda que pod\u00edan prolongarse durante pr\u00e1cticamente todo el embarazo.<\/p>\n<p class=\"v-a-t\">\nLa exposici\u00f3n a la sequ\u00eda se relacion\u00f3 con un incremento relativo aproximado del 2% en la probabilidad de parto prematuro en las tres ventanas temporales estudiadas\n<\/p>\n<p class=\"v-d-p\" style=\"\">La exposici\u00f3n a la sequ\u00eda se relacion\u00f3 con un incremento relativo aproximado del 2% en la probabilidad de parto prematuro en las tres ventanas temporales estudiadas. En t\u00e9rminos absolutos, esto supone <strong>entre 1,4 y 1,7 casos adicionales por cada 1.000 nacimientos<\/strong>. Aunque pueda parecer un aumento reducido, los investigadores advierten de que su importancia crece cuando se contempla a escala poblacional, porque una sequ\u00eda puede afectar simult\u00e1neamente a territorios extensos y a millones de personas.<\/p>\n<p class=\"v-d-p\" style=\"\">La intensidad del fen\u00f3meno tambi\u00e9n importa. En las exposiciones acumuladas durante seis meses, el riesgo de prematuridad aument\u00f3 progresivamente desde alrededor de un 1% durante las sequ\u00edas moderadas hasta un 3% en los episodios severos y un 5% en los extremos. Los resultados apuntan, adem\u00e1s, a que la parte media y final del embarazo podr\u00edan constituir periodos especialmente sensibles.<\/p>\n<p>\nSolo cuando la exposici\u00f3n es prolongada\n<\/p>\n<p class=\"v-d-p\" style=\"\">La sequ\u00eda prolongada durante seis o nueve meses se asoci\u00f3 tambi\u00e9n con un incremento de entre un 1% y un 2% en la probabilidad de que el beb\u00e9 fuera peque\u00f1o para su edad gestacional. Esta relaci\u00f3n fue especialmente visible cuando la exposici\u00f3n se produjo durante las fases inicial y media del embarazo.<\/p>\n<p class=\"v-d-p\" style=\"\">El estudio, sin embargo, introduce un matiz importante: no encontr\u00f3 una relaci\u00f3n consistente entre la sequ\u00eda y el bajo peso al nacer en beb\u00e9s que completaron al menos 37 semanas de gestaci\u00f3n. Los efectos observados parecen concentrarse, por tanto, en el aumento del riesgo de prematuridad y, cuando la exposici\u00f3n es prolongada, en un crecimiento fetal inferior al esperado.<\/p>\n<p class=\"v-a-t\">\nEl peligro de parto prematuro fue mayor cuando la sequ\u00eda coincidi\u00f3 con episodios de calor extremo\n<\/p>\n<p class=\"v-d-p\" style=\"\">Uno de los hallazgos m\u00e1s relevantes es que los riesgos clim\u00e1ticos no act\u00faan necesariamente de forma aislada. El peligro de parto prematuro fue mayor cuando la sequ\u00eda coincidi\u00f3 con episodios de calor extremo, una interacci\u00f3n que se observ\u00f3 en las tres ventanas temporales analizadas.<\/p>\n<p class=\"v-d-p\" style=\"\">La explicaci\u00f3n podr\u00eda encontrarse en una suma de factores. Los investigadores plantean posibles mecanismos como la deshidrataci\u00f3n, el estr\u00e9s t\u00e9rmico, la inflamaci\u00f3n o las alteraciones hormonales. A ellos se a\u00f1aden las consecuencias indirectas de la sequ\u00eda: dificultades para acceder a agua y alimentos, p\u00e9rdida de cosechas, encarecimiento de productos b\u00e1sicos, contaminaci\u00f3n atmosf\u00e9rica asociada a incendios forestales o problemas para desplazarse hasta los servicios sanitarios. Una exposici\u00f3n prolongada <strong>podr\u00eda afectar tambi\u00e9n a la nutrici\u00f3n materna<\/strong> y a la funci\u00f3n de la placenta, reduciendo el suministro de ox\u00edgeno y nutrientes necesario para el desarrollo del feto.<\/p>\n<p class=\"v-d-p\" style=\"\">\u00abNuestros resultados muestran que la sequ\u00eda no es \u00fanicamente un fen\u00f3meno ambientalo agr\u00edcola, sino tambi\u00e9n un posible determinante de la salud materna e infantil. Es un claro ejemplo de salud planetaria: de c\u00f3mo los cambios en el clima y en los sistemas naturales pueden acabar repercutiendo en la salud humana\u00bb, explica Rocha.<\/p>\n<p>\nEntornos vulnerables:  hasta un 10% m\u00e1s de riesgo\n<\/p>\n<p class=\"v-d-p\" style=\"\">El impacto tampoco se reparte de manera uniforme. En los municipios brasile\u00f1os con un \u00edndice de desarrollo humano muy bajo, la exposici\u00f3n acumulada a la sequ\u00eda durante seis y nueve meses se relacion\u00f3 con aumentos aproximados del 8% y del 10%, respectivamente, en la probabilidad de parto prematuro. Son cifras muy superiores a las observadas en el conjunto de la poblaci\u00f3n estudiada.<\/p>\n<p class=\"v-d-p\" style=\"\">El dato revela otra dimensi\u00f3n del cambio clim\u00e1tico: su capacidad para profundizar desigualdades que ya existen. Las <strong>familias con menos recursos<\/strong> disponen de menos margen para hacer frente a la escasez o al encarecimiento de los alimentos, garantizar una alimentaci\u00f3n adecuada, acceder de forma continuada a agua potable o mantener un seguimiento prenatal regular. La amenaza clim\u00e1tica se convierte as\u00ed en una amenaza sanitaria especialmente intensa para quienes parten de una situaci\u00f3n m\u00e1s vulnerable.<\/p>\n<p>\nCuenca mediterr\u00e1nea, un punto caliente\n<\/p>\n<p class=\"v-d-p\" style=\"\">Aunque el estudio se ha realizado en Brasil y sus resultados no pueden trasladarse directamente a Espa\u00f1a, sus autores consideran que la cuesti\u00f3n merece atenci\u00f3n en otras regiones expuestas a la combinaci\u00f3n de sequ\u00eda y temperaturas extremas. La cuenca mediterr\u00e1nea es precisamente uno de los territorios donde estos fen\u00f3menos adquieren una relevancia creciente. Las diferencias clim\u00e1ticas, sociales y sanitarias entre pa\u00edses obligan a ser prudentes, pero justifican la necesidad de estudiar c\u00f3mo proteger a las embarazadas ante un escenario clim\u00e1tico cada vez m\u00e1s adverso.<\/p>\n<p class=\"v-d-p\" style=\"\">La investigaci\u00f3n continuar\u00e1 ahora m\u00e1s all\u00e1 del nacimiento. En el IR Sant Pau, la doctora <strong>Rocha<\/strong> estudia si la exposici\u00f3n materna a la sequ\u00eda puede tener tambi\u00e9n efectos sobre el crecimiento infantil durante los primeros cinco a\u00f1os, analizando variables como el peso y la talla.<\/p>\n<p class=\"v-d-p\" style=\"\">Los investigadores defienden, en este sentido, que la informaci\u00f3n clim\u00e1tica deber\u00eda incorporarse a las pol\u00edticas de salud maternoinfantil. Entre las medidas que plantean figuran<strong> reforzar el seguimiento prenatal<\/strong> durante los periodos de sequ\u00eda y calor extremo, garantizar el acceso al agua potable, proporcionar apoyo nutricional, integrar las alertas ambientales y sanitarias y establecer una protecci\u00f3n espec\u00edfica para las mujeres embarazadas en situaciones de mayor vulnerabilidad.<\/p>\n<p class=\"v-d-p\" style=\"\">El embarazo, hasta ahora considerado fundamentalmente desde la perspectiva cl\u00ednica, incorpora as\u00ed un nuevo escenario de riesgo: el clim\u00e1tico. La evidencia todav\u00eda no permite afirmar que la sequ\u00eda cause directamente los problemas observados, pero s\u00ed dibuja una se\u00f1al que los investigadores consideran suficientemente relevante para anticiparse. Porque el cambio clim\u00e1tico no empieza a afectar a la salud cuando nacemos: en determinadas circunstancias, sus consecuencias pueden empezar a escribirse incluso antes.<\/p>\n","protected":false},"excerpt":{"rendered":"La sequ\u00eda, uno de los fen\u00f3menos que se est\u00e1n haciendo m\u00e1s frecuentes e intensos en distintas regiones del&hellip;\n","protected":false},"author":2,"featured_media":739435,"comment_status":"","ping_status":"","sticky":false,"template":"","format":"standard","meta":{"footnotes":""},"categories":[92],"tags":[4213,7556,29018,8112,8369,929,25,24,3344,7116,165,4701,53637,789,1288,166,33579,23],"class_list":["post-739434","post","type-post","status-publish","format-standard","has-post-thumbnail","category-salud","tag-amenaza","tag-cambio","tag-climatico","tag-crecimiento","tag-eleva","tag-embarazo","tag-es","tag-espana","tag-fetal","tag-frenar","tag-health","tag-parto","tag-prematuro","tag-puede","tag-riesgo","tag-salud","tag-sequia","tag-spain"],"share_on_mastodon":{"url":"https:\/\/pubeurope.com\/@es\/117187318543850623","error":""},"_links":{"self":[{"href":"https:\/\/www.europesays.com\/es\/wp-json\/wp\/v2\/posts\/739434","targetHints":{"allow":["GET"]}}],"collection":[{"href":"https:\/\/www.europesays.com\/es\/wp-json\/wp\/v2\/posts"}],"about":[{"href":"https:\/\/www.europesays.com\/es\/wp-json\/wp\/v2\/types\/post"}],"author":[{"embeddable":true,"href":"https:\/\/www.europesays.com\/es\/wp-json\/wp\/v2\/users\/2"}],"replies":[{"embeddable":true,"href":"https:\/\/www.europesays.com\/es\/wp-json\/wp\/v2\/comments?post=739434"}],"version-history":[{"count":0,"href":"https:\/\/www.europesays.com\/es\/wp-json\/wp\/v2\/posts\/739434\/revisions"}],"wp:featuredmedia":[{"embeddable":true,"href":"https:\/\/www.europesays.com\/es\/wp-json\/wp\/v2\/media\/739435"}],"wp:attachment":[{"href":"https:\/\/www.europesays.com\/es\/wp-json\/wp\/v2\/media?parent=739434"}],"wp:term":[{"taxonomy":"category","embeddable":true,"href":"https:\/\/www.europesays.com\/es\/wp-json\/wp\/v2\/categories?post=739434"},{"taxonomy":"post_tag","embeddable":true,"href":"https:\/\/www.europesays.com\/es\/wp-json\/wp\/v2\/tags?post=739434"}],"curies":[{"name":"wp","href":"https:\/\/api.w.org\/{rel}","templated":true}]}}