{"id":739442,"date":"2026-08-31T00:38:17","date_gmt":"2026-08-31T00:38:17","guid":{"rendered":"https:\/\/www.europesays.com\/es\/739442\/"},"modified":"2026-08-31T00:38:17","modified_gmt":"2026-08-31T00:38:17","slug":"al-menos-ocho-muertos-y-17-desaparecidos-tras-naufragio-de-un-ferri-en-chipre-del-norte","status":"publish","type":"post","link":"https:\/\/www.europesays.com\/es\/739442\/","title":{"rendered":"Al menos ocho muertos y 17 desaparecidos tras naufragio de un ferri en Chipre del Norte"},"content":{"rendered":"<p>    <img src=\"https:\/\/www.europesays.com\/es\/wp-content\/uploads\/2026\/08\/2026-08-30T153A063A03Z-91977238.jpg\" width=\"1024\" height=\"682\" alt=\"\" loading=\"eager\" decoding=\"sync\" fetchpriority=\"high\"\/><\/p>\n<p>            afp_tickers        <\/p>\n<p>        Este contenido fue publicado en    <\/p>\n<p>        30 agosto 2026 &#8211; 20:23\n<\/p>\n<p>Al menos ocho personas murieron y 17 siguen desaparecidas tras el naufragio de un ferri con 267 personas a bordo frente a las costas de Chipre del Norte, informaron las autoridades locales a medios turcos.<\/p>\n<p>Todav\u00eda no se han determinado las causas del hundimiento pero un pasajero rescatado declar\u00f3 a los medios locales que escuch\u00f3 una explosi\u00f3n en la proa antes de que el nav\u00edo se volcara.<\/p>\n<p>El capit\u00e1n de la embarcaci\u00f3n fue detenido despu\u00e9s de que los supervivientes relataran las deficientes medidas de seguridad a bordo, en especial la falta de suficientes chalecos salvavidas y de asistencia por parte de la tripulaci\u00f3n.<\/p>\n<p>\u00abAlgunas personas tuvieron que saltar al agua sin salvavidas (\u2026) Fue, literalmente, una lucha por la supervivencia\u00bb, declar\u00f3 Efe M\u00fcltici, a CNN T\u00fcrk.<\/p>\n<p>El ferri transportaba a 267 pasajeros y todav\u00eda hay 17 personas desaparecidas, inform\u00f3 la agencia oficial TAK.\u00a0<\/p>\n<p>Seg\u00fan el primer ministro de la Rep\u00fablica Turca del Norte de Chipre (RTCN), Unal Ustel, adem\u00e1s del capit\u00e1n del nav\u00edo tambi\u00e9n fueron arrestados otros siete tripulantes.\u00a0<\/p>\n<p>La embarcaci\u00f3n volc\u00f3 poco despu\u00e9s de zarpar del puerto de Kyrenia rumbo a la ciudad turca de Tasucu.\u00a0<\/p>\n<p>En im\u00e1genes retransmitidas por la televisi\u00f3n turca se ve\u00eda al ferri tras haber volcado, con personas con chalecos salvavidas sobre el casco del barco, de color naranja. Varios barcos de la zona acudieron a prestar asistencia.<\/p>\n<p>La Rep\u00fablica Turca de Chipre del Norte, \u00fanicamente reconocida por Turqu\u00eda, controla el tercio norte de la isla de Chipre, dividida desde 1974.<\/p>\n<p>Ankara ocup\u00f3 esa parte de la isla en aquel entonces en respuesta a un golpe orquestado por Atenas y llevado a cabo por grecochipriotas, con el objetivo de anexionar la isla a Grecia. Actualmente, la Rep\u00fablica Turca de Chipre del Norte cuenta con conexiones a\u00e9reas y mar\u00edtimas con Turqu\u00eda.\u00a0<\/p>\n<p>ach\/an\/jvb\/meb-an\/jvb<\/p>\n","protected":false},"excerpt":{"rendered":"afp_tickers Este contenido fue publicado en 30 agosto 2026 &#8211; 20:23 Al menos ocho personas murieron y 17&hellip;\n","protected":false},"author":2,"featured_media":739443,"comment_status":"","ping_status":"","sticky":false,"template":"","format":"standard","meta":{"footnotes":""},"categories":[42],"tags":[14037,17,18,82,637,13,14,11,61,62,63,64,19,20,14038,9,10,15,16,90,12,35308,14040,21,22,65,66,67],"class_list":["post-739442","post","type-post","status-publish","format-standard","has-post-thumbnail","category-internacional","tag-accident-general","tag-breaking-news","tag-breakingnews","tag-business","tag-disaster","tag-featured-news","tag-featurednews","tag-headlines","tag-internacional","tag-international","tag-international-news","tag-internationalnews","tag-latest-news","tag-latestnews","tag-maritime-accident","tag-news","tag-noticias","tag-noticias-destacadas","tag-noticiasdestacadas","tag-ticker","tag-titulares","tag-tourism-and-leisure","tag-transport-accident","tag-ultimas-noticias","tag-ultimasnoticias","tag-world","tag-world-news","tag-worldnews"],"share_on_mastodon":{"url":"","error":"Validation failed: Text character limit of 500 exceeded"},"_links":{"self":[{"href":"https:\/\/www.europesays.com\/es\/wp-json\/wp\/v2\/posts\/739442","targetHints":{"allow":["GET"]}}],"collection":[{"href":"https:\/\/www.europesays.com\/es\/wp-json\/wp\/v2\/posts"}],"about":[{"href":"https:\/\/www.europesays.com\/es\/wp-json\/wp\/v2\/types\/post"}],"author":[{"embeddable":true,"href":"https:\/\/www.europesays.com\/es\/wp-json\/wp\/v2\/users\/2"}],"replies":[{"embeddable":true,"href":"https:\/\/www.europesays.com\/es\/wp-json\/wp\/v2\/comments?post=739442"}],"version-history":[{"count":0,"href":"https:\/\/www.europesays.com\/es\/wp-json\/wp\/v2\/posts\/739442\/revisions"}],"wp:featuredmedia":[{"embeddable":true,"href":"https:\/\/www.europesays.com\/es\/wp-json\/wp\/v2\/media\/739443"}],"wp:attachment":[{"href":"https:\/\/www.europesays.com\/es\/wp-json\/wp\/v2\/media?parent=739442"}],"wp:term":[{"taxonomy":"category","embeddable":true,"href":"https:\/\/www.europesays.com\/es\/wp-json\/wp\/v2\/categories?post=739442"},{"taxonomy":"post_tag","embeddable":true,"href":"https:\/\/www.europesays.com\/es\/wp-json\/wp\/v2\/tags?post=739442"}],"curies":[{"name":"wp","href":"https:\/\/api.w.org\/{rel}","templated":true}]}}