{"id":739456,"date":"2026-08-31T00:57:16","date_gmt":"2026-08-31T00:57:16","guid":{"rendered":"https:\/\/www.europesays.com\/es\/739456\/"},"modified":"2026-08-31T00:57:16","modified_gmt":"2026-08-31T00:57:16","slug":"0-2-el-athletic-resucita-en-balaidos","status":"publish","type":"post","link":"https:\/\/www.europesays.com\/es\/739456\/","title":{"rendered":"0-2. El Athletic resucita en Bala\u00eddos"},"content":{"rendered":"<p class=\"mb-4 text-lg md:leading-8 break-words\">Vigo, 30 ago (EFE).- El Athletic sum\u00f3 la primera victoria de la temporada en Bala\u00eddos, donde firm\u00f3 una brillante primera parte, en la que supo explotar los errores defensivos del Celta para golpear con goles de Berenguer y Robert Navarro, que no fueron m\u00e1s por la gigantesca actuaci\u00f3n de Radu, la \u00fanica noticia positiva del equipo gallego, que repite el p\u00e9simo arranque del curso pasado con un solo punto de nueve posibles.<\/p>\n<p class=\"mb-4 text-lg md:leading-8 break-words\">La temporada pasada el Celta fue el sexto equipo que menos goles encaj\u00f3 de LaLiga. Logr\u00f3 mantener su porter\u00eda a cero en 10 partidos. Claudio Gir\u00e1ldez parec\u00eda haber encontrado la soluci\u00f3n a uno de los grandes problemas de su equipo. Pero la fragilidad defensiva ha vuelto a aparecer en este arranque de curso. Osasuna, tras la expulsi\u00f3n de Marcos Alonso, le hizo dos goles, los mismos que firm\u00f3 el Athletic en los primeros 22 del partido de esta noche.<\/p>\n<p class=\"mb-4 text-lg md:leading-8 break-words\">La debilidad defensiva exhibida ante Osasuna se repiti\u00f3 ante el equipo del alem\u00e1n Edin Terzi\u0107, que firm\u00f3 su mejor partido en Vigo. Solo la actuaci\u00f3n del portero rumano Ionut Radu evit\u00f3 una goleada mayor de los rojiblancos al descanso.<\/p>\n<p class=\"mb-4 text-lg md:leading-8 break-words\">Los dos goles entre los minutos 20 y 22 -uno espectacular de Berenguer y otro de Navarro tras una grosera p\u00e9rdida de Aleix Febas- se\u00f1alaron a la defensa celeste, que tampoco estuvo expeditiva para evitar el disparo de Sancet, que se encontr\u00f3 con un gigantesco Radu; el cabezazo de Laporte, que se march\u00f3 rozando el larguero; y el tiro a bocajarro de I\u00f1aki Williams, despejado milagrosamente por el guardameta celeste.<\/p>\n<p class=\"mb-4 text-lg md:leading-8 break-words\">Cierto es que antes de todo eso, el Celta disfrut\u00f3 de una clar\u00edsima ocasi\u00f3n para adelantarse en el marcador, pero el sueco Swedberg se encontr\u00f3 con Unai Sim\u00f3n. Luego, tras el festival rojiblanco y los pitos de Bala\u00eddos a su equipo, lleg\u00f3 la ocasi\u00f3n en la que Jutgl\u00e0, en el minuto 37, pudo recortar la desventaja. Su cabezazo se estrell\u00f3 en el larguero.<\/p>\n<p class=\"mb-4 text-lg md:leading-8 break-words\">El desastre celeste oblig\u00f3 a Gir\u00e1ldez a mover ficha en el descanso. Los cuatro cambios que realiz\u00f3 evidenciaron su enfado. Su equipo mejor\u00f3, empez\u00f3 a dominar, pero fue Sancet, en el minuto 55, el que pudo sentenciar tras una r\u00e1pida transici\u00f3n. Perdon\u00f3 el Athletic, y Starfelt roz\u00f3 el 1-2 tras un saque esquina.<\/p>\n<p><img alt=\"\" loading=\"lazy\" width=\"960\" height=\"640\" decoding=\"async\" data-nimg=\"1\" class=\"rounded-lg\" style=\"color:transparent\" src=\"https:\/\/www.europesays.com\/es\/wp-content\/uploads\/2026\/08\/https:\/\/media.zenfs.com\/es\/efe.es\/68d5f859e7471cea4983d06fa80e2722.jpg\"\/><\/p>\n<p class=\"mb-4 text-lg md:leading-8 break-words\">Aspas aport\u00f3 m\u00e1s claridad al ataque celeste, pero ni as\u00ed su equipo logr\u00f3 generar ocasiones claras de gol. El Celta continu\u00f3 volcado, pero fue I\u00f1aki Williams el que disfrut\u00f3 de la mejor oportunidad para cerrar la victoria.<\/p>\n<p class=\"mb-4 text-lg md:leading-8 break-words\">Ficha t\u00e9cnica:<\/p>\n<p class=\"mb-4 text-lg md:leading-8 break-words\">0 Celta: Radu; Javi Rodr\u00edguez (Javi Rueda, m in.46), Starfelt, Faye (Yoel Lago, min.46); \u00c1lvaro N\u00fa\u00f1ez, Febas, Moriba (Miguel Rom\u00e1n, min.46), Carreira; Hugo Gonz\u00e1lez (Aspas, min.46), Swedberg (Hugo \u00c1lvarez, min.57) y Jutgl\u00e0.<\/p>\n<p class=\"mb-4 text-lg md:leading-8 break-words\">2 Athletic: Unai Sim\u00f3n; Areso (Johaneko, min.86), Paredes, Laporte, Yuri; Gere, Galarreta (Jauregizar, min.65) ; Navarro (Nico Williams, min.73), Sancet (Canales, min.65), Berenguer; e I\u00f1aki Williams (Guruzeta, min.65).<\/p>\n<p class=\"mb-4 text-lg md:leading-8 break-words\">Goles: 0-1, min.20: Berenguer. 0-2, min.22: Navarro.<\/p>\n<p class=\"mb-4 text-lg md:leading-8 break-words\">\u00c1rbitro: Mateo Busquets (comit\u00e9 balear). Amonest\u00f3 a Yuri (min.48), Navarro (min.61) y Gere (min.71) por parte del Athletic.<\/p>\n<p class=\"mb-4 text-lg md:leading-8 break-words\">Incidencias: Encuentro correspondiente a la tercera jornada de LaLiga disputado en el estadio vigu\u00e9s ante 20.902 espectadores.<\/p>\n<p class=\"mb-4 text-lg md:leading-8 break-words\">(c) Agencia EFE<\/p>\n","protected":false},"excerpt":{"rendered":"Vigo, 30 ago (EFE).- El Athletic sum\u00f3 la primera victoria de la temporada en Bala\u00eddos, donde firm\u00f3 una&hellip;\n","protected":false},"author":2,"featured_media":739457,"comment_status":"","ping_status":"","sticky":false,"template":"","format":"standard","meta":{"footnotes":""},"categories":[93],"tags":[8113,10903,131109,34194,52570,290,131261,27256,75717,131247,168,104924,131245,131251,131250,131256,25,24,131253,45842,12075,47172,90198,45165,8171,87438,36890,57045,131252,2179,131260,98428,3403,8329,131258,131255,131257,131248,49678,22841,131246,23,167,131259,131249,131254,76113,1274,102778,68295],"class_list":["post-739456","post","type-post","status-publish","format-standard","has-post-thumbnail","category-deportes","tag-10903","tag-30-ago","tag-aspas","tag-berenguer","tag-celta","tag-cero-en-10","tag-claudio-giraldez","tag-defensiva","tag-defensiva-exhibida","tag-deportes","tag-edin-terzic","tag-el-athletic","tag-el-celta","tag-el-desastre-celeste-obligo","tag-en-el-minuto-37","tag-es","tag-espana","tag-explotar-los-errores","tag-faye","tag-gere","tag-giraldez","tag-hugo-alvarez","tag-hugo-gonzalez","tag-inaki-williams","tag-ionut-radu","tag-javi-rodriguez","tag-javi-rueda","tag-jutgla","tag-laporte","tag-logro-mantener-su","tag-mateo-busquets","tag-navarro","tag-nico-williams","tag-noticia-positiva-del-equipo-gallego","tag-ocasion-en-la-que-jutgla","tag-ocasion-para-adelantarse-en-el-marcador","tag-osasuna-se","tag-radu","tag-robert-navarro","tag-sancet-canales","tag-spain","tag-sports","tag-starfelt","tag-su-equipo-mejoro","tag-swedberg","tag-unai-simon","tag-vigo","tag-yoel-lago","tag-yuri"],"share_on_mastodon":{"url":"","error":"Validation failed: Text character limit of 500 exceeded"},"_links":{"self":[{"href":"https:\/\/www.europesays.com\/es\/wp-json\/wp\/v2\/posts\/739456","targetHints":{"allow":["GET"]}}],"collection":[{"href":"https:\/\/www.europesays.com\/es\/wp-json\/wp\/v2\/posts"}],"about":[{"href":"https:\/\/www.europesays.com\/es\/wp-json\/wp\/v2\/types\/post"}],"author":[{"embeddable":true,"href":"https:\/\/www.europesays.com\/es\/wp-json\/wp\/v2\/users\/2"}],"replies":[{"embeddable":true,"href":"https:\/\/www.europesays.com\/es\/wp-json\/wp\/v2\/comments?post=739456"}],"version-history":[{"count":0,"href":"https:\/\/www.europesays.com\/es\/wp-json\/wp\/v2\/posts\/739456\/revisions"}],"wp:featuredmedia":[{"embeddable":true,"href":"https:\/\/www.europesays.com\/es\/wp-json\/wp\/v2\/media\/739457"}],"wp:attachment":[{"href":"https:\/\/www.europesays.com\/es\/wp-json\/wp\/v2\/media?parent=739456"}],"wp:term":[{"taxonomy":"category","embeddable":true,"href":"https:\/\/www.europesays.com\/es\/wp-json\/wp\/v2\/categories?post=739456"},{"taxonomy":"post_tag","embeddable":true,"href":"https:\/\/www.europesays.com\/es\/wp-json\/wp\/v2\/tags?post=739456"}],"curies":[{"name":"wp","href":"https:\/\/api.w.org\/{rel}","templated":true}]}}