{"id":739478,"date":"2026-08-31T01:15:31","date_gmt":"2026-08-31T01:15:31","guid":{"rendered":"https:\/\/www.europesays.com\/es\/739478\/"},"modified":"2026-08-31T01:15:31","modified_gmt":"2026-08-31T01:15:31","slug":"ester-exposito-celebra-el-gol-de-mbappe-en-el-bernabeu-con-la-chaqueta-de-punto-que-sera-tendencia-este-otono","status":"publish","type":"post","link":"https:\/\/www.europesays.com\/es\/739478\/","title":{"rendered":"Ester Exp\u00f3sito celebra el gol de Mbapp\u00e9 en el Bernab\u00e9u con la chaqueta de punto que ser\u00e1 tendencia este oto\u00f1o"},"content":{"rendered":"<p data-journey-content=\"true\" data-node-id=\"3\" class=\"css-1ood0zq emevuu60\">Despu\u00e9s de dejarse ver este verano en distintos destinos europeos o protagonizando un beso de pel\u00edcula en alta mar, <strong data-node-id=\"3.1\"><a href=\"https:\/\/www.harpersbazaar.com\/es\/famosas\/el-estilo-de\/a73541912\/ester-exposito-pareja-kylian-mbappe-mas-valoro-hombre-inteligencia-emocional-sensibilidad-sentido-humor-cosas-enganchan\/\" target=\"_blank\" data-vars-ga-outbound-link=\"https:\/\/www.harpersbazaar.com\/es\/famosas\/el-estilo-de\/a73541912\/ester-exposito-pareja-kylian-mbappe-mas-valoro-hombre-inteligencia-emocional-sensibilidad-sentido-humor-cosas-enganchan\/\" data-vars-ga-ux-element=\"Hyperlink\" data-vars-ga-call-to-action=\"Ester Exp\u00f3sito y Kylian Mbapp\u00e9\" data-node-id=\"3.1.0\" class=\"body-link css-1eciz3n emevuu60\" rel=\"nofollow noopener\">Ester Exp\u00f3sito y Kylian Mbapp\u00e9<\/a> <\/strong>han paseado de la mano por las calles de Madrid y han protagonizado una de las noticias del fin de semana cuando <strong data-node-id=\"3.3\">la actriz se dej\u00f3 ver en el Santiago Bernab\u00e9u apoyando a Mbapp\u00e9 durante el partido del Real Madrid contra el M\u00e1laga.<\/strong><\/p>\n<p data-journey-content=\"true\" data-node-id=\"10\" class=\"css-1ood0zq emevuu60\"><a href=\"https:\/\/www.harpersbazaar.com\/es\/famosas\/el-estilo-de\/a73388677\/ester-exposito-kylian-mbappe-entrevista-amor-exito\/\" target=\"_blank\" data-vars-ga-outbound-link=\"https:\/\/www.harpersbazaar.com\/es\/famosas\/el-estilo-de\/a73388677\/ester-exposito-kylian-mbappe-entrevista-amor-exito\/\" data-vars-ga-ux-element=\"Hyperlink\" data-vars-ga-call-to-action=\"Nuestra chica de portada \" data-node-id=\"10.0\" class=\"body-link css-1eciz3n emevuu60\" rel=\"nofollow noopener\">Nuestra chica de portada <\/a>ha vuelto a acaparar todas las miradas cuando las c\u00e1maras <strong data-node-id=\"10.2\">captaron su reacci\u00f3n al gol del futbolista franc\u00e9s, un gesto que no ha tardado en convertirse en una de las im\u00e1genes m\u00e1s comentadas<\/strong> de la jornada. La actriz se dej\u00f3 ver en las gradas ataviada con el look perfecto de entretiempo y que, sin duda, marcar\u00e1 los pr\u00f3ximos meses: <strong data-node-id=\"10.4\">la chaqueta de punto que ser\u00e1 tendencia este oto\u00f1o<\/strong> (y que es un b\u00e1sico que funciona siempre)<strong data-node-id=\"10.6\">, <\/strong>vaqueros de lavado claro, cintur\u00f3n de hebilla XL, melena rubia con cita y recogido y gafas de sol. Un look de inspiraci\u00f3n a\u00f1os 90 que a pesar de su simplicidad re\u00fane muchas de las tendencias que marcar\u00e1n el oto\u00f1o.<\/p>\n<p data-journey-content=\"true\" data-node-id=\"15\" class=\"css-1ood0zq emevuu60\">Si bien la actriz ha llevado la <strong data-node-id=\"15.1\"><a href=\"https:\/\/www.harpersbazaar.com\/es\/moda\/compras\/g69830625\/chaquetas-jerseis-tops-punto-basico-invierno-moda-mujer\/\" target=\"_blank\" data-vars-ga-outbound-link=\"https:\/\/www.harpersbazaar.com\/es\/moda\/compras\/g69830625\/chaquetas-jerseis-tops-punto-basico-invierno-moda-mujer\/\" data-vars-ga-ux-element=\"Hyperlink\" data-vars-ga-call-to-action=\"chaqueta de punto\" data-node-id=\"15.1.0\" class=\"body-link css-1eciz3n emevuu60\" rel=\"nofollow noopener\">chaqueta de punto<\/a> <\/strong>a su terreno dejando varios botones desabrochados, lo cierto es que esta prenda funciona en muchos m\u00e1s registros y versiones: sobre una sencilla camiseta b\u00e1sica, acompa\u00f1ando un <a href=\"https:\/\/www.harpersbazaar.com\/es\/moda\/compras\/a73541093\/vestidos-negros-bonitos-massimo-dutti-mango-zara-tendencia-moda-otono\/\" target=\"_blank\" data-vars-ga-outbound-link=\"https:\/\/www.harpersbazaar.com\/es\/moda\/compras\/a73541093\/vestidos-negros-bonitos-massimo-dutti-mango-zara-tendencia-moda-otono\/\" data-vars-ga-ux-element=\"Hyperlink\" data-vars-ga-call-to-action=\"vestido de entretiempo\" data-node-id=\"15.3\" class=\"body-link css-1eciz3n emevuu60\" rel=\"nofollow noopener\">vestido de entretiempo<\/a> para adaptarlo a la bajada de temperaturas o completamente abrochada con unos vaqueros, prenda por la que ha apostado ella.<\/p>\n<p data-journey-content=\"true\" data-node-id=\"20\" class=\"css-1ood0zq emevuu60\">La aparici\u00f3n de Exp\u00f3sito en el estadio en el estadio llega, adem\u00e1s, en un momento de creciente naturalidad p\u00fablica para la pareja. Este mismo fin de semana ambos han sido fotografiados paseando de la mano por las calles de Madrid y cenando juntos,<strong data-node-id=\"20.1\"> dejando atr\u00e1s buena parte de la discreci\u00f3n<\/strong> que hab\u00eda marcado hasta ahora sus apariciones. <\/p>\n<p data-journey-content=\"true\" data-node-id=\"25\" class=\"css-1ood0zq emevuu60\">En su entrevista con esta cabecera como parte del reportaje con el que protagoniza la portada del n\u00famero de septiembre, Exp\u00f3sito confes\u00f3 lo que m\u00e1s valora en un hombre. <strong data-node-id=\"25.1\">\u00abEs la inteligencia emocional, la sensibilidad y el sentido del humor; son cosas que enganchan. <\/strong>Que tenga conciencia de c\u00f3mo est\u00e1 el mundo, que no sea inmune al caos y las injusticias que nos rodean\u00bb, a\u00f1adi\u00f3 la int\u00e9rprete. A juzgar por c\u00f3mo evoluciona su relaci\u00f3n con la estrella del f\u00fatbol y su aparici\u00f3n en el Bernab\u00e9u ante los ojos de millones de espectadores, no cabe duda de que Mbapp\u00e9 debe cumplir estas cualidades.<\/p>\n<p>D\u00f3nde comprar la chaqueta de punto de Ester Exp\u00f3sito que arrasar\u00e1 este oto\u00f1o<\/p>\n<p data-journey-content=\"true\" data-node-id=\"30\" class=\"css-1ood0zq emevuu60\">Si bien hay numerosas tiendas que venden chaquetas similares a la de Exp\u00f3sito, una de las mejores opciones para copiar su look es <strong data-node-id=\"30.1\">Zara. <\/strong>El gigante de Inditex tiene una chaqueta negra con botones muy similar a la de la actriz por<strong data-node-id=\"30.3\"> 22,95 euros.<\/strong><\/p>\n<p>Zara : CHAQUETA PUNTO ESCOTE PICO<a target=\"_blank\" rel=\"nofollow noopener\" data-theme-key=\"product-image-wrapper\" href=\"https:\/\/www.zara.com\/es\/es\/chaqueta-punto-escote-pico-p00244101.html?v1=584074984\" aria-label=\"23\u00a0\u20ac en ZARA for : CHAQUETA PUNTO ESCOTE PICO\" data-href=\"https:\/\/www.zara.com\/es\/es\/chaqueta-punto-escote-pico-p00244101.html?v1=584074984\" data-product-url=\"https:\/\/www.zara.com\/es\/es\/chaqueta-punto-escote-pico-p00244101.html?v1=584074984\" data-affiliate=\"false\" data-affiliate-network=\"\" data-fp-affiliate-inline-link=\"false\" data-fp-affiliate-button-link=\"false\" data-vars-ga-call-to-action=\"23\u00a0\u20ac en ZARA\" data-vars-ga-media-role=\"\" data-vars-ga-media-type=\"Single Product Embed\" data-vars-ga-outbound-link=\"https:\/\/www.zara.com\/es\/es\/chaqueta-punto-escote-pico-p00244101.html?v1=584074984\" data-vars-ga-product-brand=\"Zara\" data-vars-ga-product-id=\"8e722c35-b077-427e-ada1-0b5a68584d62\" data-vars-ga-product-price=\"22,95\u00a0\u20ac\" data-vars-ga-product-retailer-id=\"c15c2c25-a344-432b-8358-3d3601a4dffb\" data-vars-ga-product-sem3-brand=\"Zara\" data-vars-ga-link-treatment=\"(not set) | (not set)\" class=\"product-image-link ebgq4gw7 e12px3ys0 css-g6od0w e1socmtw0\" data-><img  alt=\": CHAQUETA PUNTO ESCOTE PICO\" title=\": CHAQUETA PUNTO ESCOTE PICO\" data-fp-product-image=\"true\" datafptag=\"data-fp-product-image\" src=\"https:\/\/www.europesays.com\/es\/wp-content\/uploads\/2026\/08\/1788109177-42c8f2e2-fa00-484b-a845-b978980262f7.jpg\" width=\"882\" height=\"1240\" decoding=\"async\" loading=\"lazy\"\/><\/a>Zara : CHAQUETA PUNTO ESCOTE PICOCr\u00e9dito: DR<\/p>\n","protected":false},"excerpt":{"rendered":"Despu\u00e9s de dejarse ver este verano en distintos destinos europeos o protagonizando un beso de pel\u00edcula en alta&hellip;\n","protected":false},"author":2,"featured_media":739479,"comment_status":"","ping_status":"","sticky":false,"template":"","format":"standard","meta":{"footnotes":""},"categories":[174],"tags":[1655,255,253,146,147,25,24,256,23],"class_list":["post-739478","post","type-post","status-publish","format-standard","has-post-thumbnail","category-famosos","tag-afiliacion","tag-celebrities","tag-discover","tag-entertainment","tag-entretenimiento","tag-es","tag-espana","tag-famosos","tag-spain"],"share_on_mastodon":{"url":"https:\/\/pubeurope.com\/@es\/117187479069142543","error":""},"_links":{"self":[{"href":"https:\/\/www.europesays.com\/es\/wp-json\/wp\/v2\/posts\/739478","targetHints":{"allow":["GET"]}}],"collection":[{"href":"https:\/\/www.europesays.com\/es\/wp-json\/wp\/v2\/posts"}],"about":[{"href":"https:\/\/www.europesays.com\/es\/wp-json\/wp\/v2\/types\/post"}],"author":[{"embeddable":true,"href":"https:\/\/www.europesays.com\/es\/wp-json\/wp\/v2\/users\/2"}],"replies":[{"embeddable":true,"href":"https:\/\/www.europesays.com\/es\/wp-json\/wp\/v2\/comments?post=739478"}],"version-history":[{"count":0,"href":"https:\/\/www.europesays.com\/es\/wp-json\/wp\/v2\/posts\/739478\/revisions"}],"wp:featuredmedia":[{"embeddable":true,"href":"https:\/\/www.europesays.com\/es\/wp-json\/wp\/v2\/media\/739479"}],"wp:attachment":[{"href":"https:\/\/www.europesays.com\/es\/wp-json\/wp\/v2\/media?parent=739478"}],"wp:term":[{"taxonomy":"category","embeddable":true,"href":"https:\/\/www.europesays.com\/es\/wp-json\/wp\/v2\/categories?post=739478"},{"taxonomy":"post_tag","embeddable":true,"href":"https:\/\/www.europesays.com\/es\/wp-json\/wp\/v2\/tags?post=739478"}],"curies":[{"name":"wp","href":"https:\/\/api.w.org\/{rel}","templated":true}]}}