{"id":739504,"date":"2026-08-31T01:44:14","date_gmt":"2026-08-31T01:44:14","guid":{"rendered":"https:\/\/www.europesays.com\/es\/739504\/"},"modified":"2026-08-31T01:44:14","modified_gmt":"2026-08-31T01:44:14","slug":"asi-ha-sido-el-gol-con-suspense-de-sinan-bakis-contra-el-real-zaragoza","status":"publish","type":"post","link":"https:\/\/www.europesays.com\/es\/739504\/","title":{"rendered":"As\u00ed ha sido el gol, con suspense, de Sinan Bakis contra el Real Zaragoza"},"content":{"rendered":"<p class=\"c-paragraph\"><a href=\"https:\/\/www.heraldo.es\/noticias\/deportes\/futbol\/real-zaragoza\/2026\/08\/30\/partido-nastic-tarragona-real-zaragoza-directo-2048184.html\" rel=\"nofollow noopener\" target=\"_blank\">Era la comidilla desde el d\u00eda que se conoci\u00f3 su fichaje por el N\u00e1stic de Tarragona. <\/a>Desde entonces y desde que el calendario dict\u00f3 el duelo entre tarraconenses y ma\u00f1os en la jornada inicial, todos tem\u00edamos que Sinan Bakis hiciera alguno de los goles que no marc\u00f3 con la camiseta blanquilla.<\/p>\n<p class=\"c-paragraph\">Y bast\u00f3 un minuto y medio para que los miedos tuvieran fundamento. Volvieron los p\u00e9simos recuerdos del bal\u00f3n parado del a\u00f1o pasado, por donde se desangraron tres cuartos de la permanencia y en una faltada mandada al \u00e1rea por otro ex como Eugeni Valderrama, <b>el delantero turco-alem\u00e1n entr\u00f3 libre de marca, y de certero cabezazo no perdon\u00f3 para batir a un Westerveld que nada pudo hacer. La jugada fue revisada por el VFS (el VAR de Primera Federaci\u00f3n) por un posible fuera de juego, pero el tanto fue dado por bueno. Y es que en este tercer nivel salvo que los errores sean clamorosos, los colegiados no suelen dar marcha atr\u00e1s a sus decisiones iniciales.<\/b><\/p>\n<p class=\"c-paragraph\">El jugador, que fue uno m\u00e1s de los m\u00faltiples fiascos en forma de fichajes que han pasado por la capital ma\u00f1a, <b>vino con el aura de haber anotado 12 goles en su anterior campa\u00f1a en el FC Andorra, pero aqu\u00ed todo le sali\u00f3 fatal.<\/b><\/p>\n<p class=\"c-paragraph\">En su primer a\u00f1o como zaragocista se qued\u00f3 sin marcar y al a\u00f1o siguiente fue cedido al Gorkik Zabrze polaco, donde apenas jug\u00f3. Volvi\u00f3 a Zaragoza el fat\u00eddico curso pasado, donde no cont\u00f3 hasta la llegada de Rub\u00e9n Sell\u00e9s. Anot\u00f3 en Eibar y en El Plant\u00edo burgal\u00e9s. <b>Tras el cese de Sell\u00e9s, regres\u00f3 al m\u00e1s profundo fondo de armario.<\/b><\/p>\n<p class=\"c-paragraph\"><b>Mazazo a las primeras de cambio para un Real Zaragoza que ha recibido un bautismo inesperado en el Nou Estadi Costa Dourada<\/b> en una categor\u00eda que ya se ve que no va a perdonar los errores.<\/p>\n","protected":false},"excerpt":{"rendered":"Era la comidilla desde el d\u00eda que se conoci\u00f3 su fichaje por el N\u00e1stic de Tarragona. Desde entonces&hellip;\n","protected":false},"author":2,"featured_media":739505,"comment_status":"","ping_status":"","sticky":false,"template":"","format":"standard","meta":{"footnotes":""},"categories":[93],"tags":[8722,24171,168,25,24,3689,1080,6746,23,167],"class_list":["post-739504","post","type-post","status-publish","format-standard","has-post-thumbnail","category-deportes","tag-asi","tag-con","tag-deportes","tag-es","tag-espana","tag-gol","tag-ha","tag-sido","tag-spain","tag-sports"],"share_on_mastodon":{"url":"https:\/\/pubeurope.com\/@es\/117187593428003728","error":""},"_links":{"self":[{"href":"https:\/\/www.europesays.com\/es\/wp-json\/wp\/v2\/posts\/739504","targetHints":{"allow":["GET"]}}],"collection":[{"href":"https:\/\/www.europesays.com\/es\/wp-json\/wp\/v2\/posts"}],"about":[{"href":"https:\/\/www.europesays.com\/es\/wp-json\/wp\/v2\/types\/post"}],"author":[{"embeddable":true,"href":"https:\/\/www.europesays.com\/es\/wp-json\/wp\/v2\/users\/2"}],"replies":[{"embeddable":true,"href":"https:\/\/www.europesays.com\/es\/wp-json\/wp\/v2\/comments?post=739504"}],"version-history":[{"count":0,"href":"https:\/\/www.europesays.com\/es\/wp-json\/wp\/v2\/posts\/739504\/revisions"}],"wp:featuredmedia":[{"embeddable":true,"href":"https:\/\/www.europesays.com\/es\/wp-json\/wp\/v2\/media\/739505"}],"wp:attachment":[{"href":"https:\/\/www.europesays.com\/es\/wp-json\/wp\/v2\/media?parent=739504"}],"wp:term":[{"taxonomy":"category","embeddable":true,"href":"https:\/\/www.europesays.com\/es\/wp-json\/wp\/v2\/categories?post=739504"},{"taxonomy":"post_tag","embeddable":true,"href":"https:\/\/www.europesays.com\/es\/wp-json\/wp\/v2\/tags?post=739504"}],"curies":[{"name":"wp","href":"https:\/\/api.w.org\/{rel}","templated":true}]}}