{"id":739512,"date":"2026-08-31T01:48:24","date_gmt":"2026-08-31T01:48:24","guid":{"rendered":"https:\/\/www.europesays.com\/es\/739512\/"},"modified":"2026-08-31T01:48:24","modified_gmt":"2026-08-31T01:48:24","slug":"el-fin-de-una-era-en-whatsapp-este-es-el-emoji-que-ha-destronado-al-numero-uno-hasta-ahora","status":"publish","type":"post","link":"https:\/\/www.europesays.com\/es\/739512\/","title":{"rendered":"El fin de una era en WhatsApp: este es el emoji que ha destronado al n\u00famero uno hasta ahora"},"content":{"rendered":"<p class=\"ft-text\">Los <strong>emojis llevan a\u00f1os formando parte de la comunicaci\u00f3n cotidiana<\/strong> y su significado no deja de evolucionar. Seg\u00fan un an\u00e1lisis de &#8216;The New York Times&#8217; basado en nuevos datos de uso de Google,<strong> la cara llorando a gritos,<\/strong> se convirti\u00f3 en 2025 en el emoji m\u00e1s utilizado del mundo, por delante de la cara llorando de risa y la cara con l\u00e1grimas de alegr\u00eda. <\/p>\n<p class=\"ft-text\">Los datos proceden de una<strong> muestra an\u00f3nima de 665 millones de emojis utilizados en Gboard<\/strong>, el teclado de Google presente en millones de dispositivos Android. Seg\u00fan esta informaci\u00f3n, la cara llorando a gritos escal\u00f3 hasta el primer puesto despu\u00e9s de que la cara llorando de risa liderara la clasificaci\u00f3n durante los \u00faltimos a\u00f1os.<\/p>\n<p class=\"ft-text\">El cambio no significa necesariamente que la gente est\u00e9 m\u00e1s triste. Al contrario: entre los usuarios m\u00e1s j\u00f3venes, la cara llorando a gritos se ha convertido en una <strong>especie de emoji comod\u00edn para expresar que algo resulta extremadamente gracioso, emotivo, vergonzoso o incluso absurdo. <\/strong>Su significado depende cada vez m\u00e1s del contexto.<\/p>\n<p>Los j\u00f3venes cambian el lenguaje de los emojis<\/p>\n<p class=\"ft-text\">Los expertos en ling\u00fc\u00edstica se\u00f1alan que los adolescentes suelen estar a la vanguardia de los cambios en el lenguaje. En internet, adem\u00e1s, <strong>las nuevas generaciones utilizan los emojis <\/strong>para diferenciarse y crear c\u00f3digos propios dentro de sus comunidades.<\/p>\n<p class=\"ft-text\">As\u00ed, mientras los emojis cara con l\u00e1grimas de alegr\u00eda y cara llorando de risa han quedado asociados en algunos c\u00edrculos a generaciones mayores, los j\u00f3venes han incorporado nuevas alternativas. La calavera, por ejemplo, se utiliza para expresar que algo ha provocado tanta risa que<strong> uno \u00abse ha muerto\u00bb<\/strong>, aunque su popularidad entre los adolescentes cay\u00f3 despu\u00e9s de experimentar un fuerte crecimiento.<\/p>\n<p class=\"ft-text\">Tambi\u00e9n han ganado posiciones emojis como cabeza de piedra, utilizado para transmitir una <strong>reacci\u00f3n inexpresiva<\/strong>, o flor marchita, que se ha convertido en una<strong> forma de expresar tristeza o desamor<\/strong>. Este \u00faltimo fue precisamente el emoji que m\u00e1s creci\u00f3 proporcionalmente en 2025, al alcanzar el puesto 93 del ranking.<\/p>\n<p>Un lenguaje que cambia constantemente<\/p>\n<p class=\"ft-text\">Aunque existen m\u00e1s de 3.600 emojis, <strong>los diez primeros<\/strong> concentran alrededor del 36% de todos los usos. Tras la cara llorando de risa y la cara con l\u00e1grimas de alegr\u00eda,  mientras que el coraz\u00f3n rojo ocupa la cuarta posici\u00f3n y las manos juntas rezando sube hasta la quinta.<\/p>\n<p class=\"ft-text\">La evoluci\u00f3n demuestra que, aunque las emociones que queremos transmitir permanecen relativamente estables,<strong> los s\u00edmbolos que utilizamos para expresarlas <\/strong>cambian con las generaciones. De hecho, algunos j\u00f3venes est\u00e1n empezando incluso a sustituir los emojis por<strong> stickers, memes e im\u00e1genes<\/strong> personalizadas que funcionan como c\u00f3digos compartidos dentro de determinados grupos.<\/p>\n<p class=\"ft-text\">El<strong> lenguaje digital<\/strong>, por tanto, est\u00e1 lejos de ser est\u00e1tico. Lo que hoy parece imprescindible puede quedar desfasado en cuesti\u00f3n de meses. Y el emoji que ahora mismo est\u00e1 de moda puede acabar siendo, dentro de unos a\u00f1os, precisamente ese emoji que los m\u00e1s j\u00f3venes consideran demasiado usado.<\/p>\n","protected":false},"excerpt":{"rendered":"Los emojis llevan a\u00f1os formando parte de la comunicaci\u00f3n cotidiana y su significado no deja de evolucionar. Seg\u00fan&hellip;\n","protected":false},"author":2,"featured_media":739513,"comment_status":"","ping_status":"","sticky":false,"template":"","format":"standard","meta":{"footnotes":""},"categories":[80],"tags":[3194,7009,82,57548,4482,95,94,131267,25,24,48817,5003,433,23,137],"class_list":["post-739512","post","type-post","status-publish","format-standard","has-post-thumbnail","category-economia","tag-adolescentes","tag-android","tag-business","tag-comunicacion-digital","tag-dv","tag-economia","tag-economy","tag-emojis","tag-es","tag-espana","tag-et","tag-google","tag-jovenes","tag-spain","tag-whatsapp"],"share_on_mastodon":{"url":"https:\/\/pubeurope.com\/@es\/117187609013999740","error":""},"_links":{"self":[{"href":"https:\/\/www.europesays.com\/es\/wp-json\/wp\/v2\/posts\/739512","targetHints":{"allow":["GET"]}}],"collection":[{"href":"https:\/\/www.europesays.com\/es\/wp-json\/wp\/v2\/posts"}],"about":[{"href":"https:\/\/www.europesays.com\/es\/wp-json\/wp\/v2\/types\/post"}],"author":[{"embeddable":true,"href":"https:\/\/www.europesays.com\/es\/wp-json\/wp\/v2\/users\/2"}],"replies":[{"embeddable":true,"href":"https:\/\/www.europesays.com\/es\/wp-json\/wp\/v2\/comments?post=739512"}],"version-history":[{"count":0,"href":"https:\/\/www.europesays.com\/es\/wp-json\/wp\/v2\/posts\/739512\/revisions"}],"wp:featuredmedia":[{"embeddable":true,"href":"https:\/\/www.europesays.com\/es\/wp-json\/wp\/v2\/media\/739513"}],"wp:attachment":[{"href":"https:\/\/www.europesays.com\/es\/wp-json\/wp\/v2\/media?parent=739512"}],"wp:term":[{"taxonomy":"category","embeddable":true,"href":"https:\/\/www.europesays.com\/es\/wp-json\/wp\/v2\/categories?post=739512"},{"taxonomy":"post_tag","embeddable":true,"href":"https:\/\/www.europesays.com\/es\/wp-json\/wp\/v2\/tags?post=739512"}],"curies":[{"name":"wp","href":"https:\/\/api.w.org\/{rel}","templated":true}]}}