{"id":739514,"date":"2026-08-31T01:49:21","date_gmt":"2026-08-31T01:49:21","guid":{"rendered":"https:\/\/www.europesays.com\/es\/739514\/"},"modified":"2026-08-31T01:49:21","modified_gmt":"2026-08-31T01:49:21","slug":"un-muerto-y-5-heridos-en-tiroteo-en-un-rave-en-suiza","status":"publish","type":"post","link":"https:\/\/www.europesays.com\/es\/739514\/","title":{"rendered":"Un muerto y 5 heridos en tiroteo en un rave en Suiza"},"content":{"rendered":"\n<p>GINEBRA\u00a0\u2014\u00a0Un tiroteo en un rave en el cant\u00f3n suizo septentrional de Argovia dej\u00f3 un muerto y cinco heridos la madrugada del domingo, indicaron la polic\u00eda local y medios de comunicaci\u00f3n. La polic\u00eda se\u00f1al\u00f3 que todav\u00eda est\u00e1 buscando a potencialmente m\u00e1s de un sospechoso.<\/p>\n<p>La polic\u00eda cantonal de Argovia escribi\u00f3 anteriormente en X que una joven de 22 a\u00f1os muri\u00f3 a causa de las heridas en el lugar. A\u00f1adi\u00f3 que cuatro hombres y una mujer, de entre 24 y 27 a\u00f1os, fueron trasladados al hospital con heridas que iban de leves a graves.<\/p>\n<p>Todas las v\u00edctimas son residentes de Suiza, aclar\u00f3 la polic\u00eda. Sus nombres no fueron divulgados debido a las normas suizas de privacidad.<\/p>\n<p>Sin embargo, la primera ministra italiana Giorgia Meloni identific\u00f3 el domingo por la noche a la mujer que muri\u00f3 y a otras dos v\u00edctimas como ciudadanos italianos.<\/p>\n<p>\u201cExpreso mis m\u00e1s profundas condolencias por la muerte de Maria Spinelli, la joven italiana que fue v\u00edctima del tr\u00e1gico tiroteo en Aarau, Suiza\u201d, escribi\u00f3 en X, identificando por su nombre a la mujer fallecida.<\/p>\n<p><strong>\u201cMis pensamientos tambi\u00e9n est\u00e1n con las otras personas heridas, entre las cuales hay dos ciudadanos italianos, y con todas las personas involucradas en este dram\u00e1tico evento\u201d, dijo, a\u00f1adiendo que conf\u00eda en \u201cel trabajo de las autoridades suizas para esclarecer plenamente lo ocurrido e identificar a los responsables\u201d.<\/strong> <\/p>\n<p><strong>Anteriormente el domingo en una rueda de prensa, la polic\u00eda de Argovia se\u00f1al\u00f3 que todas sus fuerzas estaban involucradas en encontrar al sospechoso o los sospechosos.<\/strong> <\/p>\n<p><strong>\u201c<\/strong> La b\u00fasqueda contin\u00faa sin parar y a toda velocidad\u201d, dijo a los periodistas el domingo por la tarde el portavoz policial Bernhard Graser.<\/p>\n<p>A\u00f1adi\u00f3 que la polic\u00eda a\u00fan no ten\u00eda informaci\u00f3n sobre posibles motivos. Cuando se le pregunt\u00f3 si podr\u00eda tratarse de un ataque terrorista, Graser dijo que \u201cel hecho de que el rave ya estuviera terminando sugiere que no es el caso. Una pelea tambi\u00e9n podr\u00eda ser una posibilidad\u201d.<\/p>\n<p>Los tiroteos p\u00fablicos son cosa inusual en este pa\u00eds alpino aunque la tenencia de armas de fuego es generalmente aceptada.<\/p>\n<p>\u201cEn cuanto a su naturaleza, este incidente es ciertamente \u00fanico en los \u00faltimos a\u00f1os\u201d, resalt\u00f3 Graser. \u201cA\u00fan no conocemos su alcance total, pero bas\u00e1ndonos puramente en las circunstancias, es algo verdaderamente extraordinario. Por eso hay una enorme presencia policial\u201d.<\/p>\n<p>Otro portavoz policial, Pascal Wenzel, dijo a la radiotelevisi\u00f3n p\u00fablica suiza SRF que la polic\u00eda fue alertada alrededor de las 2:30 de la madrugada, hora local, sobre el tiroteo en Aarau, la capital del cant\u00f3n Argovia, a 46 kil\u00f3metros (29 millas) al oeste de Z\u00farich.<\/p>\n<p>En el momento del incidente, se celebraba el \u201cAarau Rave VOL. 7\u201d en el hip\u00f3dromo del distrito de Schachen, en Aarau, report\u00f3 SRF. Personal de bomberos acordon\u00f3 una amplia zona alrededor del lugar.<\/p>\n<p>Una gran operaci\u00f3n policial segu\u00eda en marcha el domingo por la tarde y se pidi\u00f3 a los residentes mantenerse alejados de la zona, que los investigadores rastreaban en busca de posibles v\u00ednculos relacionados con el crimen. Polic\u00edas, bomberos y ambulancias acudieron al lugar en gran n\u00famero. Incluso la polic\u00eda de Friburgo, en la vecina Alemania, particip\u00f3 en los esfuerzos de b\u00fasqueda del sospechoso, public\u00f3 la agencia de noticias alemana dpa.<\/p>\n<p>\u201cEn este momento, pr\u00e1cticamente toda la fuerza policial de Argovia est\u00e1 en las calles\u201d, dijo Graser, a\u00f1adiendo que no ten\u00edan informaci\u00f3n sobre d\u00f3nde podr\u00eda estar el sospechoso o los sospechosos. Sin embargo, la polic\u00eda descart\u00f3 la posibilidad de que pudieran representar una amenaza de nuevo.<\/p>\n<p>El diario suizo Blick report\u00f3 que los asistentes al rave inicialmente confundieron los disparos con fuegos artificiales hasta que alguien grit\u00f3 \u201ctodos al suelo\u201d.<\/p>\n<p>El peri\u00f3dico escribi\u00f3 que el tiroteo ocurri\u00f3 justo despu\u00e9s que terminara el evento. Posteriormente la polic\u00eda llev\u00f3 a los visitantes restantes a un gimnasio cercano, donde muchos fueron interrogados, de acuerdo con Graser.<\/p>\n<p>La polic\u00eda pidi\u00f3 a quien tenga video o fotos del incidente que los compartan con los investigadores.<\/p>\n<p>El Aargau Racing Club, que gestiona el hip\u00f3dromo, expres\u00f3 conmoci\u00f3n por el tiroteo.<\/p>\n<p>\u201cExtendemos nuestra m\u00e1s profunda simpat\u00eda a todos los afectados y sus familias, que enfrentan esta situaci\u00f3n dif\u00edcil y angustiosa\u201d, declar\u00f3 en su sitio web. \u201cNos gustar\u00eda agradecer a los servicios de emergencia y a todos los dem\u00e1s involucrados que trabajaron de manera profesional y con dedicaci\u00f3n en el lugar\u201d.<\/p>\n<p>El DJ suizo Tekibo, que estaba actuando en el rave, escribi\u00f3 en Instagram que \u201clo que pas\u00f3 en el rave de Aarau es absolutamente desgarrador\u201d.<\/p>\n<p>\u201cSe supone que el techno y los raves son un lugar de libertad y seguridad, nunca un lugar donde pase algo as\u00ed\u201d, a\u00f1adi\u00f3.<\/p>\n<p>Aarau tiene unos 22.300 habitantes. Se localiza a unos 30 kil\u00f3metros (18 millas) al sur de la frontera alemana.<\/p>\n<p>___<\/p>\n<p>Esta historia fue traducida del ingl\u00e9s por un editor de AP con ayuda de una herramienta de inteligencia artificial generativa.<\/p>\n","protected":false},"excerpt":{"rendered":"GINEBRA\u00a0\u2014\u00a0Un tiroteo en un rave en el cant\u00f3n suizo septentrional de Argovia dej\u00f3 un muerto y cinco heridos&hellip;\n","protected":false},"author":2,"featured_media":739515,"comment_status":"","ping_status":"","sticky":false,"template":"","format":"standard","meta":{"footnotes":""},"categories":[42],"tags":[131269,131268,5099,17,18,1053,13,14,131270,11,53,61,62,63,64,2872,19,20,2676,9,10,15,16,586,15118,19252,15038,6679,6773,12,21,22,14281,65,66,67],"class_list":["post-739514","post","type-post","status-publish","format-standard","has-post-thumbnail","category-internacional","tag-aarau","tag-argovia","tag-artificial","tag-breaking-news","tag-breakingnews","tag-domingo","tag-featured-news","tag-featurednews","tag-graser","tag-headlines","tag-herido","tag-internacional","tag-international","tag-international-news","tag-internationalnews","tag-italiano","tag-latest-news","tag-latestnews","tag-lugar","tag-news","tag-noticias","tag-noticias-destacadas","tag-noticiasdestacadas","tag-policia","tag-policial","tag-rave","tag-sospechoso","tag-suiza","tag-tiroteo","tag-titulares","tag-ultimas-noticias","tag-ultimasnoticias","tag-victima","tag-world","tag-world-news","tag-worldnews"],"share_on_mastodon":{"url":"https:\/\/pubeurope.com\/@es\/117187613059326188","error":""},"_links":{"self":[{"href":"https:\/\/www.europesays.com\/es\/wp-json\/wp\/v2\/posts\/739514","targetHints":{"allow":["GET"]}}],"collection":[{"href":"https:\/\/www.europesays.com\/es\/wp-json\/wp\/v2\/posts"}],"about":[{"href":"https:\/\/www.europesays.com\/es\/wp-json\/wp\/v2\/types\/post"}],"author":[{"embeddable":true,"href":"https:\/\/www.europesays.com\/es\/wp-json\/wp\/v2\/users\/2"}],"replies":[{"embeddable":true,"href":"https:\/\/www.europesays.com\/es\/wp-json\/wp\/v2\/comments?post=739514"}],"version-history":[{"count":0,"href":"https:\/\/www.europesays.com\/es\/wp-json\/wp\/v2\/posts\/739514\/revisions"}],"wp:featuredmedia":[{"embeddable":true,"href":"https:\/\/www.europesays.com\/es\/wp-json\/wp\/v2\/media\/739515"}],"wp:attachment":[{"href":"https:\/\/www.europesays.com\/es\/wp-json\/wp\/v2\/media?parent=739514"}],"wp:term":[{"taxonomy":"category","embeddable":true,"href":"https:\/\/www.europesays.com\/es\/wp-json\/wp\/v2\/categories?post=739514"},{"taxonomy":"post_tag","embeddable":true,"href":"https:\/\/www.europesays.com\/es\/wp-json\/wp\/v2\/tags?post=739514"}],"curies":[{"name":"wp","href":"https:\/\/api.w.org\/{rel}","templated":true}]}}