{"id":739518,"date":"2026-08-31T01:51:18","date_gmt":"2026-08-31T01:51:18","guid":{"rendered":"https:\/\/www.europesays.com\/es\/739518\/"},"modified":"2026-08-31T01:51:18","modified_gmt":"2026-08-31T01:51:18","slug":"estados-unidos-ataca-posiciones-iranies-en-la-isla-de-larek-y-deja-al-menos-dos-muertos","status":"publish","type":"post","link":"https:\/\/www.europesays.com\/es\/739518\/","title":{"rendered":"Estados Unidos ataca posiciones iran\u00edes en la isla de Larek y deja al menos dos muertos"},"content":{"rendered":"<p class=\"article-text\">\n        La Guardia Revolucionaria iran\u00ed comunic\u00f3 en la madrugada del lunes ataques de Estados Unidos contra la isla de Larek, seg\u00fan han informado medios locales y han confirmado fuentes estadounidenses al diario digital Axios.\n    <\/p>\n<p class=\"article-text\">\n        En un comunicado difundido por las agencias iran\u00edes Fars y Tasnim, vinculadas a la Guardia Revolucionaria, el portavoz de este cuerpo de \u00e9lite asegur\u00f3 que esta \u201cagresi\u00f3n terrorista\u201d ser\u00e1 \u201ccastigada\u201d.\n    <\/p>\n<p class=\"article-text\">\n        El mensaje indica que el ataque han sido perpetrado con drones y que han dejado muertos y heridos, sin especificar las cifras. Algunos medios como la agencia turca Anadolu apuntan a que el ataque se habr\u00eda saldado con la muerte de dos iran\u00edes.\n    <\/p>\n<p class=\"article-text\">\n        La isla de Larek se encuentra cerca del estrecho de Ormuz, lugar estrat\u00e9gico para el tr\u00e1nsito de petr\u00f3leo global y escenario de disputa entre Ir\u00e1n y Estados Unidos desde el inicio de la guerra.\n    <\/p>\n<p class=\"article-text\">\n        En otro comunicado posterior, un portavoz de la Guardia Revolucionaria tach\u00f3 el ataque de \u201cerror estrat\u00e9gico y fatal\u201d.\n    <\/p>\n<p class=\"article-text\">\n        La televisi\u00f3n qatar\u00ed Al Jazeera hab\u00eda recogido previamente la informaci\u00f3n de un oficial del Ej\u00e9rcito estadounidense que aseguraba que el objetivo de Washington eran dos lanzacohetes iran\u00edes apostados en la isla, en l\u00ednea con la informaci\u00f3n publicada por Axios.\n    <\/p>\n<p class=\"article-text\">\n        El de hoy es el primer ataque del que se tiene constancia desde finales del mes de julio, cuando los medios informaron de bombardeos contra decenas de objetivos militares de la Guardia Revolucionaria iran\u00ed.\n    <\/p>\n<p class=\"article-text\">\n        Tras el colapso de las conversaciones para alcanzar la paz y tras expirar el alto el fuego y el plazo de 60 d\u00edas para tratar de lograr una salida negociada al conflicto, Washington anunci\u00f3 un nuevo y severo paquete de sanciones contra Teher\u00e1n, apuntando a que su Administraci\u00f3n iba a optar principalmente por la presi\u00f3n econ\u00f3mica.\n    <\/p>\n<p>    <a href=\"https:\/\/www.eldiario.es\/internacional\/vida-iran-paso-guerra-he-aprendido-facil-borren-mundo_1_13473548.html\" data-mrf-recirculation=\"saber-mas-abajo\" data-dl-event=\"saber-mas-abajo\" rel=\"nofollow noopener\" target=\"_blank\"><\/p>\n<p class=\"know-more__title\">La vida en Ir\u00e1n al paso de la guerra: \u201cHe aprendido lo f\u00e1cil que es que te borren del mundo\u201d<\/p>\n<p>            <img decoding=\"async\" class=\"lazy\" loading=\"lazy\" data-src=\"https:\/\/static.eldiario.es\/clip\/c7a79d55-87c2-45f4-a347-29b594cd87fe_16-9-aspect-ratio_default_0_x1602y687.jpg\" src=\"data:image\/svg+xml,%3Csvg xmlns=\" http:=\"\" viewbox=\"0 0 880 495\" alt=\"La vida en Ir\u00e1n al paso de la guerra: &quot;He aprendido lo f\u00e1cil que es que te borren del mundo&quot;\"\/><\/p>\n<p>                        <\/a><\/p>\n<p class=\"article-text\">\n        Sin embargo, el secretario de Guerra estadounidense, Pete Hegseth, sali\u00f3 despu\u00e9s al paso para aclarar que el Pent\u00e1gono no descartaba seguir llevando a cabo \u201cataques cin\u00e9ticos\u201d si fuera necesario.\n    <\/p>\n","protected":false},"excerpt":{"rendered":"La Guardia Revolucionaria iran\u00ed comunic\u00f3 en la madrugada del lunes ataques de Estados Unidos contra la isla de&hellip;\n","protected":false},"author":2,"featured_media":739519,"comment_status":"","ping_status":"","sticky":false,"template":"","format":"standard","meta":{"footnotes":""},"categories":[5],"tags":[5668,17,18,25,24,4217,13,14,11,98995,3643,131271,19,20,9,10,15,16,13948,23,12,21,22,4218],"class_list":["post-739518","post","type-post","status-publish","format-standard","has-post-thumbnail","category-titulares","tag-ataca","tag-breaking-news","tag-breakingnews","tag-es","tag-espana","tag-estados","tag-featured-news","tag-featurednews","tag-headlines","tag-iranies","tag-isla","tag-larek","tag-latest-news","tag-latestnews","tag-news","tag-noticias","tag-noticias-destacadas","tag-noticiasdestacadas","tag-posiciones","tag-spain","tag-titulares","tag-ultimas-noticias","tag-ultimasnoticias","tag-unidos"],"share_on_mastodon":{"url":"https:\/\/pubeurope.com\/@es\/117187620791833554","error":""},"_links":{"self":[{"href":"https:\/\/www.europesays.com\/es\/wp-json\/wp\/v2\/posts\/739518","targetHints":{"allow":["GET"]}}],"collection":[{"href":"https:\/\/www.europesays.com\/es\/wp-json\/wp\/v2\/posts"}],"about":[{"href":"https:\/\/www.europesays.com\/es\/wp-json\/wp\/v2\/types\/post"}],"author":[{"embeddable":true,"href":"https:\/\/www.europesays.com\/es\/wp-json\/wp\/v2\/users\/2"}],"replies":[{"embeddable":true,"href":"https:\/\/www.europesays.com\/es\/wp-json\/wp\/v2\/comments?post=739518"}],"version-history":[{"count":0,"href":"https:\/\/www.europesays.com\/es\/wp-json\/wp\/v2\/posts\/739518\/revisions"}],"wp:featuredmedia":[{"embeddable":true,"href":"https:\/\/www.europesays.com\/es\/wp-json\/wp\/v2\/media\/739519"}],"wp:attachment":[{"href":"https:\/\/www.europesays.com\/es\/wp-json\/wp\/v2\/media?parent=739518"}],"wp:term":[{"taxonomy":"category","embeddable":true,"href":"https:\/\/www.europesays.com\/es\/wp-json\/wp\/v2\/categories?post=739518"},{"taxonomy":"post_tag","embeddable":true,"href":"https:\/\/www.europesays.com\/es\/wp-json\/wp\/v2\/tags?post=739518"}],"curies":[{"name":"wp","href":"https:\/\/api.w.org\/{rel}","templated":true}]}}