{"id":739520,"date":"2026-08-31T01:56:14","date_gmt":"2026-08-31T01:56:14","guid":{"rendered":"https:\/\/www.europesays.com\/es\/739520\/"},"modified":"2026-08-31T01:56:14","modified_gmt":"2026-08-31T01:56:14","slug":"safiullin-primer-escollo-para-un-rehabilitado-alcaraz-en-el-us-open","status":"publish","type":"post","link":"https:\/\/www.europesays.com\/es\/739520\/","title":{"rendered":"Safiullin, primer escollo para un rehabilitado Alcaraz en el US Open"},"content":{"rendered":"<p style=\"\">M\u00e1s de cuatro meses despu\u00e9s, <a href=\"https:\/\/www.laverdad.es\/carlos-alcaraz\/\" title=\"\" data-voc-vtm-id=\"in-text-traffic\" data-mrf-link=\"www.laverdad.es\" rel=\"nofollow noopener\" target=\"_blank\">Carlos Alcaraz<\/a> vuelve al circuito. El murciano afronta este lunes su esperado debut en el <a href=\"https:\/\/www.laverdad.es\/carlos-alcaraz\/carlos-alcaraz-volver-open-desafio-preparado-20260828200313-nt.html\" title=\"\" data-voc-vtm-id=\"in-text-traffic\" data-mrf-link=\"www.laverdad.es\" rel=\"nofollow noopener\" target=\"_blank\">US Open 2026<\/a>  &#8230; ante Roman Safiullin (Movistar +, 19.00 horas) con la ilusi\u00f3n de quien ha pasado media temporada mirando el tenis desde fuera y con el desaf\u00edo de recuperar, cuanto antes, las sensaciones que le llevaron a conquistar Nueva York hace doce meses.<\/p>\n<p class=\"v-d-p\" style=\"\">La espera ha sido larga. Demasiado para un jugador acostumbrado a vivir pr\u00e1cticamente cada semana con una raqueta en la mano y a competir por los grandes t\u00edtulos del circuito. Desde aquel 14 de abril, cuando tuvo que retirarse ante Otto Virtanen en la segunda ronda del Barcelona Open por las molestias en su mu\u00f1eca derecha, Alcaraz ha tenido que recorrer un camino inesperado. M\u00e1s de cuatro meses de recuperaci\u00f3n, trabajo f\u00edsico, paciencia y muchas horas de entrenamiento antes de poder volver a sentir la tensi\u00f3n de un partido oficial. Hasta hace un par de semanas, de hecho, no sab\u00eda, si podr\u00eda competir en este US Open.<\/p>\n<p class=\"v-d-p\" style=\"\">Ahora llega el momento de la verdad. El murciano regresa al escenario del <a href=\"https:\/\/www.laverdad.es\/carlos-alcaraz\/camino-lleno-espinas-carlos-alcaraz-open-20260827184103-nt.html\" title=\"\" data-voc-vtm-id=\"in-text-traffic\" data-mrf-link=\"www.laverdad.es\" rel=\"nofollow noopener\" target=\"_blank\">\u00faltimo Grand Slam<\/a> de la temporada con la ambici\u00f3n intacta y con un objetivo tan evidente como complicado: volver a ganar el US Open. Para ello tendr\u00e1 que empezar desde cero, partido a partido, en un torneo que no concede margen para la relajaci\u00f3n y en el que cada ronda aumenta la exigencia. Nadie ha levantado el t\u00edtulo en Flushing Meadows sin haber disputado al menos uno de los dos Masters 1000 de preparaci\u00f3n, en Canad\u00e1 o Cincinnati.<\/p>\n<p class=\"v-a-t\">\nEl ruso, que ahora es el 98 del mundo, ya consigui\u00f3 imponerse al murciano en el Masters 1000 de Par\u00eds-Bercy en 2023\n<\/p>\n<p class=\"v-d-p\" style=\"\">La vuelta a la competici\u00f3n, en cualquier caso, ya se produjo la semana pasada en el dobles mixtos. Alcaraz salt\u00f3 a la pista junto a <a href=\"https:\/\/www.laverdad.es\/carlos-alcaraz\/alcaraz-serena-debutan-triunfo-dobles-mixto-20260825230931-nt.html\" title=\"\" data-voc-vtm-id=\"in-text-traffic\" data-mrf-link=\"www.laverdad.es\" rel=\"nofollow noopener\" target=\"_blank\">Serena Williams<\/a>, una pareja de enorme atractivo que despert\u00f3 una expectaci\u00f3n extraordinaria en Flushing Meadows. Ambos debutaron con victoria frente a los experimentados Lloyd Glasspool y Erin Routliffe.<\/p>\n<p>\nPrueba de fuego\n<\/p>\n<p class=\"v-d-p\" style=\"\">La aventura termin\u00f3 posteriormente en los cuartos de final, donde Alcaraz y Williams cedieron ante la pareja formada por Flavio Cobolli y Belinda Bencic. M\u00e1s all\u00e1 del resultado, aquellos encuentros sirvieron al murciano como primera toma de contacto con la competici\u00f3n despu\u00e9s de su prolongado par\u00f3n. El verdadero examen, sin embargo, comienza este lunes contra el ruso Safiullin.<\/p>\n<p class=\"v-d-p\" style=\"\">Porque el US Open ser\u00e1 muy diferente. Ya no habr\u00e1 margen para esconderse detr\u00e1s del componente festivo del dobles mixtos. Desde este lunes tocar\u00e1 lidiar con las dudas propias de cualquier regreso. La mu\u00f1eca derecha, el ritmo competitivo, la resistencia y la capacidad para soportar la tensi\u00f3n de los puntos importantes en partidos a cinco sets ser\u00e1n algunos de los interrogantes que comenzar\u00e1n a despejarse este lunes desde el primer intercambio.<\/p>\n<p class=\"v-d-p\" style=\"\">Su primer rival tampoco invita a confiarse. Roman Safiullin, actual n\u00famero 98 del mundo, conoce perfectamente lo que significa vencer a Alcaraz. El ruso ya consigui\u00f3 imponerse al espa\u00f1ol en el Masters 1000 de Par\u00eds-Bercy en 2023, en una de las derrotas m\u00e1s llamativas de aquella temporada para el entonces joven tenista murciano. Safiullin se llev\u00f3 aquel encuentro por 6-3 y 6-4, demostrando que su potencia y su capacidad para jugar de t\u00fa a t\u00fa desde el fondo de la pista pueden poner en problemas a Alcaraz.<\/p>\n<p class=\"v-d-p\" style=\"\">Tres a\u00f1os despu\u00e9s, el escenario ser\u00e1 completamente distinto, pero el recuerdo permanece. Alcaraz no podr\u00e1 permitirse un inicio dubitativo ante un jugador que sabe que ya fue capaz de encontrar la f\u00f3rmula para hacerle da\u00f1o. Alcaraz y su equipo no se f\u00edan. El ruso es un rival peligroso para una primera ronda. Y m\u00e1s a\u00fan tras tanto tiempo sin jugar.<\/p>\n<p>\nSentirse tenista\n<\/p>\n<p class=\"v-d-p\" style=\"\">Alcaraz necesita recuperar la sensaci\u00f3n de sentirse tenista de competici\u00f3n, de volver a disfrutar de los partidos y de comprobar que su mu\u00f1eca responde cuando la intensidad aumenta. Durante estas \u00faltimas semanas, el murciano ha ido dando pasos en esa direcci\u00f3n. Su regreso a los entrenamientos en el Club de Campo de El Palmar, donde pudo trabajar sobre pista y recuperar progresivamente las sensaciones, permiti\u00f3 comprobar que estaba sano.<\/p>\n<p class=\"v-d-p\" style=\"\">Safiullin ser\u00e1 el primer obst\u00e1culo de un camino que Alcaraz quiere prolongar hasta el domingo 13 de septiembre, pero antes tendr\u00e1 que superar el examen m\u00e1s importante: comprobar que vuelve a ser el Carlos Alcaraz competitivo que dej\u00f3 las pistas en abril. Y alejar los miedos de una posible reca\u00edda y otro par\u00f3n.<\/p>\n<p class=\"v-d-p\" style=\"\">En su equipo le recuerdan una y otra vez que est\u00e1 bien y que la lesi\u00f3n ya forma parte del pasado, pero ser\u00e1n las pistas de Flushing Meadows las encargadas de dictar sentencia sobre su verdadero estado. Carlitos est\u00e1 de vuelta y no renuncia a nada.<\/p>\n","protected":false},"excerpt":{"rendered":"M\u00e1s de cuatro meses despu\u00e9s, Carlos Alcaraz vuelve al circuito. El murciano afronta este lunes su esperado debut&hellip;\n","protected":false},"author":2,"featured_media":739521,"comment_status":"","ping_status":"","sticky":false,"template":"","format":"standard","meta":{"footnotes":""},"categories":[274],"tags":[4736,168,25,56088,24,977,103025,131272,23,167,327,326],"class_list":["post-739520","post","type-post","status-publish","format-standard","has-post-thumbnail","category-tenis","tag-alcaraz","tag-deportes","tag-es","tag-escollo","tag-espana","tag-primer","tag-rehabilitado","tag-safiullin","tag-spain","tag-sports","tag-tenis","tag-tennis"],"share_on_mastodon":{"url":"https:\/\/pubeurope.com\/@es\/117187640110329184","error":""},"_links":{"self":[{"href":"https:\/\/www.europesays.com\/es\/wp-json\/wp\/v2\/posts\/739520","targetHints":{"allow":["GET"]}}],"collection":[{"href":"https:\/\/www.europesays.com\/es\/wp-json\/wp\/v2\/posts"}],"about":[{"href":"https:\/\/www.europesays.com\/es\/wp-json\/wp\/v2\/types\/post"}],"author":[{"embeddable":true,"href":"https:\/\/www.europesays.com\/es\/wp-json\/wp\/v2\/users\/2"}],"replies":[{"embeddable":true,"href":"https:\/\/www.europesays.com\/es\/wp-json\/wp\/v2\/comments?post=739520"}],"version-history":[{"count":0,"href":"https:\/\/www.europesays.com\/es\/wp-json\/wp\/v2\/posts\/739520\/revisions"}],"wp:featuredmedia":[{"embeddable":true,"href":"https:\/\/www.europesays.com\/es\/wp-json\/wp\/v2\/media\/739521"}],"wp:attachment":[{"href":"https:\/\/www.europesays.com\/es\/wp-json\/wp\/v2\/media?parent=739520"}],"wp:term":[{"taxonomy":"category","embeddable":true,"href":"https:\/\/www.europesays.com\/es\/wp-json\/wp\/v2\/categories?post=739520"},{"taxonomy":"post_tag","embeddable":true,"href":"https:\/\/www.europesays.com\/es\/wp-json\/wp\/v2\/tags?post=739520"}],"curies":[{"name":"wp","href":"https:\/\/api.w.org\/{rel}","templated":true}]}}