{"id":739526,"date":"2026-08-31T02:01:33","date_gmt":"2026-08-31T02:01:33","guid":{"rendered":"https:\/\/www.europesays.com\/es\/739526\/"},"modified":"2026-08-31T02:01:33","modified_gmt":"2026-08-31T02:01:33","slug":"alfonso-gimenez-tahiti-vida-y-pasion-por-la-musica-en-huesca","status":"publish","type":"post","link":"https:\/\/www.europesays.com\/es\/739526\/","title":{"rendered":"Alfonso Gim\u00e9nez, &#8216;Tahit\u00ed&#8217;: vida y pasi\u00f3n por la m\u00fasica en Huesca"},"content":{"rendered":"<p class=\"c-paragraph\">La m\u00fasica est\u00e1 grabada en sus genes y sin ella no concibe la vida, y le enorgullece que gracias a su participaci\u00f3n en distintos grupos <b>ha podido conocer a figuras tan importantes<\/b> como <b>Celia Cruz<\/b>, <b>Raimundo Amador<\/b>, <b>Lola Flores<\/b>, <b>Kiko Veneno<\/b> o <b>Santiago Auser\u00f3n<\/b>, entre otros. \u201cSe puede vivir sin hacer deporte, pero no sin m\u00fasica. Y como ya dijo <b>Juanjo Javierre<\/b> en una entrevista: <b>se invent\u00f3 antes que la agricultura<\/b>\u201d, afirma convencido <b>Tahit\u00ed<\/b> que desde que naci\u00f3, \u201ccomo todos los gitanos\u201d, <b>atiende a su mote<\/b> y por \u00e9l <b>le conoce todo el mundo<\/b>. Y enfatiza que <b>disfruta \u201cde todos los g\u00e9neros<\/b>, desde boleros y pasodobles hasta canciones antiguas\u201d, las cuales redescubri\u00f3 tocando con un grupo de jubilados.<\/p>\n<p class=\"c-paragraph\">Al preguntarle por <b>su verdadero nombre<\/b>, ante la costumbre de no usarlo, duda unos segundos antes de responder: <b>Alfonso Gim\u00e9nez Gim\u00e9nez<\/b>, y como an\u00e9cdota cuenta que <b>cuando llegaban cartas a casa<\/b> para \u00e9l su madre preguntaba que \u201c\u00bfqui\u00e9n era ese hijo?\u201d.<\/p>\n<p class=\"c-paragraph\">Explica que <b>lo de Tahit\u00ed surgi\u00f3<\/b> cuando su padre \u201cque era lazarillo de <b>\u00c1ngel Gari<\/b> y lo acompa\u00f1aba a los sitios, un d\u00eda vio una figura que le hab\u00edan regalado y <b>era originaria de Tahit\u00ed<\/b>\u201d. En ese momento su madre estaba embarazada y tan ex\u00f3tica le pareci\u00f3 la palabra que dijo \u201csea chico o chica lo que nazca se llamar\u00e1 as\u00ed\u201d. A\u00f1ade que con lo a\u00f1os \u201cdurante el rodaje de un <b>documental con la Ronda de Bolta\u00f1a<\/b>\u201d descubrieron que \u201c<b>era un fetiche de la fertilidad<\/b>\u201d y bromea diciendo que su madre \u201c<b>tuvo 10 hijos<\/b> y si le llegan a regalar la figura igual habr\u00edan sido 25\u201d.<\/p>\n<p class=\"c-paragraph\">Tan asumida tiene esta identidad, que de joven <b>acudi\u00f3 al registro<\/b> para que <b>Tahit\u00ed fuera su nombre principal<\/b>, en lugar de Alfonso, y el funcionario le dijo \u201cno se puede. Ya se lo he dicho a tu padre las 10 veces que <b>ha venido para lo mismo<\/b>\u201d.<\/p>\n<p class=\"c-paragraph\"><b>A sus 56 a\u00f1os<\/b>, echa la vista atr\u00e1s y evoca \u201cuna infancia muy feliz\u201d porque <b>se cr\u00edo \u201cen la calle\u201d<\/b> viviendo en la zona de <b>Barrio Nuevo<\/b>, \u201cen la calle Amistad\u201d donde ya <b>hab\u00eda nacido su abuelo en 1900<\/b>. \u201cTodos somos muy huesquetas\u201d, remacha . Y habla de sus antepasados, de <b>un abuelo \u201cque ya era m\u00fasico\u201d<\/b> y su tatarabuelo \u201c<b>Santa Rata<\/b>, que aparec\u00eda en una de las historias que cont\u00f3 <b>Rafael Andolz<\/b> en su libro sobre el famoso <b>Pucham\u00e1n de Loarre<\/b>\u201d.<\/p>\n<p class=\"c-paragraph\"><b>A los 14 abandon\u00f3 el colegio<\/b>, aunque a\u00f1os m\u00e1s tarde <b>retom\u00f3 los estudios<\/b>, y estuvo \u201cen Educaci\u00f3n de Adultos, luego en Educaci\u00f3n Compensatoria\u201d\\u0010y cuando le contrataron en <b>C\u00e1ritas<\/b> como monitor de colonias urbanas, al pedirle que estuviera graduado <b>obtuvo el t\u00edtulo<\/b> \u201cen la <b>Escuela Miguel Hern\u00e1ndez<\/b>\u201d, y m\u00e1s adelante, cuando ya trabajaba <b>se sac\u00f3 el de Secundaria<\/b>.<\/p>\n<p class=\"c-paragraph\">No tard\u00f3 en <b>vincularse a los grupos de m\u00fasica<\/b> de la ciudad. \u201cPrimero con <b>Los Mestizos como percusionista, en el a\u00f1o 92<\/b>\u201d, con ellos hizo tres actuaciones y recuerda que cuando le preguntaron que \u201ccu\u00e1nto quer\u00eda cobrar\u201d \u00e9l les dijo que nada porque \u201cera una emoci\u00f3n impresionante estar con ellos\u201d. \u201cEn los 80 se hab\u00eda montado en Huesca el grupo <b>Los Tarantos<\/b> que llegaron a sacar un disco\u201d, y ese fue el aliciente para que <b>surgiera primero Chanela<\/b> y despu\u00e9s <b>Willi Gim\u00e9nez y Chanela<\/b>, y es que sus miembros quisieron imitar a sus hermanos mayores \u201cy no ser menos que ellos\u201d. Desde entonces <b>no han dejado \u201cde tocar juntos\u201d<\/b> y fueron \u201cde los \u00faltimos grupos en sacar uno cuando tener un disco era importante\u201d. Esta uni\u00f3n les proporcion\u00f3 muchas alegr\u00edas, visibilidad y un sin fin de an\u00e9cdotas, <b>tocaron con \u201cKetama, Kiko Veneno, Raimundo Amador<\/b>, Santiago Auser\u00f3n, C\u00f3mplices&#8230;\u201d, <b>Lola Flores los llev\u00f3 a su programa<\/b> en varias ocasiones y tambi\u00e9n conocieron a \u201cMar\u00eda Teresa Campos, Celia Cruz, Jesul\u00edn&#8230;\u201d. Y participaron \u201cen la inauguraci\u00f3n de la <b>sala Rev\u00f3lver de Madrid<\/b> con un mont\u00f3n de grupos\u201d.<\/p>\n<p class=\"c-paragraph\">M\u00e1s tarde Tahit\u00ed <b>se sum\u00f3 a varios proyectos de Juanjo Javierre<\/b> como <b>Sould Mondo<\/b> o <b>Nou Tempo<\/b> <b>llegando a viajar \u201ca Dinamarca, B\u00e9lgica y Holanda\u201d<\/b>\\u0010y tambi\u00e9n estuvieron \u201cen un bus de dos pisos en una gira de 10 d\u00edas por Espa\u00f1a con otros grupos\u201d. Y se\u00f1ala con orgullo que \u00e9l ha tenido \u201csuerte en esto de la m\u00fasica\u201d ya que <b>le ha permitido ganarse la vida<\/b>. En la actualidad es uno de los <b>componentes de El Mal de Sambito<\/b> \u201cpor la samba\u201d, matiza, con el que <b>tocan \u201cen todo tipo de eventos<\/b> y fiesta privadas de Huesca y alrededores\u201d.<\/p>\n<p class=\"c-paragraph\">Confiesa que siempre est\u00e1 \u201chaciendo cosas\u201d y enumera los <b>muchos trabajos que ha desempe\u00f1ado<\/b> \u201cmediador intercultural, alba\u00f1il, acomodador de cuerpos inertes o dicho de otra manera, <b>sepulturero<\/b> que suena m\u00e1s fino\u201d, comenta haciendo gala de su sentido del humor, y <b>actualmente es jardinero<\/b>. Tambi\u00e9n reconoce que pese a \u201clo gratificante que fue ense\u00f1ar a los chavales\u201d, \u00e9l <b>prefiere \u201ctareas al aire libre<\/b> mejor que estar quieto todo el rato\u201d.<\/p>\n<p class=\"c-paragraph\"><b>Est\u00e1 casado con Saray<\/b>, \u201cla m\u00e1s guapa de Huesca\u201d\\u0010y <b>tiene dos hijos<\/b> \u201cLuc\u00eda de 24 y Tahitito de 15\u201d al que <b>s\u00ed logr\u00f3 inscribir con ese nombre<\/b>, y le apena que <b>ninguno de los dos haya heredado su pasi\u00f3n<\/b> por la m\u00fasica y eso que llen\u00f3 \u201cla casa de instrumentos para ver si les gustaba alguno\u201d. l<\/p>\n","protected":false},"excerpt":{"rendered":"La m\u00fasica est\u00e1 grabada en sus genes y sin ella no concibe la vida, y le enorgullece que&hellip;\n","protected":false},"author":2,"featured_media":739527,"comment_status":"","ping_status":"","sticky":false,"template":"","format":"standard","meta":{"footnotes":""},"categories":[174],"tags":[131273,255,131276,146,147,25,24,256,1265,131275,185,23,131274],"class_list":["post-739526","post","type-post","status-publish","format-standard","has-post-thumbnail","category-famosos","tag-alfonso-gimenez","tag-celebrities","tag-chanela","tag-entertainment","tag-entretenimiento","tag-es","tag-espana","tag-famosos","tag-huesca","tag-los-mestizos","tag-musica","tag-spain","tag-tahiti"],"share_on_mastodon":{"url":"https:\/\/pubeurope.com\/@es\/117187660113766950","error":""},"_links":{"self":[{"href":"https:\/\/www.europesays.com\/es\/wp-json\/wp\/v2\/posts\/739526","targetHints":{"allow":["GET"]}}],"collection":[{"href":"https:\/\/www.europesays.com\/es\/wp-json\/wp\/v2\/posts"}],"about":[{"href":"https:\/\/www.europesays.com\/es\/wp-json\/wp\/v2\/types\/post"}],"author":[{"embeddable":true,"href":"https:\/\/www.europesays.com\/es\/wp-json\/wp\/v2\/users\/2"}],"replies":[{"embeddable":true,"href":"https:\/\/www.europesays.com\/es\/wp-json\/wp\/v2\/comments?post=739526"}],"version-history":[{"count":0,"href":"https:\/\/www.europesays.com\/es\/wp-json\/wp\/v2\/posts\/739526\/revisions"}],"wp:featuredmedia":[{"embeddable":true,"href":"https:\/\/www.europesays.com\/es\/wp-json\/wp\/v2\/media\/739527"}],"wp:attachment":[{"href":"https:\/\/www.europesays.com\/es\/wp-json\/wp\/v2\/media?parent=739526"}],"wp:term":[{"taxonomy":"category","embeddable":true,"href":"https:\/\/www.europesays.com\/es\/wp-json\/wp\/v2\/categories?post=739526"},{"taxonomy":"post_tag","embeddable":true,"href":"https:\/\/www.europesays.com\/es\/wp-json\/wp\/v2\/tags?post=739526"}],"curies":[{"name":"wp","href":"https:\/\/api.w.org\/{rel}","templated":true}]}}