{"id":739548,"date":"2026-08-31T02:24:52","date_gmt":"2026-08-31T02:24:52","guid":{"rendered":"https:\/\/www.europesays.com\/es\/739548\/"},"modified":"2026-08-31T02:24:52","modified_gmt":"2026-08-31T02:24:52","slug":"la-otra-cara-de-julian-alvarez-futbolista-del-atletico-de-madrid-un-refugio-familiar-con-arte-un-salon-abierto-al-jardin-gimnasio-y-piscina","status":"publish","type":"post","link":"https:\/\/www.europesays.com\/es\/739548\/","title":{"rendered":"La otra cara de Juli\u00e1n \u00c1lvarez, futbolista del Atl\u00e9tico de Madrid: un refugio familiar con arte, un sal\u00f3n abierto al jard\u00edn, gimnasio y piscina"},"content":{"rendered":"<p id=\"ee2wKPh_9I\" data-wc=\"57\"><strong>El futbolista Juli\u00e1n \u00c1lvarez (26 a\u00f1os) atraviesa un momento delicado en el Atl\u00e9tico de Madrid.\u00a0<\/strong>El delantero argentino se ha convertido en el foco de atenci\u00f3n de este mercado de fichajes despu\u00e9s de manifestar p\u00fablicamente que quiere cambiar de aires. Unas semanas de m\u00e1xima tensi\u00f3n en las que<a class=\"hm-link ho-link\" href=\"https:\/\/www.hola.com\/actualidad\/20260825919882\/julian-alvarez-maria-emilia-mujer-apoyo-crisis-atletico-madrid\/\" data-mrf-recirculation=\"article-body-link\" rel=\"nofollow noopener\" target=\"_blank\">\u00a0su familia ha sido el mejor de los refugios<\/a>.<\/p>\n<p>Te recomendamosSeguir leyendo<\/p>\n<p id=\"e0vrQLZ7u2x\" data-wc=\"71\"><a class=\"hm-link ho-link\" href=\"https:\/\/www.hola.com\/al-dia\/20260429898119\/escudo-atletico-de-madrid-trazado-plano-calles-metropolitano\/\" data-mrf-recirculation=\"article-body-link\" rel=\"nofollow noopener\" target=\"_blank\">Fuera del campo<\/a>, encuentra la paz y la calma en su casa de Madrid. Lejos del f\u00fatbol, de los focos y de los pitidos de la grada, su hogar se convierte en el lugar donde baja las pulsaciones y disfruta de su faceta m\u00e1s personal <strong>junto a su mujer, Mar\u00eda Emilia Ferrero, y su hijo Amadeo, de un a\u00f1o. \u00a0<\/strong>All\u00ed, la pareja ha construido un aut\u00e9ntico santuario de amor y tranquilidad.\u00a0<\/p>\n<p> <img src=\"https:\/\/www.europesays.com\/es\/wp-content\/uploads\/2026\/08\/aee7e8e93a7f-saveclipapp62685194718553443526030179813213629854751087n-1.jpg\"   width=\"768\" height=\"1024\" loading=\"lazy\" decoding=\"async\" alt=\"Media Image\" fetchpriority=\"auto\" class=\"image ho-image\"\/>\u00a9 @julianalvarez<br \/>\nUna vivienda donde el dise\u00f1o apuesta por la sencillez<\/p>\n<p id=\"e7ppl7PVlZ\" data-wc=\"77\">La residencia de Juli\u00e1n \u00c1lvarez y Emilia Ferrero, situada en una exclusiva zona residencial de Madrid, tiene poco que ver con la imagen que muchas veces <a class=\"hm-link ho-link\" href=\"https:\/\/www.hola.com\/decoracion\/20260719913031\/casas-de-los-futbolistas-seleccion-espanola\/\" data-mrf-recirculation=\"article-body-link\" rel=\"nofollow noopener\" target=\"_blank\">se asocia a las viviendas de los grandes futbolistas.\u00a0<\/a>Lejos de los espacios ostentosos y del lujo m\u00e1s evidente, la pareja ha creado un hogar donde predominan la luz natural, los tonos neutros y las l\u00edneas sencillas. <strong>Una decoraci\u00f3n contempor\u00e1nea que apuesta por la elegancia y la calidez sin resultar excesiva.<\/strong><\/p>\n<p id=\"ekIcXogAyFM\" data-wc=\"40\"><a class=\"hm-link ho-link\" href=\"https:\/\/www.hola.com\/decoracion\/20260610905965\/recibidores-personalidad-color-espejo-iluminacion-arte\/\" data-mrf-recirculation=\"article-body-link\" rel=\"nofollow noopener\" target=\"_blank\">El recibidor es una buena muestra de este estilo.<\/a> Sus l\u00edneas verticales y su paleta de tonos suaves aportan sensaci\u00f3n de amplitud y orden desde el primer momento, en un espacio en el que<strong>\u00a0cada elemento parece tener su lugar.<\/strong><\/p>\n<p> <img src=\"https:\/\/www.europesays.com\/es\/wp-content\/uploads\/2026\/08\/91e3b07cc89e-saveclipapp684917172184091700791969754500480247190743468n-1.jpg\"   width=\"768\" height=\"1024\" loading=\"lazy\" decoding=\"async\" alt=\"Media Image\" fetchpriority=\"auto\" class=\"image ho-image\"\/>\u00a9 @nachano<br \/>\nEl coraz\u00f3n de la vida en familia<\/p>\n<p id=\"etUzQH1u9-\" data-wc=\"46\">El sal\u00f3n es el espacio que mejor define la personalidad del hogar. Luminoso y amplio, <strong>est\u00e1 decorado con tonos claros y neutros, con materiales suaves que aportan calidez y crean un ambiente acogedor<\/strong>, perfecto para disfrutar de <a class=\"hm-link ho-link\" href=\"https:\/\/www.hola.com\/actualidad\/20210501188847\/eva-gonzalez-tractor-familia\/\" data-mrf-recirculation=\"article-body-link\" rel=\"nofollow noopener\" target=\"_blank\">una tarde tranquila en familia o ver una pel\u00edcula.<\/a><\/p>\n<p id=\"ep9LA6qbi9S\" data-wc=\"53\">El sof\u00e1 beige, <strong>la obra de arte abstracta en tonos tierra\u00a0<\/strong>y la presencia de plantas contribuyen a crear una estancia elegante sin necesidad de grandes artificios. La zona de estar se sit\u00faa frente<a class=\"hm-link ho-link\" href=\"https:\/\/www.hola.com\/decoracion\/20220127203234\/ventanas-protagonistas-decoracion-interiores-am\/\" data-mrf-recirculation=\"article-body-link\" rel=\"nofollow noopener\" target=\"_blank\">\u00a0a grandes ventanales que conectan el interior con el jard\u00edn,<\/a> potenciando todav\u00eda m\u00e1s la sensaci\u00f3n de amplitud y luminosidad.\u00a0<\/p>\n<p id=\"eWveHn0oAl9\" data-wc=\"51\">Es tambi\u00e9n en este espacio donde se han retratado algunos de sus primeros momentos como padres. <a class=\"hm-link ho-link\" href=\"https:\/\/www.hola.com\/actualidad\/20250313819831\/emilia-ferrero-novia-julian-alvarez-atletico-de-madrid-entrevista\/\" data-mrf-recirculation=\"article-body-link\" rel=\"nofollow noopener\" target=\"_blank\">Juli\u00e1n y Mar\u00eda Emilia aparecen junto a su hijo Amadeo y su enorme Samoyedo,\u00a0<\/a>que vuelve a ocupar un lugar protagonista en la escena<strong>\u00a0y aporta ese toque cotidiano y familiar que define la vivienda.<\/strong><\/p>\n<p> <img src=\"https:\/\/www.europesays.com\/es\/wp-content\/uploads\/2026\/08\/9f13acf0e19c-saveclipapp683801181185819440060301798092751891423157893n-2-1.jpg\"   width=\"1024\" height=\"682\" loading=\"lazy\" decoding=\"async\" alt=\"Media Image\" fetchpriority=\"auto\" class=\"image ho-image\"\/>\u00a9 @julianalvarez \/ @emiliaferrero<br \/>\nEl ba\u00f1o del beb\u00e9, un espacio cuidado al detalle<\/p>\n<p id=\"eivdFmEltH\" data-wc=\"46\">El ba\u00f1o del peque\u00f1o Amadeo es uno de los rincones m\u00e1s sencillos de la casa, pero tambi\u00e9n de los que guardan un significado m\u00e1s especial. <strong>Es all\u00ed donde tiene lugar una de las rutinas m\u00e1s tiernas de la vida familiar: la hora del ba\u00f1o del beb\u00e9.<\/strong><\/p>\n<p id=\"e8oOEEQlW5N\" data-wc=\"55\">La luz suave, los tonos blancos y<a class=\"hm-link ho-link\" href=\"https:\/\/www.hola.com\/decoracion\/20220715213774\/ideas-decoracion-banos-infantiles-nu\/\" data-mrf-recirculation=\"article-body-link\" rel=\"nofollow noopener\" target=\"_blank\">\u00a0la peque\u00f1a ba\u00f1era preparada con cari\u00f1o crean un ambiente sereno y acogedor.\u00a0<\/a>Un espacio principalmente pr\u00e1ctico, pensado para el cuidado del m\u00e1s peque\u00f1o de la casa y <strong>para acompa\u00f1ar esos momentos de la rutina diaria que ahora ocupan un lugar tan especial en la vida de sus padres.<\/strong><\/p>\n<p> <img src=\"https:\/\/www.europesays.com\/es\/wp-content\/uploads\/2026\/08\/bfe07decf1a3-whatsapp-image-2026-08-28-at-100549.jpg\"   width=\"598\" height=\"1024\" loading=\"lazy\" decoding=\"async\" alt=\"Media Image\" fetchpriority=\"auto\" class=\"image ho-image\"\/>\u00a9 @emiliaferrero<br \/>\nEl rinc\u00f3n m\u00e1s dulce de la casa<\/p>\n<p id=\"eaw7K_XG481\" data-wc=\"64\"><a class=\"hm-link ho-link\" href=\"https:\/\/www.hola.com\/decoracion\/20240805707092\/muebles-accesorios-para-habitaciones-infantiles\/\" data-mrf-recirculation=\"article-body-link\" rel=\"nofollow noopener\" target=\"_blank\">La habitaci\u00f3n del beb\u00e9 est\u00e1 decorada con un papel pintado protagonizado por animales y plantas en tonos suaves, que convierte las paredes en un peque\u00f1o mundo de fantas\u00eda.<\/a> El resultado combina imaginaci\u00f3n y calma, con unas ilustraciones delicadas que aportan personalidad a la estancia sin restarle serenidad. <strong>Una elecci\u00f3n decorativa que mantiene la est\u00e9tica cuidada y elegante presente en el resto de la vivienda.<\/strong><\/p>\n<p id=\"eNRVclvHFe\" data-wc=\"37\">La luz natural, los muebles en tonos neutros y la presencia de su mascota crean un ambiente acogedor, pensado para crecer. <strong>Es una habitaci\u00f3n que transmite cari\u00f1o y cuidado, y que encaja perfectamente con esta etapa familiar.<\/strong><\/p>\n<p> <img src=\"https:\/\/www.europesays.com\/es\/wp-content\/uploads\/2026\/08\/0c4833e65458-whatsapp-image-2026-08-28-at-100644.jpg\"   width=\"1024\" height=\"1024\" loading=\"lazy\" decoding=\"async\" alt=\"Media Image\" fetchpriority=\"auto\" class=\"image ho-image\"\/>\u00a9 @julianalvarez \/ @emiliaferrero<br \/>\nUna zona en la que el deporte no se queda atr\u00e1s<\/p>\n<p id=\"es3PIRD1XG\" data-wc=\"48\">La vivienda tambi\u00e9n reserva un espacio <a class=\"hm-link ho-link\" href=\"https:\/\/www.hola.com\/seleccion\/20260824919644\/como-entrenar-en-casa-trucos-experta-set-mancuernas-ajustables\/\" data-mrf-recirculation=\"article-body-link\" rel=\"nofollow noopener\" target=\"_blank\">para el entrenamiento,\u00a0<\/a>pero lejos de la est\u00e9tica fr\u00eda de muchos gimnasios dom\u00e9sticos. Aqu\u00ed domina la luz natural, el orden y la funcionalidad. El ambiente es limpio, amplio, y<strong>\u00a0permite que la rutina deportiva se integre sin romper la armon\u00eda del hogar.<\/strong><\/p>\n<p id=\"eLot8eve2m\" data-wc=\"30\">Es un lugar que refleja otra faceta de la vida de la pareja: <strong>la disciplina, el autocuidado y la importancia de mantener h\u00e1bitos incluso en medio de la exigencia profesional.<\/strong><\/p>\n<p> <img src=\"https:\/\/www.europesays.com\/es\/wp-content\/uploads\/2026\/08\/14c5879bc8ab-whatsapp-image-2026-08-28-at-095722.jpg\"   width=\"768\" height=\"1024\" loading=\"lazy\" decoding=\"async\" alt=\"Media Image\" fetchpriority=\"auto\" class=\"image ho-image\"\/>\u00a9 @emiliaferrero<br \/>\nEl jard\u00edn: un oasis con piscina<\/p>\n<p id=\"eMHVhIPtHm\" data-wc=\"71\">El exterior es, directamente, un peque\u00f1o oasis en medio de la ciudad. El c\u00e9sped cuidado, la vegetaci\u00f3n y la piscina crean un ambiente que invita a desconectar<strong>. Es un jard\u00edn pensado para respirar, para dejar que el d\u00eda avance sin obligaciones, para disfrutar sin prisa.\u00a0<\/strong>La conexi\u00f3n entre interior y exterior es fluida: <a class=\"hm-link ho-link\" href=\"https:\/\/www.hola.com\/decoracion\/20230608232869\/claves-conectar-ambientes-exterior-am\/\" data-mrf-recirculation=\"article-body-link\" rel=\"nofollow noopener\" target=\"_blank\">el sal\u00f3n se abre hacia el jard\u00edn, y la luz entra como si fuera parte de la decoraci\u00f3n.<\/a><\/p>\n<p> <img src=\"https:\/\/www.europesays.com\/es\/wp-content\/uploads\/2026\/08\/a2d1eb10f1ca-whatsapp-image-2026-08-28-at-095638.jpg\"   width=\"819\" height=\"1024\" loading=\"lazy\" decoding=\"async\" alt=\"Media Image\" fetchpriority=\"auto\" class=\"image ho-image\"\/>\u00a9 @emiliaferrero<\/p>\n<p id=\"e8gJAQ3Rye\" data-wc=\"72\"><strong>La piscina aporta ese toque de verano que convierte el exterior en uno de los rincones m\u00e1s atractivos de la casa.<\/strong> Rodeada de zonas ajardinadas y con un ambiente pensado para disfrutar al aire libre, se presenta como el lugar perfecto para desconectar y compartir tiempo en familia.<a class=\"hm-link ho-link\" href=\"https:\/\/www.hola.com\/decoracion\/20190807145468\/decoracion-casa-moderna-familiar-piscina\/\" data-mrf-recirculation=\"article-body-link\" rel=\"nofollow noopener\" target=\"_blank\">\u00a0Un espacio que invita a alargar los d\u00edas de buen tiempo y que encaja con el cuidado que define el resto de la vivienda.<\/a><\/p>\n<p> <img src=\"https:\/\/www.europesays.com\/es\/wp-content\/uploads\/2026\/08\/0657f14d3c4a-saveclipapp491439143185018666650075214825623260284907205n.jpg\"   width=\"819\" height=\"1024\" loading=\"lazy\" decoding=\"async\" alt=\"Media Image\" fetchpriority=\"auto\" class=\"image ho-image\"\/>\u00a9 @emiliaferrero<\/p>\n<p id=\"ecx-lvQMEuj\" data-wc=\"49\">La casa de Juli\u00e1n muestra una bonita historia y espacios pensados para disfrutarlos en compa\u00f1\u00eda. No es un hogar que busque protagonismo ni necesite muchos lujos. Es una casa que poco a poco se va dejando ver a trav\u00e9s de peque\u00f1os detalles y dice mucho de quienes la habitan.\u00a0<\/p>\n","protected":false},"excerpt":{"rendered":"El futbolista Juli\u00e1n \u00c1lvarez (26 a\u00f1os) atraviesa un momento delicado en el Atl\u00e9tico de Madrid.\u00a0El delantero argentino se&hellip;\n","protected":false},"author":2,"featured_media":739549,"comment_status":"","ping_status":"","sticky":false,"template":"","format":"standard","meta":{"footnotes":""},"categories":[174],"tags":[13062,255,8372,634,253,146,147,25,24,256,23],"class_list":["post-739548","post","type-post","status-publish","format-standard","has-post-thumbnail","category-famosos","tag-casas-de-famosos","tag-celebrities","tag-decoracion","tag-deporte","tag-discover","tag-entertainment","tag-entretenimiento","tag-es","tag-espana","tag-famosos","tag-spain"],"share_on_mastodon":{"url":"https:\/\/pubeurope.com\/@es\/117187755854456587","error":""},"_links":{"self":[{"href":"https:\/\/www.europesays.com\/es\/wp-json\/wp\/v2\/posts\/739548","targetHints":{"allow":["GET"]}}],"collection":[{"href":"https:\/\/www.europesays.com\/es\/wp-json\/wp\/v2\/posts"}],"about":[{"href":"https:\/\/www.europesays.com\/es\/wp-json\/wp\/v2\/types\/post"}],"author":[{"embeddable":true,"href":"https:\/\/www.europesays.com\/es\/wp-json\/wp\/v2\/users\/2"}],"replies":[{"embeddable":true,"href":"https:\/\/www.europesays.com\/es\/wp-json\/wp\/v2\/comments?post=739548"}],"version-history":[{"count":0,"href":"https:\/\/www.europesays.com\/es\/wp-json\/wp\/v2\/posts\/739548\/revisions"}],"wp:featuredmedia":[{"embeddable":true,"href":"https:\/\/www.europesays.com\/es\/wp-json\/wp\/v2\/media\/739549"}],"wp:attachment":[{"href":"https:\/\/www.europesays.com\/es\/wp-json\/wp\/v2\/media?parent=739548"}],"wp:term":[{"taxonomy":"category","embeddable":true,"href":"https:\/\/www.europesays.com\/es\/wp-json\/wp\/v2\/categories?post=739548"},{"taxonomy":"post_tag","embeddable":true,"href":"https:\/\/www.europesays.com\/es\/wp-json\/wp\/v2\/tags?post=739548"}],"curies":[{"name":"wp","href":"https:\/\/api.w.org\/{rel}","templated":true}]}}