{"id":739550,"date":"2026-08-31T02:30:13","date_gmt":"2026-08-31T02:30:13","guid":{"rendered":"https:\/\/www.europesays.com\/es\/739550\/"},"modified":"2026-08-31T02:30:13","modified_gmt":"2026-08-31T02:30:13","slug":"la-cantaora-espanola-rocio-marquez-ofrece-recital-en-paraguay-como-parte-de-documental","status":"publish","type":"post","link":"https:\/\/www.europesays.com\/es\/739550\/","title":{"rendered":"La cantaora espa\u00f1ola Roc\u00edo M\u00e1rquez ofrece recital en Paraguay como parte de documental"},"content":{"rendered":"<p><img decoding=\"async\" class=\"v-ath__i\" loading=\"lazy\" src=\"https:\/\/www.europesays.com\/es\/wp-content\/uploads\/2026\/08\/1788143413_477_autor-5496-foto-3.jpeg\" alt=\"Agencia EFE\"\/><\/p>\n<p>31\/08\/2026 a las 03:42h.<\/p>\n<p class=\"v-d-p\" style=\"\">Asunci\u00f3n, 30 ago (EFE).- La cantaora Roc\u00edo M\u00e1rquez ofreci\u00f3 este domingo en los espacios del Centro Cultural de Espa\u00f1a Juan de Salazar de la ciudad de Asunci\u00f3n, la capital de Paraguay, un recital flamenco como parte del documental que filma en este pa\u00eds suramericano para  &#8230; visibilizar las historias de lucha y resiliencia del deprimido barrio capitalino Ba\u00f1ado Sur. IM\u00c1GENES: JUAN PABLO PINO RECURSOS GENERALES DEL RECITAL.<\/p>\n","protected":false},"excerpt":{"rendered":"31\/08\/2026 a las 03:42h. Asunci\u00f3n, 30 ago (EFE).- La cantaora Roc\u00edo M\u00e1rquez ofreci\u00f3 este domingo en los espacios&hellip;\n","protected":false},"author":2,"featured_media":739551,"comment_status":"","ping_status":"","sticky":false,"template":"","format":"standard","meta":{"footnotes":""},"categories":[169],"tags":[108990,177,6084,146,147,25,24,2501,176,14482,175,8400,18249,863,82423,3152,23],"class_list":["post-739550","post","type-post","status-publish","format-standard","has-post-thumbnail","category-cine","tag-cantaora","tag-cine","tag-documental","tag-entertainment","tag-entretenimiento","tag-es","tag-espana","tag-espanola","tag-film","tag-marquez","tag-movies","tag-ofrece","tag-paraguay","tag-parte","tag-recital","tag-rocio","tag-spain"],"share_on_mastodon":{"url":"https:\/\/pubeurope.com\/@es\/117187774941036480","error":""},"_links":{"self":[{"href":"https:\/\/www.europesays.com\/es\/wp-json\/wp\/v2\/posts\/739550","targetHints":{"allow":["GET"]}}],"collection":[{"href":"https:\/\/www.europesays.com\/es\/wp-json\/wp\/v2\/posts"}],"about":[{"href":"https:\/\/www.europesays.com\/es\/wp-json\/wp\/v2\/types\/post"}],"author":[{"embeddable":true,"href":"https:\/\/www.europesays.com\/es\/wp-json\/wp\/v2\/users\/2"}],"replies":[{"embeddable":true,"href":"https:\/\/www.europesays.com\/es\/wp-json\/wp\/v2\/comments?post=739550"}],"version-history":[{"count":0,"href":"https:\/\/www.europesays.com\/es\/wp-json\/wp\/v2\/posts\/739550\/revisions"}],"wp:featuredmedia":[{"embeddable":true,"href":"https:\/\/www.europesays.com\/es\/wp-json\/wp\/v2\/media\/739551"}],"wp:attachment":[{"href":"https:\/\/www.europesays.com\/es\/wp-json\/wp\/v2\/media?parent=739550"}],"wp:term":[{"taxonomy":"category","embeddable":true,"href":"https:\/\/www.europesays.com\/es\/wp-json\/wp\/v2\/categories?post=739550"},{"taxonomy":"post_tag","embeddable":true,"href":"https:\/\/www.europesays.com\/es\/wp-json\/wp\/v2\/tags?post=739550"}],"curies":[{"name":"wp","href":"https:\/\/api.w.org\/{rel}","templated":true}]}}