{"id":739574,"date":"2026-08-31T02:53:10","date_gmt":"2026-08-31T02:53:10","guid":{"rendered":"https:\/\/www.europesays.com\/es\/739574\/"},"modified":"2026-08-31T02:53:10","modified_gmt":"2026-08-31T02:53:10","slug":"jose-luis-garci-la-posteridad-no-existe-pensar-en-ella-mientras-haces-una-pelicula-es-mal-asunto","status":"publish","type":"post","link":"https:\/\/www.europesays.com\/es\/739574\/","title":{"rendered":"Jos\u00e9 Luis Garci: \u00abLa posteridad no existe. Pensar en ella mientras haces una pel\u00edcula es mal asunto\u00bb"},"content":{"rendered":"<p style=\"\">Son las once y media de la ma\u00f1ana. <a href=\"https:\/\/www.abc.es\/autor\/jose-luis-garci-4399\/\" target=\"_blank\" data-voc-vtm-id=\"in-text-traffic\" data-mrf-link=\"www.abc.es\" rel=\"nofollow noopener\">Jos\u00e9 Luis Garci<\/a> recibe a los visitantes en vaqueros, zapatillas y con una camiseta de f\u00fatbol de la selecci\u00f3n uruguaya. Huele a c\u00e9sped reci\u00e9n cortado. Primer director espa\u00f1ol en ganar el Oscar a la mejor pel\u00edcula  &#8230; extranjera, cin\u00e9filo, escritor, futbolero y conversador de memoria prodigiosa, toma asiento en el porche de su casa verano en la Costa del Sol. Con el Mediterr\u00e1neo cerca y varias vidas de cine a sus espaldas, habla sobre su nuevo libro dedicado a directores de serie B (publicado por Notorious Ediciones) que trabajaron con pocos medios y escaso reconocimiento. La conversaci\u00f3n pronto desborda sus p\u00e1ginas. Aparecen Bu\u00f1uel, Marguerite Duras, <strong>Fernando Fern\u00e1n G\u00f3mez<\/strong>, John Ford, Philip K. Dick y Christopher Nolan; tambi\u00e9n el f\u00fatbol, los cines de verano y una infancia en la que todav\u00eda era posible mirar una estrella junto a su padre y escuchar que quiz\u00e1 ya no exist\u00eda. A sus a\u00f1os, Garci desconf\u00eda de monumentos y solemnidades: \u00abLa posteridad acaba siendo una calle, una plaza o un premio literario\u00bb. Lo verdaderamente importante, dice, es otra cosa: poder seguir trabajando.<\/p>\n<p class=\"v-d-p\" style=\"\"><strong>\u2014\u00bfUn director B nace o llega a serlo? \u00bfQu\u00e9 lo empuj\u00f3 a dedicarles este libro?<\/strong><\/p>\n<p class=\"v-d-p\" style=\"\">\u2014Es dif\u00edcil saberlo. Me desconcierta alguien como Bu\u00f1uel. Cuando trabaja en M\u00e9xico lo hace con muy pocos medios y muy pocas semanas; despu\u00e9s va a Francia, le dan todos los medios que quiera y hace pel\u00edculas extraordinarias. Viene a Espa\u00f1a y rueda &#8216;Tristana&#8217; o &#8216;Viridiana&#8217;. Y en Estados Unidos hace &#8216;La joven&#8217;, que parece una pel\u00edcula de Nicholas Ray. Hay muy pocos casos as\u00ed. Siento verdadera admiraci\u00f3n por la gente que trabaj\u00f3 en el Hollywood de la \u00e9poca dorada y que no recibi\u00f3, por parte de los estudiosos o de la cr\u00edtica, el reconocimiento que merec\u00eda. Ves ahora sus pel\u00edculas y descubres que, m\u00e1s all\u00e1 de que fueran pel\u00edculas sin pretensiones, eran muy naturales: no subrayaban nada. Una cosa es decir y otra mostrar. Ellos no te dec\u00edan las cosas: te las ense\u00f1aban.<\/p>\n<p class=\"v-d-p\" style=\"\"><strong>\u2014Llama a Marguerite Duras \u00abla joya del cine aburrido\u00bb. Sin embargo, jam\u00e1s se habr\u00eda levantado del cine viendo sus pel\u00edculas.<\/strong><\/p>\n<p class=\"v-d-p\" style=\"\">\u2014Marguerite Duras no tuvo ni la difusi\u00f3n ni los medios que tuvieron Truffaut, Godard y toda la gente de la Nouvelle Vague. Ella pertenec\u00eda a ese mundo, pero hac\u00eda un cine distinto. Era contemplativo, m\u00e1s pr\u00f3ximo al cine japon\u00e9s que al europeo. Ves &#8216;India Song&#8217; y est\u00e1n los jardines, los \u00e1rboles, las cosas movi\u00e9ndose\u2026 Duras lo filmaba de una manera incre\u00edblemente hermosa y fascinante. \u00bfQu\u00e9 ocurr\u00eda? Nada. Pero precisamente en ese no ocurrir nada no pod\u00edas levantarte. Te quedabas atrapado esperando el siguiente plano: las aspas de un ventilador, la c\u00e1mara descendiendo despacio, una balaustrada\u2026 Era otra cosa.<\/p>\n<p class=\"v-d-p\" style=\"\"><strong>\u2014Otro gran protagonista del libro es Fernando Fern\u00e1n G\u00f3mez.<\/strong><\/p>\n<p class=\"v-d-p\" style=\"\">\u2014Fernando Fern\u00e1n G\u00f3mez es uno de los grandes de la cultura europea. No sufre la influencia de la Nouvelle Vague, ni del neorrealismo italiano, ni siquiera del cine cl\u00e1sico. Es Fernando Fern\u00e1n G\u00f3mez. Como actor es colosal. Como dramaturgo hace &#8216;Las bicicletas son para el verano&#8217;, pero tambi\u00e9n teatro experimental. Dirige cine, dirige teatro, escribe\u2026 Era un hombre de una cultura extraordinaria y, adem\u00e1s, con much\u00edsimo sentido del humor.<\/p>\n<p class=\"v-d-p\" style=\"\"><strong>\u2014El humor enlaza con algo que defiende mucho: no tomarse demasiado en serio.<\/strong><\/p>\n<p class=\"v-d-p\" style=\"\">\u2014S\u00ed. Hay gente a la que le gusta mucho la solemnidad. Hay muchos cineastas que piensan en la posteridad. Yo creo que la posteridad no existe. Cervantes, para empezar, no tiene el Premio Cervantes. Si tienes suerte y no has pensado demasiado en esas cosas, terminas d\u00e1ndote cuenta de que la posteridad acaba siendo una calle, una plaza o un premio literario. Todos los amigos que voy teniendo ahora son premios, plazas, calles\u2026 Lo \u00fanico que interesa es la continuidad: poder seguir trabajando. Pensar en la posteridad mientras haces una pel\u00edcula es mal asunto.<\/p>\n<p class=\"v-d-p\" style=\"\"><strong>\u2014Usted fue el primer espa\u00f1ol en ganar el Oscar <\/strong><\/p>\n<p class=\"v-d-p\" style=\"\">\u2014De ni\u00f1o vi en Gij\u00f3n &#8216;Cautivos del mal&#8217;, probablemente la obra maestra de Minnelli, con Kirk Douglas. En ingl\u00e9s se llama &#8216;The Bad and the Beautiful&#8217;. Hay un momento en que un director alem\u00e1n le dice al productor interpretado por Douglas: \u00abPara ser director de cine hay que ser humilde\u00bb. Aquella frase se me qued\u00f3 clavada. Entre mis planes nunca estuvo dirigir cine. Cuando termin\u00e9 haci\u00e9ndolo comprend\u00ed aquella frase: tienes que ser humilde porque una pel\u00edcula es una obra en la que participan ocho, diez, doce o quince personas que est\u00e1n influyendo continuamente en ella. No me arrepiento de las pel\u00edculas que he hecho, al contrario, pero nunca he querido sacar pecho. S\u00e9 que todo dura muy poco.<\/p>\n<p class=\"v-d-p\" style=\"\"><strong>\u2014En el libro reivindica tambi\u00e9n g\u00e9neros considerados durante mucho tiempo menores, como el western. \u00bfCu\u00e1l ser\u00eda el g\u00e9nero por excelencia?<\/strong><\/p>\n<p class=\"v-d-p\" style=\"\">\u2014El western comenz\u00f3 siendo considerado un g\u00e9nero menor hasta que llega John Ford y hace &#8216;La diligencia&#8217;. Entonces se descubre que se puede hacer cine extraordinario con un western. Ford, adem\u00e1s, recibe la influencia del expresionismo alem\u00e1n. Incluso sus \u00faltimas pel\u00edculas, como &#8216;El hombre que mat\u00f3 a Liberty Valance&#8217;, son sombr\u00edas; la noche tiene en ellas una presencia tremenda. Y no est\u00e1 solo Ford. Tienes a William Wyler y &#8216;Horizontes de grandeza&#8217;. El western contiene elementos esenciales: el bueno y el malo, la justicia y la injusticia, el bien y el mal. Pero para m\u00ed el g\u00e9nero sublime es el melodrama. Ah\u00ed est\u00e1n todos los grandes creadores. Dickens es melodrama. &#8216;Los miserables&#8217;, de V\u00edctor Hugo, es el melodrama por excelencia. En Hollywood se hicieron melodramas extraordinarios.<\/p>\n<p class=\"v-d-p\" style=\"\"><strong>\u2014Ahora vivimos, en cambio, un momento marcado por la ciencia ficci\u00f3n y por un mundo dominado por la tecnolog\u00eda y la inteligencia artificial.<\/strong><\/p>\n<p class=\"v-d-p\" style=\"\">\u2014S\u00ed, pero acu\u00e9rdate de los a\u00f1os cincuenta: &#8216;Ultim\u00e1tum a la Tierra&#8217;, &#8216;La invasi\u00f3n de los ladrones de cuerpos&#8217;\u2026 Se hicieron pel\u00edculas incre\u00edbles, muchas atravesadas por la Guerra Fr\u00eda. La ciencia ficci\u00f3n actual me pilla un poco lejos. Dej\u00e9 de entrar en ella cuando le\u00ed &#8216;Dune&#8217;. Pens\u00e9: \u00abAqu\u00ed ya no entro\u00bb. Soy m\u00e1s de Arthur C. Clarke, Philip K. Dick, Ray Bradbury\u2026 Y siguen siendo extraordinarios. Me parece una injusticia que algunos no recibieran el Nobel. Philip K. Dick, con &#8216;El hombre en el castillo&#8217;, imaginando que los nazis hab\u00edan ganado la guerra; todo el universo de &#8216;Blade Runner&#8217;\u2026 Bradbury o Arthur C. Clarke podr\u00edan haber ganado perfectamente el Nobel. No se lo dieron porque eran considerados literatura B.<\/p>\n<p>Jos\u00e9 Luis Garci durante la entrevista .<\/p>\n<p>(FRANCIS SILVA)<\/p>\n<p class=\"v-d-p\" style=\"\"><strong>\u2014Estamos en su lugar de veraneo. \u00bfQu\u00e9 es para Garci el verano?<\/strong><\/p>\n<p class=\"v-d-p\" style=\"\">\u2014Para m\u00ed el verano es la infancia. El final del colegio. Llegaban las fiestas de San Pedro y San Pablo y se hab\u00eda acabado el curso. Dec\u00edamos \u00abhasta el a\u00f1o que viene\u00bb, aunque en realidad fuera hasta septiembre u octubre. Para nosotros era el a\u00f1o que viene. El verano ten\u00eda un olor distinto: las jaras si estabas en un pueblo, el agua helada de una poza, los grillos por la noche, las chicharras\u2026 No hab\u00eda televisi\u00f3n. Hab\u00eda radio. Como me gustaba mucho el f\u00fatbol, escuch\u00e1bamos los partidos. Uno de los primeros veranos que recuerdo es el de 1950, el Mundial de Brasil, Maracan\u00e1\u2026 Tambi\u00e9n estaban los paseos nocturnos con tus padres. Durante el a\u00f1o no sal\u00edas de noche, pero en verano, despu\u00e9s de cenar, paseabas. Mi padre pod\u00eda se\u00f1alarme una estrella y decirme: \u00ab\u00bfVes esa estrella? Ya no existe\u00bb. Y explicarme que hab\u00eda desaparecido hac\u00eda millones de a\u00f1os. O ibas al cine de verano. Ve\u00edas la luna en la pantalla. El verano era levantarte sin ninguna pereza. Estabas deseando que saliera el sol para desayunar y salir corriendo con los amigos. Y estaba el primer descubrimiento de las chicas, con diez u once a\u00f1os: \u00abA Florita le gusta este\u00bb, \u00aba m\u00ed me gusta aquella\u00bb\u2026 Luego llegaba el oto\u00f1o y aquello quedaba atr\u00e1s, pero nunca lo guardabas en una carpeta de olvido. Era un mundo pasado, s\u00ed, pero un mundo que ten\u00eda futuro.<\/p>\n<p class=\"v-d-p\" style=\"\"><strong>\u2014Este ha sido el verano del Mundial, del eclipse y tambi\u00e9n de &#8216;La Odisea&#8217; de Christopher Nolan. \u00bfQu\u00e9 le ha parecido?<\/strong><\/p>\n<p class=\"v-d-p\" style=\"\">\u2014Me ha gustado mucho. Sobre todo la presencia del mar: el Mediterr\u00e1neo, los barcos, el azul, las olas, los remeros\u2026 Todo ese mundo me encanta. Tambi\u00e9n me gusta la presencia del perro, desde que pr\u00e1cticamente lo vemos reci\u00e9n nacido hasta el regreso de Ulises. Y el porquero. Despu\u00e9s est\u00e1 la relaci\u00f3n con los dioses, que es m\u00e1s discutible. Pero tampoco hay que entender demasiado a los dioses. A los dioses nunca se les entend\u00eda del todo. Ibas a Delfos a preguntar y tampoco sab\u00edas muy bien qu\u00e9 te estaban diciendo. He o\u00eddo decir que Ulises parece un veterano de Vietnam, pero yo no lo veo as\u00ed. La pel\u00edcula dura tres horas y se pasan bastante r\u00e1pido. Homero no necesita que nadie lo recupere porque sigue teniendo una vigencia absoluta, pero es interesante volver a contar esa historia.<\/p>\n<p class=\"v-d-p\" style=\"\"><strong>\u2014Nolan prescinde de Naus\u00edcaa y toma algunas decisiones discutibles, pero hay secuencias que le han impresionado especialmente.<\/strong><\/p>\n<p class=\"v-d-p\" style=\"\">\u2014S\u00ed, pero, en cambio, me gusta much\u00edsimo el viaje al mundo de los muertos. La bajada, el humo\u2026 Est\u00e1 muy bien hecho. Tambi\u00e9n la imagen del caballo de Troya con las olas golpe\u00e1ndolo. Puedes discutir por qu\u00e9 los troyanos metieron el caballo dentro de la ciudad. Pero lo metieron. La imagen funciona. La pel\u00edcula est\u00e1 muy bien fotografiada y tiene un vestuario estupendo. He o\u00eddo hablar de ella bien, mal y regular. Yo pensaba que no me iba a gustar y, sin embargo, me ha gustado mucho. No me hab\u00eda gustado tanto &#8216;Oppenheimer&#8217;. En cambio, &#8216;El caballero oscuro&#8217; o &#8216;Dunkerque&#8217; me parecen joyas.<\/p>\n","protected":false},"excerpt":{"rendered":"Son las once y media de la ma\u00f1ana. Jos\u00e9 Luis Garci recibe a los visitantes en vaqueros, zapatillas&hellip;\n","protected":false},"author":2,"featured_media":739575,"comment_status":"","ping_status":"","sticky":false,"template":"","format":"standard","meta":{"footnotes":""},"categories":[169],"tags":[61957,177,146,147,25,24,10542,176,95607,41629,2467,7820,4627,175,1257,30311,131281,23],"class_list":["post-739574","post","type-post","status-publish","format-standard","has-post-thumbnail","category-cine","tag-asunto","tag-cine","tag-entertainment","tag-entretenimiento","tag-es","tag-espana","tag-existe","tag-film","tag-garci","tag-haces","tag-jose","tag-luis","tag-mal","tag-movies","tag-pelicula","tag-pensar","tag-posteridad","tag-spain"],"share_on_mastodon":{"url":"https:\/\/pubeurope.com\/@es\/117187864714923782","error":""},"_links":{"self":[{"href":"https:\/\/www.europesays.com\/es\/wp-json\/wp\/v2\/posts\/739574","targetHints":{"allow":["GET"]}}],"collection":[{"href":"https:\/\/www.europesays.com\/es\/wp-json\/wp\/v2\/posts"}],"about":[{"href":"https:\/\/www.europesays.com\/es\/wp-json\/wp\/v2\/types\/post"}],"author":[{"embeddable":true,"href":"https:\/\/www.europesays.com\/es\/wp-json\/wp\/v2\/users\/2"}],"replies":[{"embeddable":true,"href":"https:\/\/www.europesays.com\/es\/wp-json\/wp\/v2\/comments?post=739574"}],"version-history":[{"count":0,"href":"https:\/\/www.europesays.com\/es\/wp-json\/wp\/v2\/posts\/739574\/revisions"}],"wp:featuredmedia":[{"embeddable":true,"href":"https:\/\/www.europesays.com\/es\/wp-json\/wp\/v2\/media\/739575"}],"wp:attachment":[{"href":"https:\/\/www.europesays.com\/es\/wp-json\/wp\/v2\/media?parent=739574"}],"wp:term":[{"taxonomy":"category","embeddable":true,"href":"https:\/\/www.europesays.com\/es\/wp-json\/wp\/v2\/categories?post=739574"},{"taxonomy":"post_tag","embeddable":true,"href":"https:\/\/www.europesays.com\/es\/wp-json\/wp\/v2\/tags?post=739574"}],"curies":[{"name":"wp","href":"https:\/\/api.w.org\/{rel}","templated":true}]}}