{"id":739578,"date":"2026-08-31T02:56:15","date_gmt":"2026-08-31T02:56:15","guid":{"rendered":"https:\/\/www.europesays.com\/es\/739578\/"},"modified":"2026-08-31T02:56:15","modified_gmt":"2026-08-31T02:56:15","slug":"ser-catalunya-amplia-su-programacion-en-catalan-y-apuesta-por-el-barca-noticias-de-cataluna","status":"publish","type":"post","link":"https:\/\/www.europesays.com\/es\/739578\/","title":{"rendered":"SER Catalunya ampl\u00eda su programaci\u00f3n en catal\u00e1n y apuesta por el Bar\u00e7a | Noticias de Catalu\u00f1a"},"content":{"rendered":"<p class=\"\">La nueva temporada de la cadena de radio SER Catalunya \u2014del grupo Prisa, al que pertenece EL PA\u00cdS\u2014 empieza este lunes <a href=\"https:\/\/elpais.com\/espana\/catalunya\/2024-09-02\/ser-catalunya-potencia-la-programacion-en-catalan-durante-toda-la-manana.html\" target=\"_self\" rel=\"nofollow noopener\" title=\"https:\/\/elpais.com\/espana\/catalunya\/2024-09-02\/ser-catalunya-potencia-la-programacion-en-catalan-durante-toda-la-manana.html\">con una ampliaci\u00f3n de su oferta en catal\u00e1n<\/a> y con una apuesta renovada por los deportes, especialmente por el seguimiento del FC Barcelona. Sique Rodr\u00edguez asumir\u00e1 la direcci\u00f3n de las retransmisiones azulgranas del programa Qu\u00e8 t\u2019hi jugues, Bar\u00e7a, que contar\u00e1 con Albert Berm\u00fadez como narrador y con el equipo habitual de colaboradores de Qu\u00e8 t\u2019hi jugues.<\/p>\n<p class=\"\">La reforzada apuesta por el Bar\u00e7a coincide con la conmemoraci\u00f3n de los 50 a\u00f1os de la primera retransmisi\u00f3n de f\u00fatbol en catal\u00e1n, impulsada por Joaquim Maria Puyal desde R\u00e0dio Barcelona, la centenaria cadena de radio que luego se convirti\u00f3 en SER Catalunya. Se trata de una efem\u00e9ride hist\u00f3rica que la emisora celebrar\u00e1 durante el mes de septiembre con una programaci\u00f3n especial.<\/p>\n<p class=\"\">La otra gran novedad de la parrilla, que tambi\u00e9n refuerza la programaci\u00f3n propia en catal\u00e1n, es la ampliaci\u00f3n de Aqu\u00ed Catalunya, dirigido por Marina Fern\u00e0ndez, que se emitir\u00e1 de 7.00 a 12.00 horas. Con este cambio, SER Catalunya ofrecer\u00e1 programaci\u00f3n en catal\u00e1n de forma ininterrumpida desde las 7.00 hasta las 16.00. Por la tarde, la programaci\u00f3n en catal\u00e1n se retomar\u00e1 de 19.00 a 21.00 con El Balc\u00f3, presentado por Anna Puigboltas, y La Graderia, que esta temporada dirigir\u00e1 Anna Palet.<\/p>\n<p class=\"\">Adem\u00e1s de ponerse al frente de las retransmisiones del Bar\u00e7a, Sique Rodr\u00edguez continuar\u00e1 dirigiendo diariamente Qu\u00e8 t\u2019hi jugues! junto a Llu\u00eds Flaquer. El programa, referente de la informaci\u00f3n deportiva en la radio catalana, mantiene un formato que combina actualidad, an\u00e1lisis y entretenimiento.<\/p>\n<p class=\"\">El resto de la programaci\u00f3n mantiene algunos de sus espacios m\u00e1s consolidados. Jordi Manau continuar\u00e1 cada tarde al frente de Llapis de Mem\u00f2ria, entrevistas pausadas construidas a partir de las canciones elegidas por los invitados, mientras que M\u00e0xim Castillo seguir\u00e1 dirigiendo Tot \u00e9s Com\u00e8dia, cita cultural de referencia durante los fines de semana.<\/p>\n<p class=\"\">En cuanto a los informativos, Gisela Rodr\u00edguez continuar\u00e1 al frente de la edici\u00f3n de Hoy por Hoy Catalunya, mientras que Joan Bofill mantendr\u00e1 la direcci\u00f3n del informativo del mediod\u00eda, Hora 14. El informativo del fin de semana estar\u00e1 dirigido por Gemma Alegr\u00ed.<\/p>\n<p class=\"\">La programaci\u00f3n se completa con los espacios locales Aqu\u00ed Girona, Aqu\u00ed Barcelona, Aqu\u00ed Lleida y Aqu\u00ed Camp de Tarragona, que refuerzan el compromiso de SER Catalunya con la informaci\u00f3n de proximidad y el territorio.<\/p>\n<p class=\"\">La oferta de SER Catalunya se integra <a href=\"https:\/\/elpais.com\/television\/radiotv\/2026-08-27\/aimar-bretos-se-estrenara-el-lunes-en-hoy-por-hoy-con-una-entrevista-a-pedro-sanchez.html\" target=\"_self\" rel=\"nofollow noopener\" title=\"https:\/\/elpais.com\/television\/radiotv\/2026-08-27\/aimar-bretos-se-estrenara-el-lunes-en-hoy-por-hoy-con-una-entrevista-a-pedro-sanchez.html\">en la nueva temporada de la Cadena SER<\/a>, que tambi\u00e9n arranca este lunes con cambios destacados. Los dos programas emblem\u00e1ticos de la cadena, Hoy por Hoy y Hora 25, estrenan direcci\u00f3n con Aimar Bretos y Jos\u00e9 Luis Sastre, respectivamente.<\/p>\n<p class=\"\">La SER en Catalunya <a href=\"https:\/\/elpais.com\/espana\/catalunya\/2026-04-15\/la-cadena-ser-en-cataluna-consolida-su-crecimiento-y-se-refuerza-como-tercera-radio-mas-escuchada.html\" target=\"_self\" rel=\"nofollow noopener\" title=\"https:\/\/elpais.com\/espana\/catalunya\/2026-04-15\/la-cadena-ser-en-cataluna-consolida-su-crecimiento-y-se-refuerza-como-tercera-radio-mas-escuchada.html\">cerr\u00f3 la \u00faltima temporada con una media de 453.000 oyentes diarios<\/a>, y la audiencia de las emisoras del grupo Prisa Media cerr\u00f3 por encima del mill\u00f3n de oyentes. Uno de cada cuatro oyentes en Catalunya escucha cada d\u00eda alguna de las emisoras del grupo. <\/p>\n","protected":false},"excerpt":{"rendered":"La nueva temporada de la cadena de radio SER Catalunya \u2014del grupo Prisa, al que pertenece EL PA\u00cdS\u2014&hellip;\n","protected":false},"author":2,"featured_media":739579,"comment_status":"","ping_status":"","sticky":false,"template":"","format":"standard","meta":{"footnotes":""},"categories":[91],"tags":[6699,1980,5262,146,147,25,24,1448,56940,23],"class_list":["post-739578","post","type-post","status-publish","format-standard","has-post-thumbnail","category-entretenimiento","tag-cadena-ser","tag-cataluna","tag-comunicacion","tag-entertainment","tag-entretenimiento","tag-es","tag-espana","tag-radio","tag-radio-barcelona","tag-spain"],"share_on_mastodon":{"url":"","error":""},"_links":{"self":[{"href":"https:\/\/www.europesays.com\/es\/wp-json\/wp\/v2\/posts\/739578","targetHints":{"allow":["GET"]}}],"collection":[{"href":"https:\/\/www.europesays.com\/es\/wp-json\/wp\/v2\/posts"}],"about":[{"href":"https:\/\/www.europesays.com\/es\/wp-json\/wp\/v2\/types\/post"}],"author":[{"embeddable":true,"href":"https:\/\/www.europesays.com\/es\/wp-json\/wp\/v2\/users\/2"}],"replies":[{"embeddable":true,"href":"https:\/\/www.europesays.com\/es\/wp-json\/wp\/v2\/comments?post=739578"}],"version-history":[{"count":0,"href":"https:\/\/www.europesays.com\/es\/wp-json\/wp\/v2\/posts\/739578\/revisions"}],"wp:featuredmedia":[{"embeddable":true,"href":"https:\/\/www.europesays.com\/es\/wp-json\/wp\/v2\/media\/739579"}],"wp:attachment":[{"href":"https:\/\/www.europesays.com\/es\/wp-json\/wp\/v2\/media?parent=739578"}],"wp:term":[{"taxonomy":"category","embeddable":true,"href":"https:\/\/www.europesays.com\/es\/wp-json\/wp\/v2\/categories?post=739578"},{"taxonomy":"post_tag","embeddable":true,"href":"https:\/\/www.europesays.com\/es\/wp-json\/wp\/v2\/tags?post=739578"}],"curies":[{"name":"wp","href":"https:\/\/api.w.org\/{rel}","templated":true}]}}