{"id":739588,"date":"2026-08-31T03:01:11","date_gmt":"2026-08-31T03:01:11","guid":{"rendered":"https:\/\/www.europesays.com\/es\/739588\/"},"modified":"2026-08-31T03:01:11","modified_gmt":"2026-08-31T03:01:11","slug":"mourinho-de-acuerdo-con-bellingham-con-3-0-puede-haber-tendencia-a-relajarse-un-poco","status":"publish","type":"post","link":"https:\/\/www.europesays.com\/es\/739588\/","title":{"rendered":"Mourinho, de acuerdo con Bellingham: \u00abCon 3-0 puede haber tendencia a relajarse un poco\u00bb"},"content":{"rendered":"<p class=\"mb-4 text-lg md:leading-8 break-words\">Madrid, 30 ago (EFE).- El portugu\u00e9s Jos\u00e9 Mourinho, entrenador del Real Madrid, ponder\u00f3 la actitud del ingl\u00e9s Jude Bellingham en su equipo y se mostr\u00f3 de acuerdo con el ingl\u00e9s en la relajaci\u00f3n evidenciada en los \u00faltimos veinte minutos.<\/p>\n<p class=\"mb-4 text-lg md:leading-8 break-words\">El ingl\u00e9s, el m\u00e1s destacado del cuadro blanco, ensalz\u00f3 el buen primer tiempo pero subray\u00f3 que los \u00faltimos veinte minutos \u00abfueron mal\u00edsimos\u00bb.<\/p>\n<p class=\"mb-4 text-lg md:leading-8 break-words\">\u00abLos \u00faltimos 20 minutos, ganando 3-0, puede haber la tendencia de perder un poco el orden o relajarse un poquito. Esa sensaci\u00f3n la tuvimos todos. Pero es normal que no tengamos gasolina ni mentalidad para lograrlo los 90 minutos, es algo que tiene que ser progresivo\u00bb, se\u00f1al\u00f3 Mourinho.<\/p>\n<p class=\"mb-4 text-lg md:leading-8 break-words\">El preparador luso, que destac\u00f3 a Bellingham, desvel\u00f3 el pacto que ambos alcanzaron para que el futbolista no defienda \u00abcasi como un segundo lateral izquierdo\u00bb y que tuviera m\u00e1s libertad en sus funciones.<\/p>\n<p class=\"mb-4 text-lg md:leading-8 break-words\">\u00abEs muy exigente consigo mismo y con el resto, eso me gusta much\u00edsimo. Yo he pactado con \u00e9l que mi modo de verle era sin defender como casi un segundo lateral izquierdo. En el partido que ganamos con el Benfica explotamos mucho esa situaci\u00f3n. Ahora hemos organizado el equipo de otro modo, donde sabe perfectamente qu\u00e9 tiene que hacer\u00bb, dijo en rueda de prensa.<\/p>\n<p class=\"mb-4 text-lg md:leading-8 break-words\">Una comparecencia de prensa en la que evit\u00f3 hablar de las palabras de Juanfran Funes, entrenador del M\u00e1laga, en las que asegur\u00f3 que \u00absi les soplas- a los jugadores del Real Madrid- es falta, y nosotros tenemos que tener sangre para que sea falta\u00bb.<\/p>\n<p class=\"mb-4 text-lg md:leading-8 break-words\">\u00abNo merece comentario\u00bb, contest\u00f3. Tras esto, defendi\u00f3 a Camavinga, \u00abun chico muy amado que hizo un partidazo\u00bb y a Dean Huijsen, quien tambi\u00e9n pas\u00f3 dificultades la pasada temporada.<\/p>\n<p class=\"mb-4 text-lg md:leading-8 break-words\">\u00abNo quiero compararlo con el a\u00f1o pasado. Le conozco muy bien. Para m\u00ed, de un central me gusta mucho que tenga claridad con el bal\u00f3n, confianza para construir desde atr\u00e1s, que tenga la capacidad para hacer pases entre l\u00edneas, pero para m\u00ed lo m\u00e1s importante es su contundencia y su capacidad para ganar duelos y dar confianza de que tenemos dos hombres ah\u00ed atr\u00e1s\u00bb, se\u00f1al\u00f3.<\/p>\n<p class=\"mb-4 text-lg md:leading-8 break-words\">\u00abHa evolucionado bastante en poqu\u00edsimo tiempo. Tengo la sensaci\u00f3n de que ha fallado un pase entre l\u00edneas y despu\u00e9s completamente dominador en los duelos y las coberturas. Me gustan los centrales que defienden bien y si puede ser guapo y bueno con bal\u00f3n, perfecto\u00bb, brome\u00f3.<\/p>\n<p class=\"mb-4 text-lg md:leading-8 break-words\">Defensa a sus jugadores tras ganar 4-0 al M\u00e1laga para recuperar la felicidad tras dos campa\u00f1as dif\u00edciles: \u00abEs una misi\u00f3n dif\u00edcil y no de un mes, es algo de toda la temporada\u00bb valor\u00f3.<\/p>\n<p class=\"mb-4 text-lg md:leading-8 break-words\">(c) Agencia EFE<\/p>\n","protected":false},"excerpt":{"rendered":"Madrid, 30 ago (EFE).- El portugu\u00e9s Jos\u00e9 Mourinho, entrenador del Real Madrid, ponder\u00f3 la actitud del ingl\u00e9s Jude&hellip;\n","protected":false},"author":2,"featured_media":739589,"comment_status":"","ping_status":"","sticky":false,"template":"","format":"standard","meta":{"footnotes":""},"categories":[5],"tags":[131109,59104,131291,131292,50902,17,18,131293,131290,33709,1616,158,131288,131287,131296,131283,25,131289,24,131286,13,14,131294,131298,11,14924,30526,19,20,205,1264,131284,15442,9,10,15,16,76198,131295,131285,23,131297,131282,12,21,22,20877,15246],"class_list":["post-739588","post","type-post","status-publish","format-standard","has-post-thumbnail","category-titulares","tag-30-ago","tag-agencia-efe","tag-ahora-hemos-organizado-el-equipo-de-otro-modo","tag-alcanzaron-para-que-el-futbolista-no-defienda","tag-bellingham","tag-breaking-news","tag-breakingnews","tag-confianza-para-construir-desde-atras","tag-consigo-mismo-y-con","tag-dean-huijsen","tag-defensa","tag-el","tag-el-ingles","tag-el-portugues","tag-en-el-partido-que-ganamos-con","tag-entrenador-del-real-madrid","tag-es","tag-esa-sensacion-la-tuvimos-todos","tag-espana","tag-evidenciada-en-los","tag-featured-news","tag-featurednews","tag-gustan-los-centrales-que","tag-hablar-de-las-palabras-de-juanfran-funes","tag-headlines","tag-izquierdo","tag-jose-mourinho","tag-latest-news","tag-latestnews","tag-madrid","tag-minutos","tag-minutos-fueron-malisimos","tag-mourinho","tag-news","tag-noticias","tag-noticias-destacadas","tag-noticiasdestacadas","tag-pactado","tag-para-mi","tag-pero-es-normal-que-no","tag-spain","tag-tengo-la-sensacion-de-que-ha","tag-tiempo-pero","tag-titulares","tag-ultimas-noticias","tag-ultimasnoticias","tag-una","tag-yo"],"share_on_mastodon":{"url":"","error":"Validation failed: Text character limit of 500 exceeded"},"_links":{"self":[{"href":"https:\/\/www.europesays.com\/es\/wp-json\/wp\/v2\/posts\/739588","targetHints":{"allow":["GET"]}}],"collection":[{"href":"https:\/\/www.europesays.com\/es\/wp-json\/wp\/v2\/posts"}],"about":[{"href":"https:\/\/www.europesays.com\/es\/wp-json\/wp\/v2\/types\/post"}],"author":[{"embeddable":true,"href":"https:\/\/www.europesays.com\/es\/wp-json\/wp\/v2\/users\/2"}],"replies":[{"embeddable":true,"href":"https:\/\/www.europesays.com\/es\/wp-json\/wp\/v2\/comments?post=739588"}],"version-history":[{"count":0,"href":"https:\/\/www.europesays.com\/es\/wp-json\/wp\/v2\/posts\/739588\/revisions"}],"wp:featuredmedia":[{"embeddable":true,"href":"https:\/\/www.europesays.com\/es\/wp-json\/wp\/v2\/media\/739589"}],"wp:attachment":[{"href":"https:\/\/www.europesays.com\/es\/wp-json\/wp\/v2\/media?parent=739588"}],"wp:term":[{"taxonomy":"category","embeddable":true,"href":"https:\/\/www.europesays.com\/es\/wp-json\/wp\/v2\/categories?post=739588"},{"taxonomy":"post_tag","embeddable":true,"href":"https:\/\/www.europesays.com\/es\/wp-json\/wp\/v2\/tags?post=739588"}],"curies":[{"name":"wp","href":"https:\/\/api.w.org\/{rel}","templated":true}]}}