{"id":739598,"date":"2026-08-31T03:17:18","date_gmt":"2026-08-31T03:17:18","guid":{"rendered":"https:\/\/www.europesays.com\/es\/739598\/"},"modified":"2026-08-31T03:17:18","modified_gmt":"2026-08-31T03:17:18","slug":"llega-a-la-gran-pantalla-perros-y-diablos-la-pelicula-sobre-la-mafia-de-malaga-mas-quinqui","status":"publish","type":"post","link":"https:\/\/www.europesays.com\/es\/739598\/","title":{"rendered":"Llega a la gran pantalla &#8216;Perros y diablos&#8217;: la pel\u00edcula sobre la mafia de M\u00e1laga m\u00e1s quinqui"},"content":{"rendered":"<p style=\"\">La primera escena recuerda a Tarantino. A esa mesa en la que unos tipos duros desayunan antes de dar un golpe, mientras lanzan una teor\u00eda  &#8230; f\u00e1lica de &#8216;Like a Virgin&#8217; de Madonna. En &#8216;Perros y diablos&#8217;, la secuencia se repite. Aunque ser\u00eda la reuni\u00f3n opuesta a aquella: la que hacen los delincuentes tras el atraco. En este caso, la cita se produce adem\u00e1s con diez a\u00f1os de retraso, que es el tiempo que ha pasado entre barrotes uno de estos mafiosos tras el asalto a un banco de Marbella. El exrecluso fue el \u00fanico detenido y, tras mantener la boca cerrada, sus compinches le reciben para homenajearlo. Pero las cosas han cambiado en este tiempo. Con este prometedor arranque tarantiniano, el director malague\u00f1o Javier Ruiz estrena el pr\u00f3ximo viernes 4 de septiembre en el Auditorio Edgar Neville de la Diputaci\u00f3n de M\u00e1laga su segunda pel\u00edcula, acompa\u00f1ado de su elenco, que encabeza el ganador del Goya Joaqu\u00edn N\u00fa\u00f1ez y con el cartel de &#8216;No hay billetes&#8217;. Aunque avisa de que ya negocian su pr\u00f3ximo estreno en plataformas.<\/p>\n<p><img decoding=\"async\" loading=\"lazy\" src=\"https:\/\/www.europesays.com\/es\/wp-content\/uploads\/2026\/08\/9ad582cb-f35a-4571-9717-89ec328a1dfe_20260828180253-U25787821268LgE-680x700@Diario Sur.jpg\" class=\"v-a-img\" height=\"700\" alt=\"Antonio Coca, Juanma Rold\u00e1n, Manuel Jord\u00e1n y Joaqu\u00edn N\u00fa\u00f1ez, durante el rodaje de la primera escena.\" data-voc-vtm-id=\"in-text-traffic\" width=\"680\"\/><\/p>\n<p>Antonio Coca, Juanma Rold\u00e1n, Manuel Jord\u00e1n y Joaqu\u00edn N\u00fa\u00f1ez, durante el rodaje de la primera escena.<\/p>\n<p>(SUR)<\/p>\n<p class=\"v-d-p\" style=\"\">\u00abHay un evidente gui\u00f1o a Tarantino, pero tambi\u00e9n al cine de Guy Ritchie, Martin Scorsese e incluso Francis Ford Coppola, pero con ese rollo quinqui y de &#8216;thriller&#8217; de aqu\u00ed que tambi\u00e9n puede recordar al cine de Alberto Rodr\u00edguez de &#8216;Siete v\u00edrgenes&#8217; o &#8216;Grupo 7&#8217;\u00bb, avanza el realizador de &#8216;Tienes 24 horas&#8217;, que, frente a la mafia rusa, italiana u holandesa que retratan habitualmente las producciones criminales que se ambientan en la Costa del Sol, ha puesto su c\u00e1mara en los matones con denominaci\u00f3n de origen malague\u00f1a. Una suerte de cine negro de barrio, pero que tambi\u00e9n mira m\u00e1s all\u00e1. \u00abMarbella es una marca internacional que todo el mundo conoce, as\u00ed que situamos all\u00ed el atraco al banco que, a la vez, es tan local como universal\u00bb, cuenta el cineasta.<\/p>\n<p class=\"v-a-t\">\nEl director Javier Ruiz confiesa que poner la pel\u00edcula en pie ha sido una \u00abpesadilla, pero para cumplir los sue\u00f1os hay que enfrentarse a las pesadillas\u00bb\n<\/p>\n<p class=\"v-d-p\" style=\"\">Amistad, ambici\u00f3n, lealtad y traici\u00f3n son los ejes de esta historia sobre un atraco perfecto que no lo fue tanto y que, con la vuelta del \u00fanico que ha pagado su precio con una condena, desata viejas tensiones, secretos y cuentas pendientes. \u00abEn realidad, yo quer\u00eda hacer un &#8216;western&#8217; a partir de mi cortometraje &#8216;El \u00faltimo vaquero en pie&#8217;, pero como se me sal\u00eda de presupuesto me lo traje a la \u00e9poca actual y vi que lo m\u00e1s cercano era llevar la idea al mundo de los mafiosos\u00bb, cuenta Ruiz, que tambi\u00e9n sabe de n\u00fameros, ya que comparte su condici\u00f3n de cineasta con la de trabajador de Gestrisam, el organismo aut\u00f3nomo del Ayuntamiento de M\u00e1laga que se ocupa de la gesti\u00f3n tributaria.<\/p>\n<p class=\"v-d-p\" style=\"\">El director ha vuelto al cine independiente y de bajo presupuesto para autofinanciar esta cinta que, no obstante, ha costado m\u00e1s que esos 5.000 euros con los que sac\u00f3 adelante su debut. \u00abNo sabr\u00eda cuantificarlo, ya que hemos aumentado considerablemente el presupuesto con un elenco de hasta nueve actores principales cuyas historias se van cruzando, m\u00e1s localizaciones, un vestuario que hemos multiplicado por cuatro y tambi\u00e9n m\u00e1s jornadas de rodaje, ya que hemos pasado de dos semanas a m\u00e1s de veinte d\u00edas\u00bb, enumera Javier Ruiz, que confiesa que poner la pel\u00edcula en pie ha sido una \u00abpesadilla, pero para cumplir los sue\u00f1os hay que enfrentarse a las pesadillas\u00bb.<\/p>\n<p>\nTodo el rodaje acord\u00e1ndose de Meliveo\n<\/p>\n<p class=\"v-d-p\" style=\"\">El realizador malague\u00f1o no se olvida de las palabras de su coproductor y m\u00fasico de cabecera, Antonio Meliveo, que tras su debut le dijo que la pel\u00edcula m\u00e1s dif\u00edcil no era la primera, sino la segunda. \u00abMe he estado acordando de sus palabras todo el rodaje\u00bb, confiesa Ruiz, que al contar con un elenco tan amplio ha tenido que cuadrar agendas y filmar la pel\u00edcula a lo largo de varios meses. \u00ab\u00cdbamos a grabar de septiembre a diciembre, pero tuve que extenderlo hasta marzo. Ha sido duro\u00bb, asegura el director, que a\u00f1ade que, aunque han dispuesto de un presupuesto m\u00e1s holgado, el rodaje no habr\u00eda sido posible sin la entrega de todo su equipo y de ese reparto de actores que encabeza Joaqu\u00edn N\u00fa\u00f1ez (&#8216;Los tigres&#8217;), junto a Esther Garrido, Patxy Gamazo, Antonio Coca, Jorge Porras, Fran Chica, Sergio Coca, Manuel Jord\u00e1n y Juanma Rold\u00e1n.<\/p>\n<p class=\"v-a-t\">\nEl filme se ha rodado en la emblem\u00e1tica playa del Pe\u00f1\u00f3n del Cuervo, el pol\u00edgono El Viso, por Pinares de San Ant\u00f3n y el barrio de Miraflores de los \u00c1ngeles, adem\u00e1s de otros escenarios en Comares y la Costa del Sol\n<\/p>\n<p class=\"v-d-p\" style=\"\">Unos actores que dan vida a todo un muestrario de delincuentes que van del capo al listo, pasando por los ambiciosos, los yonquis y unos hermanos psic\u00f3patas de gatillo f\u00e1cil. Y entre los colaboradores del director no falta su \u00abtalism\u00e1n\u00bb, el compositor Antonio Meliveo, que \u00abentendi\u00f3 la pel\u00edcula desde el primer momento y ha hecho una banda sonora espectacular, con un tono desenfadado que va del rock and roll al blues\u00bb. A su lista de agradecimientos tambi\u00e9n une la oficina municipal de rodajes de la capital, M\u00e1laga Film Office, que les ha facilitado todas las localizaciones que van desde la emblem\u00e1tica playa del Pe\u00f1\u00f3n del Cuervo al pol\u00edgono El Viso, pasando por Pinares de San Ant\u00f3n y el barrio de Miraflores de los \u00c1ngeles, adem\u00e1s de otros escenarios en Comares y la Costa del Sol.<\/p>\n<p><img decoding=\"async\" loading=\"lazy\" src=\"https:\/\/www.europesays.com\/es\/wp-content\/uploads\/2026\/08\/PerrosyDiablos_rodaje-U47427334812CGD-680x476@Diario Sur.jpg\" class=\"v-a-img\" width=\"680\" height=\"478\" alt=\"El director Javier Ruiz, con gorra, durante el rodaje de 'Perros y diablos'.\" data-voc-vtm-id=\"in-text-traffic\"\/><\/p>\n<p>El director Javier Ruiz, con gorra, durante el rodaje de &#8216;Perros y diablos&#8217;.<\/p>\n<p>(SUR)<\/p>\n<p class=\"v-d-p\" style=\"\">Con las entradas agotadas para la proyecci\u00f3n en gran pantalla de este viernes, el director negocia el estreno del filme en operadoras de &#8216;streaming&#8217; para llegar a espectadores de todo el mundo. La anterior, &#8216;Tienes 24 horas&#8217;, se estren\u00f3 en Amazon Prime Video y estuvo un mes en el top nacional de las diez pel\u00edculas m\u00e1s vistas. \u00ab&#8217;Perros y diablos&#8217; va a gustar mucho y la idea es venderla bien a las plataformas para volver a rodar el a\u00f1o que viene, pero esta vez con un presupuesto m\u00e1s grande\u00bb, augura Javier Ruiz, que ya se ve dando vida a ese &#8216;western&#8217; que le ronda la cabeza.<\/p>\n","protected":false},"excerpt":{"rendered":"La primera escena recuerda a Tarantino. A esa mesa en la que unos tipos duros desayunan antes de&hellip;\n","protected":false},"author":2,"featured_media":739599,"comment_status":"","ping_status":"","sticky":false,"template":"","format":"standard","meta":{"footnotes":""},"categories":[169],"tags":[177,49683,146,147,25,24,176,3956,5012,18259,3855,175,23155,1257,4236,56367,57,23],"class_list":["post-739598","post","type-post","status-publish","format-standard","has-post-thumbnail","category-cine","tag-cine","tag-diablos","tag-entertainment","tag-entretenimiento","tag-es","tag-espana","tag-film","tag-gran","tag-llega","tag-mafia","tag-malaga","tag-movies","tag-pantalla","tag-pelicula","tag-perros","tag-quinqui","tag-sobre","tag-spain"],"share_on_mastodon":{"url":"https:\/\/pubeurope.com\/@es\/117187959029188481","error":""},"_links":{"self":[{"href":"https:\/\/www.europesays.com\/es\/wp-json\/wp\/v2\/posts\/739598","targetHints":{"allow":["GET"]}}],"collection":[{"href":"https:\/\/www.europesays.com\/es\/wp-json\/wp\/v2\/posts"}],"about":[{"href":"https:\/\/www.europesays.com\/es\/wp-json\/wp\/v2\/types\/post"}],"author":[{"embeddable":true,"href":"https:\/\/www.europesays.com\/es\/wp-json\/wp\/v2\/users\/2"}],"replies":[{"embeddable":true,"href":"https:\/\/www.europesays.com\/es\/wp-json\/wp\/v2\/comments?post=739598"}],"version-history":[{"count":0,"href":"https:\/\/www.europesays.com\/es\/wp-json\/wp\/v2\/posts\/739598\/revisions"}],"wp:featuredmedia":[{"embeddable":true,"href":"https:\/\/www.europesays.com\/es\/wp-json\/wp\/v2\/media\/739599"}],"wp:attachment":[{"href":"https:\/\/www.europesays.com\/es\/wp-json\/wp\/v2\/media?parent=739598"}],"wp:term":[{"taxonomy":"category","embeddable":true,"href":"https:\/\/www.europesays.com\/es\/wp-json\/wp\/v2\/categories?post=739598"},{"taxonomy":"post_tag","embeddable":true,"href":"https:\/\/www.europesays.com\/es\/wp-json\/wp\/v2\/tags?post=739598"}],"curies":[{"name":"wp","href":"https:\/\/api.w.org\/{rel}","templated":true}]}}