{"id":739602,"date":"2026-08-31T03:20:45","date_gmt":"2026-08-31T03:20:45","guid":{"rendered":"https:\/\/www.europesays.com\/es\/739602\/"},"modified":"2026-08-31T03:20:45","modified_gmt":"2026-08-31T03:20:45","slug":"la-feria-de-teatro-de-cyl-un-proyecto-consolidado-ante-el-reto-de-su-trigesima-edicion","status":"publish","type":"post","link":"https:\/\/www.europesays.com\/es\/739602\/","title":{"rendered":"La Feria de Teatro de CyL, \u00abun proyecto consolidado\u00bb ante el reto de su trig\u00e9sima edici\u00f3n"},"content":{"rendered":"<p><img decoding=\"async\" class=\"v-ath__i\" loading=\"lazy\" src=\"https:\/\/www.europesays.com\/es\/wp-content\/uploads\/2026\/08\/1788146445_756_autor-5496-foto-3.jpeg\" alt=\"Agencia EFE\"\/><\/p>\n<p>30\/08\/2026 a las 12:01h.<\/p>\n<p class=\"v-d-p\" style=\"\">Ciudad Rodrigo (Salamanca), 30 ago (EFE).- La Feria de Teatro de Castilla y Le\u00f3n, que baj\u00f3 este s\u00e1bado el tel\u00f3n en Ciudad Rodrigo (Salamanca) con m\u00e1s de 29.000 espectadores, encara su 30 edici\u00f3n en 2027 como un escaparate de la creaci\u00f3n en las periferias  &#8230; y una lanzadera de compa\u00f1\u00edas, tanto emergentes como consolidadas, que no han podido \u00abromper en los circuitos nacionales\u00bb. \u00abEs un proyecto plenamente consolidado, de referencia dentro del trabajo que hacemos desde las periferias y, sobre todo, es muy importante toda la atenci\u00f3n que prestamos al ecosistema de las artes esc\u00e9nicas del occidente peninsular\u00bb, explica en una entrevista con EFE el director de este certamen, Manuel Gonz\u00e1lez Fern\u00e1ndez, en el Teatro Nuevo Arrabal. Esta \u00faltima edici\u00f3n ha tenido el r\u00e9cord en participaci\u00f3n de compa\u00f1\u00edas de la Comunidad (casi el 40 % del total), que es el gran foco tradicional de la cita esc\u00e9nica junto con el mercado portugu\u00e9s y que parte del car\u00e1cter fronterizo de Ciudad Rodrigo, que se posiciona la \u00faltima semana de agosto como un punto de encuentro art\u00edstico a ambos lados de la Raya.  IMAGEN: JOTA. INCLUYE ENTREVISTA CON EL DIRECTOR DEL CERTAMEN, MANUEL GONZ\u00c1LEZ.<\/p>\n","protected":false},"excerpt":{"rendered":"30\/08\/2026 a las 12:01h. Ciudad Rodrigo (Salamanca), 30 ago (EFE).- La Feria de Teatro de Castilla y Le\u00f3n,&hellip;\n","protected":false},"author":2,"featured_media":739603,"comment_status":"","ping_status":"","sticky":false,"template":"","format":"standard","meta":{"footnotes":""},"categories":[91],"tags":[1575,34314,131299,2197,146,147,25,24,599,5568,5575,23,1651,26309],"class_list":["post-739602","post","type-post","status-publish","format-standard","has-post-thumbnail","category-entretenimiento","tag-ante","tag-consolidado","tag-cyl","tag-edicion","tag-entertainment","tag-entretenimiento","tag-es","tag-espana","tag-feria","tag-proyecto","tag-reto","tag-spain","tag-teatro","tag-trigesima"],"share_on_mastodon":{"url":"https:\/\/pubeurope.com\/@es\/117187970841799991","error":""},"_links":{"self":[{"href":"https:\/\/www.europesays.com\/es\/wp-json\/wp\/v2\/posts\/739602","targetHints":{"allow":["GET"]}}],"collection":[{"href":"https:\/\/www.europesays.com\/es\/wp-json\/wp\/v2\/posts"}],"about":[{"href":"https:\/\/www.europesays.com\/es\/wp-json\/wp\/v2\/types\/post"}],"author":[{"embeddable":true,"href":"https:\/\/www.europesays.com\/es\/wp-json\/wp\/v2\/users\/2"}],"replies":[{"embeddable":true,"href":"https:\/\/www.europesays.com\/es\/wp-json\/wp\/v2\/comments?post=739602"}],"version-history":[{"count":0,"href":"https:\/\/www.europesays.com\/es\/wp-json\/wp\/v2\/posts\/739602\/revisions"}],"wp:featuredmedia":[{"embeddable":true,"href":"https:\/\/www.europesays.com\/es\/wp-json\/wp\/v2\/media\/739603"}],"wp:attachment":[{"href":"https:\/\/www.europesays.com\/es\/wp-json\/wp\/v2\/media?parent=739602"}],"wp:term":[{"taxonomy":"category","embeddable":true,"href":"https:\/\/www.europesays.com\/es\/wp-json\/wp\/v2\/categories?post=739602"},{"taxonomy":"post_tag","embeddable":true,"href":"https:\/\/www.europesays.com\/es\/wp-json\/wp\/v2\/tags?post=739602"}],"curies":[{"name":"wp","href":"https:\/\/api.w.org\/{rel}","templated":true}]}}