{"id":739626,"date":"2026-08-31T03:43:33","date_gmt":"2026-08-31T03:43:33","guid":{"rendered":"https:\/\/www.europesays.com\/es\/739626\/"},"modified":"2026-08-31T03:43:33","modified_gmt":"2026-08-31T03:43:33","slug":"el-refugio-cinematografico-de-la-actriz-carla-hidalgo-este-fin-de-semana-la-ciudad-de-aragon-que-se-ha-convertido-en-un-escenario-de-pelicula","status":"publish","type":"post","link":"https:\/\/www.europesays.com\/es\/739626\/","title":{"rendered":"El Refugio cinematogr\u00e1fico de la actriz Carla Hidalgo este fin de semana: la ciudad de Arag\u00f3n que se ha convertido en un escenario de pel\u00edcula"},"content":{"rendered":"<p class=\"c-paragraph\">Desde el jueves y hasta este s\u00e1bado a las 12.00, Teruel ha sido un gran plat\u00f3 de cine donde cuatro equipos del rally cinematogr\u00e1fico<a href=\"https:\/\/www.heraldo.es\/noticias\/aragon\/teruel\/2026\/08\/25\/desafio-bunuel-convierte-teruel-un-plato-rodajes-contrarreloj-2047085.html\" title=\"El Desaf\u00edo Bu\u00f1uel convierte Teruel en un plat\u00f3 de rodajes contrarreloj\" target=\"_blank\" rel=\"nofollow noopener\"> Desaf\u00edo Bu\u00f1uel deb\u00edan rodar un corto en tan solo 48 horas que se presentaba esa misma noche.<\/a> Cuatro historias que se han rodado en lugares como el sal\u00f3n de plenos del Ayuntamiento de Teruel, el parque de las Arcillas, el interior del <b>Mausoleo de los Amantes, la Fonda del Tozal, la Logia del Museo<\/b> e, incluso, varios interiores de viviendas particulares de Teruel.\u00a0<\/p>\n<p class=\"c-paragraph\"><b>Un plat\u00f3 de cine a gran escala que ha atra\u00eddo a directores y actores, algunos con larga trayectoria como Carla Hidalgo<\/b>, una actriz con una extensa carrera profesional, entre las que destacan pel\u00edculas como Muertos de risa, Tuno negro, Clara no es un nombre de mujer o series como A las once en casa, El comisario o La que se avecina. Adem\u00e1s, ha presentado 20 programas de televisi\u00f3n y es productora de teatro y escritora de obras como Mi cajita de m\u00fasica, adem\u00e1s de dirigir la compa\u00f1\u00eda Youkali Escena, particip\u00f3 en Ladies Football Club.\u00a0<\/p>\n<p class=\"c-paragraph\">Y durante tres d\u00edas ha estado rodando sin descanso en la bonita ciudad de Teruel con el equipo de la camiseta rosa, dirigido por Sergi Ll\u00e1cer, cuyo corto rodado ha sido La noche del mediod\u00eda. <b>La historia planteaba una situaci\u00f3n absolutamente loca:\u2008una ma\u00f1ana cualquiera al Sol le ha dado por no salir <\/b>en Teruel, y poco a poco los vecinos y las fuerzas vivas de la ciudad van d\u00e1ndose cuenta de la gravedad de la situaci\u00f3n y tratando de encontrar una soluci\u00f3n.<\/p>\n<p>Rincones de cine<\/p>\n<p class=\"c-paragraph\">Sin duda, enclaves como el parque de las Arcillas, las escaleras del cementerio, el interior del Mausoleo de los Amantes, el Casino, la Fonda del Tozal o la logia del Museo Provincial son rincones de cine que ha pisado Hidalgo este fin de semana.\u00a0<\/p>\n","protected":false},"excerpt":{"rendered":"Desde el jueves y hasta este s\u00e1bado a las 12.00, Teruel ha sido un gran plat\u00f3 de cine&hellip;\n","protected":false},"author":2,"featured_media":739627,"comment_status":"","ping_status":"","sticky":false,"template":"","format":"standard","meta":{"footnotes":""},"categories":[91],"tags":[6456,4846,72466,146,147,25,24,1976,12319,23],"class_list":["post-739626","post","type-post","status-publish","format-standard","has-post-thumbnail","category-entretenimiento","tag-actriz","tag-carla","tag-cinematografico","tag-entertainment","tag-entretenimiento","tag-es","tag-espana","tag-hidalgo","tag-refugio","tag-spain"],"share_on_mastodon":{"url":"https:\/\/pubeurope.com\/@es\/117188061263350682","error":""},"_links":{"self":[{"href":"https:\/\/www.europesays.com\/es\/wp-json\/wp\/v2\/posts\/739626","targetHints":{"allow":["GET"]}}],"collection":[{"href":"https:\/\/www.europesays.com\/es\/wp-json\/wp\/v2\/posts"}],"about":[{"href":"https:\/\/www.europesays.com\/es\/wp-json\/wp\/v2\/types\/post"}],"author":[{"embeddable":true,"href":"https:\/\/www.europesays.com\/es\/wp-json\/wp\/v2\/users\/2"}],"replies":[{"embeddable":true,"href":"https:\/\/www.europesays.com\/es\/wp-json\/wp\/v2\/comments?post=739626"}],"version-history":[{"count":0,"href":"https:\/\/www.europesays.com\/es\/wp-json\/wp\/v2\/posts\/739626\/revisions"}],"wp:featuredmedia":[{"embeddable":true,"href":"https:\/\/www.europesays.com\/es\/wp-json\/wp\/v2\/media\/739627"}],"wp:attachment":[{"href":"https:\/\/www.europesays.com\/es\/wp-json\/wp\/v2\/media?parent=739626"}],"wp:term":[{"taxonomy":"category","embeddable":true,"href":"https:\/\/www.europesays.com\/es\/wp-json\/wp\/v2\/categories?post=739626"},{"taxonomy":"post_tag","embeddable":true,"href":"https:\/\/www.europesays.com\/es\/wp-json\/wp\/v2\/tags?post=739626"}],"curies":[{"name":"wp","href":"https:\/\/api.w.org\/{rel}","templated":true}]}}