{"id":739638,"date":"2026-08-31T03:56:18","date_gmt":"2026-08-31T03:56:18","guid":{"rendered":"https:\/\/www.europesays.com\/es\/739638\/"},"modified":"2026-08-31T03:56:18","modified_gmt":"2026-08-31T03:56:18","slug":"monbus-obradoiro-firma-una-gran-victoria-ante-asisa-joventut","status":"publish","type":"post","link":"https:\/\/www.europesays.com\/es\/739638\/","title":{"rendered":"Monbus Obradoiro firma una gran victoria ante Asisa Joventut"},"content":{"rendered":"<p class=\"ContentTypeText-module-scss-module__t80MYq__content__paragraph\"><strong><a class=\"ContentTypeText-module-scss-module__t80MYq__content__link\" href=\"https:\/\/acb.com\/docs\/descarga\/Pretemporada2627\/statsobra.jpg\" target=\"_blank\" rel=\"noopener nofollow\" node=\"[object Object]\">Estad\u00edsticas del partido<\/a><\/strong><\/p>\n<p class=\"ContentTypeText-module-scss-module__t80MYq__content__paragraph\">El Monbus Obradoiro logr\u00f3 este s\u00e1bado una clara victoria ante el Asisa Joventut por 77-96 en un duelo marcado por las m\u00faltiples bajas en ambos equipos debido a la disputa de partidos de selecciones en unas at\u00edpicas ventanas FIBA en agosto.<\/p>\n<p class=\"ContentTypeText-module-scss-module__t80MYq__content__paragraph\">Un 18-27 favorable para los gallegos en el tercer cuarto fue clave para que el equipo dirigido por Diego Epifanio se llevara el triunfo en su segundo test de pretemporada.<\/p>\n<p class=\"ContentTypeText-module-scss-module__t80MYq__content__paragraph\">El primer periodo fue en el que el Asisa Joventut mostr\u00f3 sus mejores sensaciones pese a ser su primer partido de temporada, con una magn\u00edfica carta de presentaci\u00f3n del escolta estadounidense Boogie Ellis, que anot\u00f3 11 puntos en cuatro minutos (28-24).<\/p>\n<p class=\"ContentTypeText-module-scss-module__t80MYq__content__paragraph\">Los catalanes llegaron a tener una m\u00e1xima de nueve puntos en el segundo cuarto, pero el Monbus Obradoiro se repuso del parcial verdinegro con unos buenos minutos de Alex Barcello desde la larga distancia, lo que provoc\u00f3 que los gallegos se marcharan por delante al tiempo de descanso (40-43).<\/p>\n<p class=\"ContentTypeText-module-scss-module__t80MYq__content__paragraph\">En la reanudaci\u00f3n se vio a un Asisa Joventut muy cansado f\u00edsicamente y el Monbus Obradoiro lo aprovech\u00f3 para irse con una ventaja superior a los diez puntos, y destac\u00f3 el exverdinegro \u00c1lex Gal\u00e1n, que estuvo m\u00e1s que notable en el poste bajo (58-70).<\/p>\n<p class=\"ContentTypeText-module-scss-module__t80MYq__content__paragraph\">Ya en los \u00faltimos diez minutos de partido, la Penya fue incapaz de reaccionar y el conjunto santiagu\u00e9s nunca vio peligrar su ventaja, m\u00e1s bien todo lo contrario, ya que la aument\u00f3 para finalizar el choque con un 77-96.<\/p>\n<p class=\"ContentTypeText-module-scss-module__t80MYq__content__paragraph\">Con este partido, los de Badalona acaban su concentraci\u00f3n de cinco d\u00edas en Asturias debido a la ocupaci\u00f3n del Ol\u00edmpic por diversos eventos no deportivos.<\/p>\n<p class=\"ContentTypeText-module-scss-module__t80MYq__content__paragraph\">El pr\u00f3ximo test de pretemporada del Asisa Joventut ser\u00e1 el pr\u00f3ximo 3 de septiembre ante el Kids&amp;Us Manresa, mientras que el Monbus Obradoiro ya no tendr\u00e1 partido hasta el 5 de septiembre ante el R\u00edo Breog\u00e1n.<\/p>\n","protected":false},"excerpt":{"rendered":"Estad\u00edsticas del partido El Monbus Obradoiro logr\u00f3 este s\u00e1bado una clara victoria ante el Asisa Joventut por 77-96&hellip;\n","protected":false},"author":2,"featured_media":739639,"comment_status":"","ping_status":"","sticky":false,"template":"","format":"standard","meta":{"footnotes":""},"categories":[269],"tags":[58880,299,298,168,25,24,4079,665,10281,22357,23,167],"class_list":["post-739638","post","type-post","status-publish","format-standard","has-post-thumbnail","category-baloncesto","tag-2026-27","tag-baloncesto","tag-basketball","tag-deportes","tag-es","tag-espana","tag-joventut","tag-liga-endesa","tag-obradoiro","tag-pretemporada-acb","tag-spain","tag-sports"],"share_on_mastodon":{"url":"https:\/\/pubeurope.com\/@es\/117188112425182940","error":""},"_links":{"self":[{"href":"https:\/\/www.europesays.com\/es\/wp-json\/wp\/v2\/posts\/739638","targetHints":{"allow":["GET"]}}],"collection":[{"href":"https:\/\/www.europesays.com\/es\/wp-json\/wp\/v2\/posts"}],"about":[{"href":"https:\/\/www.europesays.com\/es\/wp-json\/wp\/v2\/types\/post"}],"author":[{"embeddable":true,"href":"https:\/\/www.europesays.com\/es\/wp-json\/wp\/v2\/users\/2"}],"replies":[{"embeddable":true,"href":"https:\/\/www.europesays.com\/es\/wp-json\/wp\/v2\/comments?post=739638"}],"version-history":[{"count":0,"href":"https:\/\/www.europesays.com\/es\/wp-json\/wp\/v2\/posts\/739638\/revisions"}],"wp:featuredmedia":[{"embeddable":true,"href":"https:\/\/www.europesays.com\/es\/wp-json\/wp\/v2\/media\/739639"}],"wp:attachment":[{"href":"https:\/\/www.europesays.com\/es\/wp-json\/wp\/v2\/media?parent=739638"}],"wp:term":[{"taxonomy":"category","embeddable":true,"href":"https:\/\/www.europesays.com\/es\/wp-json\/wp\/v2\/categories?post=739638"},{"taxonomy":"post_tag","embeddable":true,"href":"https:\/\/www.europesays.com\/es\/wp-json\/wp\/v2\/tags?post=739638"}],"curies":[{"name":"wp","href":"https:\/\/api.w.org\/{rel}","templated":true}]}}