{"id":739658,"date":"2026-08-31T04:17:24","date_gmt":"2026-08-31T04:17:24","guid":{"rendered":"https:\/\/www.europesays.com\/es\/739658\/"},"modified":"2026-08-31T04:17:24","modified_gmt":"2026-08-31T04:17:24","slug":"de-200-a-1-000-euros-la-dura-sancion-que-interpone-la-dgt-a-los-ciclistas-canarios-por-cometer-esta-infraccion-habitual-circulando","status":"publish","type":"post","link":"https:\/\/www.europesays.com\/es\/739658\/","title":{"rendered":"De 200 a 1.000 euros: la dura sanci\u00f3n que interpone la DGT a los ciclistas canarios por cometer esta infracci\u00f3n habitual circulando"},"content":{"rendered":"<p class=\"ft-text\">La <strong>bicicleta<\/strong> se ha convertido en un medio de transporte cada vez m\u00e1s utilizado por los ciudadanos. Muchas personas se decantan por ella como ocio, mientras que otras la han escogido como su medio de transporte por su sostenibilidad. Sin embargo, hay quienes los desconocen pero l<strong>os ciclistas tambi\u00e9n deben cumplir con la normativa de tr\u00e1fico<\/strong> o de lo contrario se enfrentan a elevadas sanciones econ\u00f3micas.<\/p>\n<p class=\"ft-text\">El <strong>Ministerio del Interior<\/strong> y la <strong>Direcci\u00f3n General de Tr\u00e1fico (DGT)<\/strong> han recordado recientemente algunas de las <strong>obligaciones que deben respetar los ciclistas<\/strong> para garantizar tanto su seguridad como la del resto de usuarios de la v\u00eda. \u00abAntes de pedalear, recuerda: la seguridad empieza por conocer y respetar las normas\u00bb, avisan.<\/p>\n<p>Respetar la normativa de tr\u00e1fico es fundamental<\/p>\n<p class=\"ft-text\">Al igual que los conductores, los ciclistas deben respetar la normativa establecida as\u00ed como los sem\u00e1foros, las se\u00f1ales de tr\u00e1fico y propiedades de paso o , de lo contrario, pueden ser multados. Una de las infracciones m\u00e1s graves es <strong>circular bajo los efectos del alcohol<\/strong>. Los ciclistas est\u00e1n obligados a someterse a las pruebas de alcoholemia cuando sean requeridos por los agentes y las sanciones pueden oscilar entre los<strong> 500 y 1.000 euros<\/strong>, dependiendo de la gravedad de la infracci\u00f3n.<\/p>\n<p><img decoding=\"async\" src=\"https:\/\/www.europesays.com\/es\/wp-content\/uploads\/2026\/08\/a4067bda-2f39-4120-8e39-7784351c8e9e_alta-libre-aspect-ratio_default_0_x600y225.jpg\" width=\"1200\" height=\"675\" alt=\"Los ciclistas deben respetar la normativa de tr\u00e1fico\" class=\"ft-helper-img-rd\" loading=\"lazy\" fetchpriority=\"auto\"\/><\/p>\n<p class=\"ft-helper-fontColor-quaternary ft-helper-fontSize-body-S ft-helper-spacer-t-xxs\">Los ciclistas deben respetar la normativa de tr\u00e1fico  \/ L.P<\/p>\n<p>Nada de dispositivos electr\u00f3nicos<\/p>\n<p class=\"ft-text\">Las autoridades recuerdan tambi\u00e9n que est\u00e1 prohibido el uso de dispositivos electr\u00f3nicos mientras se circula en bicicleta, es decir, <strong>ni tel\u00e9fono m\u00f3vil ni auriculares<\/strong>, ya que estos <strong>influyen negativamente en al atenci\u00f3n y dificultan la percepci\u00f3n de los riesgos<\/strong> que pueden aparecen en la v\u00eda. <\/p>\n<p class=\"ft-text\">No respetar es obligaci\u00f3n est\u00e1 sancionado con <strong>200 euros<\/strong>.<\/p>\n<p>Elementos imprescindibles para circular en bicicleta<\/p>\n<p class=\"ft-text\">La normativa establece que los ciclistas <strong>deben ser vistos desde al menos 150 metros, para que el conductor pueda adelantarlos garantizando la m\u00e1xima seguridad al detectar su presencia en las carreteras. <\/strong>Para poder ser bien vistos, deben utilizar un sistema de alumbrado obligatorio incluye:<\/p>\n<ul class=\"ft-list ft-list--primary\" data-aida-text=\"\">\n<li class=\"ft-list__item\">Luz blanca en la parte delantera<\/li>\n<li class=\"ft-list__item\">Luz roja trasera<\/li>\n<li class=\"ft-list__item\">Dispositivo reflectante trasero rojo no triangular.<\/li>\n<\/ul>\n<p class=\"ft-text\">Todas las luces deben estar <strong>homologadas por la Uni\u00f3n Europea<\/strong>. Circular sin el alumbrado adecuado o con dispositivos no certificados supone <strong>multas de hasta 200 euros. <\/strong>Tambi\u00e9n es obligatorio es uso de prendas reflectantes es obligatorio tanto en<strong> v\u00edas urbanas como interurbanas<\/strong>, no llevar prenda de este estilo puede acarrear <strong>multas de hasta 100 euros.<\/strong><\/p>\n<p class=\"ft-text\">El uso del <strong>casco homologado<\/strong> es la principal protecci\u00f3n con la que cuentan los ciclistas. No llevar casco supone una <strong>multa de hasta 200 euros<\/strong>.<\/p>\n<p class=\"ft-text\">Adem\u00e1s, los ciclistas debe indicar al resto de usuarios las <strong>intenciones<\/strong> que tiene mientras est\u00e1n circulando. El Reglamento General de Circulaci\u00f3n recoge algunas de as maniobras m\u00e1s habituales como  cambio de direcci\u00f3n, giro, cambio de carril o incorporaci\u00f3n a la circulaci\u00f3n, todo indicado mediante las s<strong>e\u00f1ales gestuales<\/strong>.<\/p>\n<p class=\"ft-text\">En el caso de <strong>no se\u00f1alizar correctamente estas maniobras o incorporarse de forma peligrosa a la v\u00eda<\/strong> puede conllevar sanciones de <strong>200 euros<\/strong>.<\/p>\n<p>C\u00f3mo deben circular los ciclistas<\/p>\n<p class=\"ft-text\">La <a class=\"ft-link ft-link--decoration\" href=\"https:\/\/www.dgt.es\/inicio\/\" rel=\"nofollow noopener\" target=\"_blank\">DGT<\/a> recuerda que los ciclistas tiene las mismas obligaciones que cualquier otro conductor y deben respetar las normas de circulaci\u00f3n. Estas son algunas indicaciones que recoge la nueva normativa.<\/p>\n<p>En ciudad:<\/p>\n<ul class=\"ft-list ft-list--primary\" data-aida-text=\"\">\n<li class=\"ft-list__item\">Las bicicletas deben circular<strong> por el carril, <\/strong>pudiendo acercarse a la derecha si es seguro.<\/li>\n<li class=\"ft-list__item\">Deben mantener una separaci\u00f3n de seguridad respecto a los bordillos y veh\u00edculos estacionados.<\/li>\n<li class=\"ft-list__item\">Si van en grupo, solo pueden <strong>circular de dos en dos<\/strong>, no m\u00e1s.<\/li>\n<\/ul>\n<p>En carretera:<\/p>\n<ul class=\"ft-list ft-list--primary\" data-aida-text=\"\">\n<li class=\"ft-list__item\">Se debe circular por el <strong>arc\u00e9n derecho<\/strong> siempre que exista y sea transitable.<\/li>\n<li class=\"ft-list__item\">Solo pueden abandonarlo en descensos prolongados, siempre y cuando sea seguro.<\/li>\n<li class=\"ft-list__item\">Los ciclistas pueden circular<strong> en paralelo<\/strong>, siempre situados al extremo derechos, salvo tramos sin visibilidad (curvas y rasantes) y cuando est\u00e9n aglomerados que deben <strong>colocarse en hilera.<\/strong><\/li>\n<\/ul>\n","protected":false},"excerpt":{"rendered":"La bicicleta se ha convertido en un medio de transporte cada vez m\u00e1s utilizado por los ciudadanos. Muchas&hellip;\n","protected":false},"author":2,"featured_media":739659,"comment_status":"","ping_status":"","sticky":false,"template":"","format":"standard","meta":{"footnotes":""},"categories":[273],"tags":[1896,313,2838,312,168,814,4482,25,24,9068,27604,18800,585,23,167,589],"class_list":["post-739658","post","type-post","status-publish","format-standard","has-post-thumbnail","category-ciclismo","tag-canarias","tag-ciclismo","tag-ciclistas","tag-cycling","tag-deportes","tag-dgt","tag-dv","tag-es","tag-espana","tag-habitual","tag-infraccion","tag-sancion","tag-seguridad","tag-spain","tag-sports","tag-trafico"],"share_on_mastodon":{"url":"https:\/\/pubeurope.com\/@es\/117188195849219858","error":""},"_links":{"self":[{"href":"https:\/\/www.europesays.com\/es\/wp-json\/wp\/v2\/posts\/739658","targetHints":{"allow":["GET"]}}],"collection":[{"href":"https:\/\/www.europesays.com\/es\/wp-json\/wp\/v2\/posts"}],"about":[{"href":"https:\/\/www.europesays.com\/es\/wp-json\/wp\/v2\/types\/post"}],"author":[{"embeddable":true,"href":"https:\/\/www.europesays.com\/es\/wp-json\/wp\/v2\/users\/2"}],"replies":[{"embeddable":true,"href":"https:\/\/www.europesays.com\/es\/wp-json\/wp\/v2\/comments?post=739658"}],"version-history":[{"count":0,"href":"https:\/\/www.europesays.com\/es\/wp-json\/wp\/v2\/posts\/739658\/revisions"}],"wp:featuredmedia":[{"embeddable":true,"href":"https:\/\/www.europesays.com\/es\/wp-json\/wp\/v2\/media\/739659"}],"wp:attachment":[{"href":"https:\/\/www.europesays.com\/es\/wp-json\/wp\/v2\/media?parent=739658"}],"wp:term":[{"taxonomy":"category","embeddable":true,"href":"https:\/\/www.europesays.com\/es\/wp-json\/wp\/v2\/categories?post=739658"},{"taxonomy":"post_tag","embeddable":true,"href":"https:\/\/www.europesays.com\/es\/wp-json\/wp\/v2\/tags?post=739658"}],"curies":[{"name":"wp","href":"https:\/\/api.w.org\/{rel}","templated":true}]}}