{"id":739692,"date":"2026-08-31T04:50:12","date_gmt":"2026-08-31T04:50:12","guid":{"rendered":"https:\/\/www.europesays.com\/es\/739692\/"},"modified":"2026-08-31T04:50:12","modified_gmt":"2026-08-31T04:50:12","slug":"antonio-hidalgo-entrenador-del-deportivo-el-primer-gol-nos-indica-lo-poderosos-que-somos-juntos","status":"publish","type":"post","link":"https:\/\/www.europesays.com\/es\/739692\/","title":{"rendered":"Antonio Hidalgo, entrenador del Deportivo: \u00abEl primer gol nos indica lo poderosos que somos juntos\u00bb"},"content":{"rendered":"<p class=\"ft-text\">\u00abUna aut\u00e9ntica locura\u00bb. As\u00ed defini\u00f3 <a class=\"ft-link ft-link--decoration\" href=\"https:\/\/www.laopinioncoruna.es\/deportivo\/2026\/08\/29\/hidalgo-celebra-paz-social-deportivo-133755188.html\" rel=\"nofollow noopener\" target=\"_blank\"><strong>Antonio Hidalgo<\/strong><\/a><strong> <\/strong>el momento en el que <a class=\"ft-link ft-link--decoration\" href=\"https:\/\/www.laopinioncoruna.es\/deportivo\/2026\/08\/30\/3-1-riazor-empuja-depor-133787186.html\" rel=\"nofollow noopener\" target=\"_blank\">el <\/a><a class=\"ft-link ft-link--decoration\" href=\"https:\/\/www.laopinioncoruna.es\/deportivo\/2026\/08\/30\/3-1-riazor-empuja-depor-133787186.html\" rel=\"nofollow noopener\" target=\"_blank\"><strong>Deportivo <\/strong><\/a><a class=\"ft-link ft-link--decoration\" href=\"https:\/\/www.laopinioncoruna.es\/deportivo\/2026\/08\/30\/3-1-riazor-empuja-depor-133787186.html\" rel=\"nofollow noopener\" target=\"_blank\">comenz\u00f3 a decantar el triunfo contra el <\/a><a class=\"ft-link ft-link--decoration\" href=\"https:\/\/www.laopinioncoruna.es\/deportivo\/2026\/08\/30\/3-1-riazor-empuja-depor-133787186.html\" rel=\"nofollow noopener\" target=\"_blank\"><strong>Valencia<\/strong><\/a>, el primero en su regreso a la m\u00e1xima categor\u00eda. \u00ab<a class=\"ft-link ft-link--decoration\" href=\"https:\/\/www.laopinioncoruna.es\/deportivo\/2026\/08\/30\/alegria-poetica-deportivo-valiente-133788346.html\" rel=\"nofollow noopener\" target=\"_blank\">En el mismo minuto en el que todo el mundo se puso a cantar, lleg\u00f3 el gol<\/a>. Es muy bonito y nos indica lo poderosos que somos juntos\u00bb, resalt\u00f3 el t\u00e9cnico de <strong>Canovelles <\/strong>en la sala de prensa de <strong>Riazor<\/strong>. Se queda con los tres puntos logrados en casa, los primeros que consigue en la \u00e9lite como entrenador, tras \u00abun partido muy trabajado\u00bb.<\/p>\n<p class=\"ft-text\">\u00abMerecimos la victoria, pero cada error te penaliza. Tenemos que estar muy ajustados\u00bb, apremia <strong>Antonio Hidalgo <\/strong>con el triunfo ya en el bolsillo. El entrenador catal\u00e1n sabe que \u00abqueda mucho por delante\u00bb, pero se muestra satisfecho con el rendimiento ofrecido en la tercera jornada. \u00abMe deja tranquilo. Hicimos un partido muy interesante, creo que concedimos poqu\u00edsimo y estuvimos muy ajustados en la presi\u00f3n\u00bb, analiz\u00f3 Hidalgo. A\u00f1adi\u00f3 su satisfacci\u00f3n por haber podido \u00abcontrolar todas las facetas del juego\u00bb.<\/p>\n<p>Los nombres propios<\/p>\n<p class=\"ft-text\">A <strong>Antonio Hidalgo <\/strong>ya no le quedan calificativos para elogiar a <a class=\"ft-link ft-link--decoration\" href=\"https:\/\/www.laopinioncoruna.es\/deportivo\/2026\/08\/30\/jugadores-deportivo-valencia-notas-tercer-133787365.html\" rel=\"nofollow noopener\" target=\"_blank\"><strong>Aubameyang<\/strong><\/a>. \u00abSu nivel es brutal, lo demostr\u00f3 durante muchos a\u00f1os. Tiene un compromiso brutal con el club y esa veteran\u00eda para ense\u00f1ar a los j\u00f3venes\u00bb, coment\u00f3 sobre el delantero gabon\u00e9s en los micr\u00f3fonos de <strong>Dazn<\/strong>. No se qued\u00f3 atr\u00e1s al hablar de<strong> Bil Nsongo<\/strong>: \u00abHizo un partido muy completo, pero hay que seguir exigi\u00e9ndole, tiene un techo m\u00e1s alto\u00bb.<\/p>\n<p class=\"ft-text\">Fue un encuentro en el que resaltar otras actuaciones individuales. <strong>Riki <\/strong>entr\u00f3 en su once inicial para reforzar el centro del campo y cumpli\u00f3 en los minutos que tuvo en el c\u00e9sped. \u00abCre\u00edamos que en esa posici\u00f3n donde lo \u00edbamos a ubicar nos pod\u00eda dar ciertas superioridades\u00bb, detall\u00f3 sobre el centrocampista asturiano. <strong>Gijselhart<\/strong>, saliendo desde el banquillo en la segunda parte, vivi\u00f3 tambi\u00e9n su particular debut en partido oficial con el <strong>Deportivo<\/strong>. \u00abEs un jugador con much\u00edsimo f\u00edsico, es capaz de leer posiciones para aguantarse. Cre\u00edamos que necesit\u00e1bamos piernas en ese momento porque sab\u00edamos que nos iban a empujar a la \u00faltima l\u00ednea\u00bb, reflexion\u00f3 el t\u00e9cnico de Canovelles.<\/p>\n<p class=\"ft-text\"><strong>Bright Ede <\/strong>cometi\u00f3 un error que acab\u00f3 en el 2-1 de <strong>Umar Sadiq <\/strong>para el <strong>Valencia<\/strong>, pero el entrenador quiere conducir al zaguero polaco por el buen camino. \u00abEs un chico muy joven, de 19 a\u00f1os. Est\u00e1 en ese proceso acelerado de llegar a <strong>Primera <\/strong>y, encima, con un protagonismo muy alto. El error le va a hacer ver c\u00f3mo funciona la profesi\u00f3n\u00bb, apunt\u00f3.<\/p>\n<p>F\u00edsico y mercado<\/p>\n<p class=\"ft-text\">No fue consciente del origen de la tarjeta roja a <strong>Altimira <\/strong>y puso su mirada en la mejor\u00eda f\u00edsica de los jugadores de su plantel. \u00ab<strong>Jensen<\/strong>, <strong>Mella <\/strong>y <strong>Alti <\/strong>hicieron todo lo posible por estar en el principio. Hay una fatiga que hay que tolerar y poco a poco se encontrar\u00e1n m\u00e1s frescos. Tienen muchas ganas de competir y seguir creciendo.<\/p>\n<p class=\"ft-text\">A pocas horas de que cierre la ventana de fichajes, <strong>Hidalgo <\/strong>no da pistas sobre las operaciones del <strong>Deportivo<\/strong>. \u00abLos mercados siempre est\u00e1n abiertos hasta el \u00faltimo momento\u00bb, concluy\u00f3<\/p>\n","protected":false},"excerpt":{"rendered":"\u00abUna aut\u00e9ntica locura\u00bb. As\u00ed defini\u00f3 Antonio Hidalgo el momento en el que el Deportivo comenz\u00f3 a decantar el&hellip;\n","protected":false},"author":2,"featured_media":739693,"comment_status":"","ping_status":"","sticky":false,"template":"","format":"standard","meta":{"footnotes":""},"categories":[93],"tags":[1247,168,412,2226,25,24,1976,977,23,167],"class_list":["post-739692","post","type-post","status-publish","format-standard","has-post-thumbnail","category-deportes","tag-antonio","tag-deportes","tag-deportivo","tag-entrenador","tag-es","tag-espana","tag-hidalgo","tag-primer","tag-spain","tag-sports"],"share_on_mastodon":{"url":"","error":""},"_links":{"self":[{"href":"https:\/\/www.europesays.com\/es\/wp-json\/wp\/v2\/posts\/739692","targetHints":{"allow":["GET"]}}],"collection":[{"href":"https:\/\/www.europesays.com\/es\/wp-json\/wp\/v2\/posts"}],"about":[{"href":"https:\/\/www.europesays.com\/es\/wp-json\/wp\/v2\/types\/post"}],"author":[{"embeddable":true,"href":"https:\/\/www.europesays.com\/es\/wp-json\/wp\/v2\/users\/2"}],"replies":[{"embeddable":true,"href":"https:\/\/www.europesays.com\/es\/wp-json\/wp\/v2\/comments?post=739692"}],"version-history":[{"count":0,"href":"https:\/\/www.europesays.com\/es\/wp-json\/wp\/v2\/posts\/739692\/revisions"}],"wp:featuredmedia":[{"embeddable":true,"href":"https:\/\/www.europesays.com\/es\/wp-json\/wp\/v2\/media\/739693"}],"wp:attachment":[{"href":"https:\/\/www.europesays.com\/es\/wp-json\/wp\/v2\/media?parent=739692"}],"wp:term":[{"taxonomy":"category","embeddable":true,"href":"https:\/\/www.europesays.com\/es\/wp-json\/wp\/v2\/categories?post=739692"},{"taxonomy":"post_tag","embeddable":true,"href":"https:\/\/www.europesays.com\/es\/wp-json\/wp\/v2\/tags?post=739692"}],"curies":[{"name":"wp","href":"https:\/\/api.w.org\/{rel}","templated":true}]}}