{"id":739702,"date":"2026-08-31T04:56:12","date_gmt":"2026-08-31T04:56:12","guid":{"rendered":"https:\/\/www.europesays.com\/es\/739702\/"},"modified":"2026-08-31T04:56:12","modified_gmt":"2026-08-31T04:56:12","slug":"neuhardenberg-el-pueblo-del-este-en-el-que-las-dos-alemanias-se-dan-la-espalda-internacional","status":"publish","type":"post","link":"https:\/\/www.europesays.com\/es\/739702\/","title":{"rendered":"Neuhardenberg : El pueblo del Este en el que las dos Alemanias se dan la espalda | Internacional"},"content":{"rendered":"<p class=\"\">\u201cPor fin se largan\u201d, murmura Lothar Malitzke mientras da una calada a su cigarrillo. Equipos de la polic\u00eda desinstalaban el mi\u00e9rcoles las barreras de protecci\u00f3n que hab\u00edan colocado frente a su casa. Malitzke ha residido los 83 a\u00f1os de su vida en Neuhardenberg, un pueblo de 3.000 habitantes del estado de Brandeburgo, en el este de Alemania. Su vivienda se encuentra frente al castillo de Neuhardenberg, en el centro del municipio,<a href=\"https:\/\/elpais.com\/internacional\/2026-08-26\/democristianos-y-socialdemocratas-se-conjuran-para-mantener-la-coalicion-con-sus-lideres-en-la-cuerda-floja.html\" target=\"_self\" rel=\"nofollow noopener\" title=\"https:\/\/elpais.com\/internacional\/2026-08-26\/democristianos-y-socialdemocratas-se-conjuran-para-mantener-la-coalicion-con-sus-lideres-en-la-cuerda-floja.html\"> donde el 25 y 26 de agosto se hospedaron los ministros del Gobierno alem\u00e1n<\/a> en unas jornadas de trabajo. Durante dos d\u00edas pr\u00e1cticamente no hab\u00eda un alma en las calles del municipio. Pero cuando el c\u00f3nclave pol\u00edtico termin\u00f3, la vida volvi\u00f3 de repente a la normalidad y los vecinos salieron de nuevo a pasear. <\/p>\n<p class=\"\">\u201cNadie quiere a esta gente aqu\u00ed\u201d, repet\u00eda Malitzke.<\/p>\n<p><img alt=\"El canciller alem\u00e1n, Friedrich Merz (centro), y los miembros del gabinete, en Neuhardenberg.\" decoding=\"auto\" class=\"_re lazyload a_m-h\" height=\"276\"  width=\"414\"  src=\"https:\/\/www.europesays.com\/es\/wp-content\/uploads\/2026\/08\/2U3ZDNYZSFPTLFC465RTRR7IAA.jpg\" loading=\"lazy\" fetchpriority=\"low\"\/>Merz y sus ministros, el 25 de agosto en el castillo de Neuhardenberg.FILIP SINGER (EFE)<\/p>\n<p class=\"\">Las reuniones del Gobierno alem\u00e1n en Neuhardenberg se suceden de forma intermitente desde hace dos d\u00e9cadas. La primera vez fue en 2004, por iniciativa de Gerhard Schr\u00f6der. El excanciller eligi\u00f3 el lugar como s\u00edmbolo de la lucha por la democracia: en el castillo se ide\u00f3 en 1944 el <a href=\"https:\/\/elpais.com\/internacional\/2014\/07\/20\/actualidad\/1405874343_535345.html\" target=\"_self\" rel=\"nofollow noopener\" title=\"https:\/\/elpais.com\/internacional\/2014\/07\/20\/actualidad\/1405874343_535345.html\">atentado fallido del coronel Claus von Stauffenberg para asesinar a Adolf Hitler<\/a>.<\/p>\n<p class=\"\">El objetivo es crear esp\u00edritu de equipo en los Gobiernos de coalici\u00f3n y preparar el curso pol\u00edtico tras el verano. Im\u00e1genes del impresionante palacio barroco y de sus jardines aparecen en medios nacionales e internacionales. <a href=\"https:\/\/elpais.com\/internacional\/2026-08-26\/berlin-quiere-medidas-urgentes-en-inteligencia-artificial-para-evitar-que-el-futuro-de-alemania-se-decida-en-pekin-y-washington.html\" target=\"_self\" rel=\"nofollow noopener\" title=\"https:\/\/elpais.com\/internacional\/2026-08-26\/berlin-quiere-medidas-urgentes-en-inteligencia-artificial-para-evitar-que-el-futuro-de-alemania-se-decida-en-pekin-y-washington.html\">Neuhardenberg est\u00e1 por unos d\u00edas en todas las pantallas<\/a>. \u201cNo necesitamos esta promoci\u00f3n, el pueblo ya era de sobra conocido antes de que llegaran estos\u201d, dice Malitzke: \u201c\u00bfSab\u00eda usted que aqu\u00ed hab\u00eda unas de las bases a\u00e9reas m\u00e1s importantes de la Rep\u00fablica Democr\u00e1tica Alemana (RDA)? Pues la base y sus empleos se fueron al traste, como todo, tras la reunificaci\u00f3n\u201d.<\/p>\n<p><img alt=\"\" decoding=\"auto\" class=\"_re lazyload a_m-h\" height=\"276\"  width=\"414\"  src=\"https:\/\/www.europesays.com\/es\/wp-content\/uploads\/2026\/08\/UHQ2SGHHUJHXPORLWLNGKGTUMY.jpg\" loading=\"lazy\" fetchpriority=\"low\"\/>Banderas de la extinta RDA en el acceso a la base a\u00e9rea de Neuhardenberg, el 26 de agosto.Cristian Segura<\/p>\n<p class=\"\">En el aer\u00f3dromo tienen la sede unas pocas empresas, como una planta fotovoltaica. En uno de los accesos a la antigua base militar dan la bienvenida dos banderas de la extinta RDA. \u201cEn Neuhardenberg <a href=\"https:\/\/elpais.com\/internacional\/2015\/08\/21\/actualidad\/1440175270_772158.html\" target=\"_self\" rel=\"nofollow noopener\" title=\"https:\/\/elpais.com\/internacional\/2015\/08\/21\/actualidad\/1440175270_772158.html\">ten\u00eda su avi\u00f3n oficial Erick Honecker [presidente de la RDA]<\/a>, desde aqu\u00ed viajaba \u00e9l, era un orgullo para el pueblo\u201d, dice Rocko B. (prefiere no revelar su apellido), un amante local de la historia. Ante su casa tiene el busto de Karl Marx que recuerda que durante la RDA, el pueblo fue rebautizado como Marxwalde, en honor al padre del socialismo. Neuhardenberg tiene otras calles centrales dedicadas a referentes del comunismo, desde Friedrich Engels a Ernst Th\u00e4lmann.<\/p>\n<p class=\"\">\u201cEsta gente vive al margen de la realidad\u201d, dice Marco Kube, responsable de la oficina de turismo del pueblo: \u201cEn otras ocasiones dejaban que la gente se acercara al palacio, incluso para charlar algo con los vecinos, ahora esto era imposible\u201d. \u201cDe todas formas, si Friedrich Merz [el canciller] se acercara aqu\u00ed, tampoco me apetecer\u00eda hablar con \u00e9l, no es bienvenido en el pueblo\u201d, a\u00f1ade este joven de 32 a\u00f1os.<\/p>\n<p class=\"\">La realidad que evita afrontar la coalici\u00f3n de Gobierno de la CDU de Merz, los socialdem\u00f3cratas del SPD y los b\u00e1varos de la CSU, seg\u00fan Kube, es el malestar que alimenta a AfD. El partido de extrema derecha recibi\u00f3 un 50,6% de los votos de Neuhardenberg en las elecciones federales de 2025. En el estado vecino de Sajonia-Anhalt, donde en una semana se celebran elecciones,<a href=\"https:\/\/elpais.com\/internacional\/2026-08-20\/el-hombre-mas-peligroso-de-alemania-una-portada-de-prensa-revoluciona-la-campana-electoral-de-la-extrema-derecha.html\" target=\"_self\" rel=\"nofollow noopener\" title=\"https:\/\/elpais.com\/internacional\/2026-08-20\/el-hombre-mas-peligroso-de-alemania-una-portada-de-prensa-revoluciona-la-campana-electoral-de-la-extrema-derecha.html\"> AfD aspira a obtener la mayor\u00eda absoluta. <\/a><\/p>\n<p><img alt=\"\" decoding=\"auto\" class=\"_re lazyload a_m-h\" height=\"277\"  width=\"414\"  src=\"https:\/\/www.europesays.com\/es\/wp-content\/uploads\/2026\/08\/BHQ4J4RQBBMRVAQNRJBCMHLNMA.jpg\" loading=\"lazy\" fetchpriority=\"low\"\/>El l\u00edder del SPD Lars Klingbeil (izq.) y el canciller y l\u00edder de la CDU, Friedrich Merz, el jueves en el castillo de Neuhardenberg.HANNIBAL HANSCHKE (EFE)<\/p>\n<p class=\"\">La extrema derecha est\u00e1 cerca de llegar al poder por primera vez en la Alemania democr\u00e1tica. Los dos grandes partidos del sistema, la CDU y el SPD, se hunden en las encuestas, pero no solo en Sajonia-Anhalt, tambi\u00e9n en Berl\u00edn, donde hay elecciones en septiembre. <\/p>\n<p class=\"\">La tendencia es la misma en el conjunto del pa\u00eds, pero en la Alemania del este es donde el mensaje antisistema y radical de AfD cala m\u00e1s. \u201cYo no soy fan de ellos, por sus or\u00edgenes [muchos de sus dirigentes vienen del neonazismo], pero tienen cosas buenas, sobre todo que son m\u00e1s pr\u00f3ximos a la gente y que velan m\u00e1s por los intereses nacionales\u201d.<\/p>\n<p class=\"\">Un miembro del equipo de Merz valor\u00f3 el mi\u00e9rcoles que los potenciales votantes de partidos progresistas en pueblos como Neuhardenberg se han ido a grandes ciudades, y que en el municipio es entonces m\u00e1s f\u00e1cil alimentar ideas reaccionarias. Malitzke dice que vota por<a href=\"https:\/\/elpais.com\/internacional\/2025-02-24\/el-voto-joven-y-una-campana-centrada-en-la-vivienda-impulsan-el-regreso-de-la-izquierda-en-alemania.html\" target=\"_self\" rel=\"nofollow noopener\" title=\"https:\/\/elpais.com\/internacional\/2025-02-24\/el-voto-joven-y-una-campana-centrada-en-la-vivienda-impulsan-el-regreso-de-la-izquierda-en-alemania.html\"> Die Linke, el partido de izquierdas heredero sociol\u00f3gico del SED<\/a>, la formaci\u00f3n que gobern\u00f3 la dictadura de la RDA, pero admite que AfD \u201clo hace muy bien con los j\u00f3venes\u201d: \u201cTienen una estrategia que les atrae, son pr\u00f3ximos a ellos\u201d.<\/p>\n<p><img alt=\"\" decoding=\"auto\" class=\"_re lazyload a_m-h\" height=\"199\"  width=\"414\"  src=\"https:\/\/www.europesays.com\/es\/wp-content\/uploads\/2026\/08\/6LLPQ4OTE5GPPJWDDZ7KNNQA2I.jpg\" loading=\"lazy\" fetchpriority=\"low\"\/>Viviendas de la \u00e9poca comunista en la calle Friedrich Engels de Neuhardenberg, AlemaniaCristian Segura<\/p>\n<p class=\"\">AfD se nutre tambi\u00e9n de la nostalgia por la RDA, por un pasado idealizado en lugares como Sajonia-Anhalt o Neuhardenberg. Malitzke, por ejemplo, enumera las importantes cooperativas agr\u00edcolas que desaparecieron tras la reunificaci\u00f3n y para las que \u00e9l trabaj\u00f3 como ingeniero agr\u00f3nomo. Pero no solo son las personas de mayor edad como \u00e9l que se sienten hoy peor que en tiempos del r\u00e9gimen comunista. Simone Wills tiene 51 a\u00f1os y es maestra: \u201cPara m\u00ed la RDA fue una \u00e9poca de una infancia bonita, se viv\u00eda bien, y hab\u00eda m\u00e1s ayudas para criar a los ni\u00f1os\u201d. Preguntada sobre cu\u00e1l es su voto, se limita a responder que es \u201cpara aquellos que pueden cambiar la situaci\u00f3n\u201d.<\/p>\n<p class=\"\">Valentina Kocher regaba el mi\u00e9rcoles las flores de sus familiares en el cementerio de Neuhardenberg. Su edad est\u00e1 pr\u00f3xima a la jubilaci\u00f3n, dice. Reconoce que ha votado por AfD. \u00bfLos motivos? \u201cNo lo s\u00e9, quiz\u00e1 porque es algo nuevo y transmiten ilusi\u00f3n. Pero acabar\u00e1n siendo como el resto de partidos cuando manden\u201d. No sabe decir si vive peor o mejor que en la RDA, pero s\u00ed se siente m\u00e1s insegura. \u201cAhora hay m\u00e1s criminalidad, quiz\u00e1 en la RDA tambi\u00e9n hab\u00eda, \u00a1pero entonces es que la escond\u00edan mejor!\u201d.<\/p>\n<p>Recuperar a Rusia<\/p>\n<p class=\"\">Todos los entrevistados tambi\u00e9n coinciden en criticar al Gobierno <a href=\"https:\/\/elpais.com\/noticias\/ofensiva-rusia-ucrania\/\" target=\"_self\" rel=\"nofollow noopener\" title=\"https:\/\/elpais.com\/noticias\/ofensiva-rusia-ucrania\/\">por su enfrentamiento con Rusia desde que estall\u00f3 la invasi\u00f3n de Ucrania<\/a>. \u201cRusia es un pa\u00eds amigo, no es ninguna amenaza\u201d, afirma Wills. Algunos vecinos chapurrean el ruso con orgullo. AfD tiene a Vlad\u00edmir Putin como un referente y quiere recuperar las relaciones con Rusia. En su programa electoral para Sajonia-Anhalt propone que el ruso sea la lengua extranjera de aprendizaje en las escuelas en vez del ingl\u00e9s.<\/p>\n<p class=\"\">Las comparecencias de los ministros ante los periodistas en el castillo de Neuhardenberg se celebraban frente a una enorme estrella roja y unas l\u00e1pidas grabadas en ruso. Es un homenaje a los soldados del Ej\u00e9rcito rojo fallecidos en el lugar en 1945, en su avance para tomar Berl\u00edn. Rocko B., el historiador local aficionado, asegura que todav\u00eda hoy en su jard\u00edn desentierra objetos de los combates de la Segunda Guerra Mundial. El monumento tiene una menci\u00f3n especial a Fedor Marchenko, un joven oficial que destac\u00f3 por su hero\u00edsmo. La iron\u00eda es que Marchenko era ucranio.<\/p>\n<p class=\"\">Kobe explica que en Neuhardenberg todav\u00eda viven rusos de la \u00e9poca sovi\u00e9tica, y confirma que no tienen vecinos de Ucrania pese a que a Alemania han llegado m\u00e1s de un mill\u00f3n de refugiados del pa\u00eds invadido. Este joven dice no votar a AfD pero suscribe uno de sus mantras recurrentes de campa\u00f1a electoral: Ucrania recibe demasiado dinero de Berl\u00edn, dinero que deber\u00eda ser gastado en mejorar la vida de los alemanes. <\/p>\n<p class=\"\">El mismo d\u00eda que Kobe comentaba esto a EL PA\u00cdS, Merz afirm\u00f3 frente a la estrella roja del castillo que su pa\u00eds mantendr\u00eda \u201cpor mucho tiempo un fuerte apoyo a Ucrania\u201d. Las encuestas aseguran que las elecciones de septiembre en el este tambi\u00e9n castigar\u00e1n a los partidos del Gobierno por la ruptura con los camaradas de Mosc\u00fa.<\/p>\n","protected":false},"excerpt":{"rendered":"\u201cPor fin se largan\u201d, murmura Lothar Malitzke mientras da una calada a su cigarrillo. Equipos de la polic\u00eda&hellip;\n","protected":false},"author":2,"featured_media":739703,"comment_status":"","ping_status":"","sticky":false,"template":"","format":"standard","meta":{"footnotes":""},"categories":[42],"tags":[10485,38834,1660,17,18,13,14,131306,11,61,62,63,64,131307,19,20,2929,9,10,15,16,53684,1614,12,7081,21,22,65,66,67],"class_list":["post-739702","post","type-post","status-publish","format-standard","has-post-thumbnail","category-internacional","tag-adolf-hitler","tag-afd","tag-alemania","tag-breaking-news","tag-breakingnews","tag-featured-news","tag-featurednews","tag-friedrich-engels","tag-headlines","tag-internacional","tag-international","tag-international-news","tag-internationalnews","tag-karl-marx","tag-latest-news","tag-latestnews","tag-merz","tag-news","tag-noticias","tag-noticias-destacadas","tag-noticiasdestacadas","tag-rda","tag-rusia","tag-titulares","tag-ucrania","tag-ultimas-noticias","tag-ultimasnoticias","tag-world","tag-world-news","tag-worldnews"],"share_on_mastodon":{"url":"https:\/\/pubeurope.com\/@es\/117188349174382523","error":""},"_links":{"self":[{"href":"https:\/\/www.europesays.com\/es\/wp-json\/wp\/v2\/posts\/739702","targetHints":{"allow":["GET"]}}],"collection":[{"href":"https:\/\/www.europesays.com\/es\/wp-json\/wp\/v2\/posts"}],"about":[{"href":"https:\/\/www.europesays.com\/es\/wp-json\/wp\/v2\/types\/post"}],"author":[{"embeddable":true,"href":"https:\/\/www.europesays.com\/es\/wp-json\/wp\/v2\/users\/2"}],"replies":[{"embeddable":true,"href":"https:\/\/www.europesays.com\/es\/wp-json\/wp\/v2\/comments?post=739702"}],"version-history":[{"count":0,"href":"https:\/\/www.europesays.com\/es\/wp-json\/wp\/v2\/posts\/739702\/revisions"}],"wp:featuredmedia":[{"embeddable":true,"href":"https:\/\/www.europesays.com\/es\/wp-json\/wp\/v2\/media\/739703"}],"wp:attachment":[{"href":"https:\/\/www.europesays.com\/es\/wp-json\/wp\/v2\/media?parent=739702"}],"wp:term":[{"taxonomy":"category","embeddable":true,"href":"https:\/\/www.europesays.com\/es\/wp-json\/wp\/v2\/categories?post=739702"},{"taxonomy":"post_tag","embeddable":true,"href":"https:\/\/www.europesays.com\/es\/wp-json\/wp\/v2\/tags?post=739702"}],"curies":[{"name":"wp","href":"https:\/\/api.w.org\/{rel}","templated":true}]}}