{"id":739704,"date":"2026-08-31T04:57:08","date_gmt":"2026-08-31T04:57:08","guid":{"rendered":"https:\/\/www.europesays.com\/es\/739704\/"},"modified":"2026-08-31T04:57:08","modified_gmt":"2026-08-31T04:57:08","slug":"una-crisis-siete-ministros-y-una-ensalada-de-cifras-sobre-ceuta-espana","status":"publish","type":"post","link":"https:\/\/www.europesays.com\/es\/739704\/","title":{"rendered":"Una crisis, siete ministros y una ensalada de cifras sobre Ceuta | Espa\u00f1a"},"content":{"rendered":"<p class=\"\">\u201cSi pudieran darnos alg\u00fan dato se lo agradecer\u00edamos\u201d. No fue una queja soliviantada m\u00e1s del PP y Vox. Fue una petici\u00f3n sosegada del portavoz de EH Bildu, Jon I\u00f1arritu, en la mayor\u00eda de las<a href=\"https:\/\/www.congreso.es\/es\/agenda?p_p_id=agenda&amp;p_p_lifecycle=0&amp;p_p_state=normal&amp;p_p_mode=view&amp;_agenda_mvcPath=cambiaragenda&amp;_agenda_tipoagenda=1&amp;_agenda_dia=28&amp;_agenda_mes=8&amp;_agenda_anio=2026\" target=\"_self\" rel=\"nofollow noopener\" title=\"https:\/\/www.congreso.es\/es\/agenda?p_p_id=agenda&amp;p_p_lifecycle=0&amp;p_p_state=normal&amp;p_p_mode=view&amp;_agenda_mvcPath=cambiaragenda&amp;_agenda_tipoagenda=1&amp;_agenda_dia=28&amp;_agenda_mes=8&amp;_agenda_anio=2026\"> siete comisiones sobre la crisis de Ceuta celebradas la semana pasada en el Congreso.<\/a> Tambi\u00e9n pidi\u00f3 informes. No fue el \u00fanico. No los recibi\u00f3, a\u00fan. A la espera de lo que pueda aclarar este lunes Pedro S\u00e1nchez en una entrevista en la SER, o en el pleno del Congreso el jueves, el Gobierno no sabe bien<a href=\"https:\/\/elpais.com\/espana\/2026-08-30\/ceuta-el-mes-que-rompio-una-ciudad.html\" target=\"_self\" rel=\"nofollow noopener\" title=\"https:\/\/elpais.com\/espana\/2026-08-30\/ceuta-el-mes-que-rompio-una-ciudad.html\"> un mes despu\u00e9s de la avalancha<\/a> ni cu\u00e1ntos inmigrantes entraron, se quedaron, son menores, han muerto o han podido ser ya albergados o pedir asilo.<a href=\"https:\/\/elpais.com\/espana\/2026-08-30\/sanchez-destina-otros-165-millones-a-recuperar-ceuta-y-aplacar-una-crisis-que-altera-el-nuevo-curso.html\" target=\"_self\" rel=\"nofollow noopener\" title=\"https:\/\/elpais.com\/espana\/2026-08-30\/sanchez-destina-otros-165-millones-a-recuperar-ceuta-y-aplacar-una-crisis-que-altera-el-nuevo-curso.html\"> Las inversiones prometidas por distintos Ministerios y los \u00faltimos planes podr\u00edan llegar a 527,5 millones.<\/a><\/p>\n<p class=\"\">El<a href=\"https:\/\/elpais.com\/opinion\/2026-08-30\/ceuta-lo-urgente-y-lo-importante.html\" target=\"_self\" rel=\"nofollow noopener\" title=\"https:\/\/elpais.com\/opinion\/2026-08-30\/ceuta-lo-urgente-y-lo-importante.html\"> Gobierno opt\u00f3 por postergar unas semanas las presencias de los ministros <\/a>en el Congreso, tras pedirlas el PP en el Senado donde disfruta de mayor\u00eda absoluta, para recabar m\u00e1s y mejor informaci\u00f3n sobre lo ocurrido en Ceuta, seg\u00fan la justificaci\u00f3n que se ofreci\u00f3 para no presentarse antes en la C\u00e1mara alta. Las sesiones de la semana pasada en el Congreso, siete comisiones y una Diputaci\u00f3n Permanente casi monogr\u00e1ficas, se dilataron durante m\u00e1s de 27 horas pero tampoco aportaron m\u00e1s claridad a la macedonia de datos que han ido desgran\u00e1ndose escalonadamente durante estas semanas. En el Ejecutivo se\u00f1alan que no es f\u00e1cil la identificaci\u00f3n, que puede haber duplicidades y que hay que ser muy escrupulosos con los tr\u00e1mites legales.<\/p>\n<p class=\"\">Los partidos de la oposici\u00f3n, PP y Vox, se cebaron mucho durante las comparecencias ministeriales sobre el regalo pol\u00edtico que les proporcion\u00f3 la evidente contradicci\u00f3n de versiones entre la titular de Defensa, Margarita Robles, y el de Interior, Fernando Grande-Marlaska, dos ministros de Estado, sobre si el Gobierno hab\u00eda dispuesto de informes previos de inteligencia sobre<a href=\"https:\/\/elpais.com\/espana\/2026-08-30\/viaje-a-la-noche-de-ceuta.html\" target=\"_self\" rel=\"nofollow noopener\" title=\"https:\/\/elpais.com\/espana\/2026-08-30\/viaje-a-la-noche-de-ceuta.html\"> el alcance de la masiva llegada desde Marruecos.<\/a> Robles asegur\u00f3 que s\u00ed, orales y en la Delegaci\u00f3n del Gobierno, y Marlaska que no y menos de la magnitud de lo sufrido. Pero el balance de las exposiciones deja tambi\u00e9n la evidencia de que el Ejecutivo a\u00fan no tiene las cifras exactas de lo que pas\u00f3 y del nivel del problema a\u00fan persistente.<\/p>\n<p class=\"\">La ministra de Defensa, que fue <a href=\"https:\/\/elpais.com\/espana\/2026-08-29\/ultima-hora-de-la-entrada-de-inmigrantes-a-ceuta-en-directo.html\" target=\"_self\" rel=\"nofollow noopener\" title=\"https:\/\/elpais.com\/espana\/2026-08-29\/ultima-hora-de-la-entrada-de-inmigrantes-a-ceuta-en-directo.html\">la primera que concurri\u00f3 al Congreso<\/a>, detall\u00f3 un cronograma del grave incidente migratorio en el que empez\u00f3 por asegurar que el d\u00eda anterior alguno de los 25 agentes del CNI en la ciudad s\u00ed precis\u00f3 al delegado del Gobierno y al alcalde, el popular Juan Jes\u00fas Vivas, que las entradas a nado se hab\u00edan incrementado notablemente y que hab\u00eda una convocatoria en redes para el 30 de julio. Robles indic\u00f3 que ese d\u00eda, a las 11.30 horas, ya llegaban a raz\u00f3n de 5.200 por hora, que fueron entre 45.000 y 55.000 a las 20.00 y que el d\u00eda 31 a las 7.00 alcanzaron los 60.000. Ah\u00ed se qued\u00f3. Los ministros F\u00e9lix Bola\u00f1os y \u00c1ngel V\u00edctor Torres, y el portavoz socialista, Patxi L\u00f3pez, elevaron esa cifra en sus exposiciones a 70.000 aunque el nuevo mando \u00fanico la hab\u00eda cuantificado en otro momento en 80.000. Marlaska la situ\u00f3 el 4 de agosto en 72.000 y se ratific\u00f3 en ello en el Congreso el 28.<\/p>\n<p class=\"\">Todos los ministros, eso s\u00ed, aseguraron que en pocas horas<a href=\"https:\/\/elpais.com\/espana\/2026-08-30\/la-reivindicacion-marroqui-sobre-ceuta-y-melilla-ni-base-juridica-ni-apoyo-de-la-onu.html\" target=\"_self\" rel=\"nofollow noopener\" title=\"https:\/\/elpais.com\/espana\/2026-08-30\/la-reivindicacion-marroqui-sobre-ceuta-y-melilla-ni-base-juridica-ni-apoyo-de-la-onu.html\"> hab\u00edan vuelto a Marruecos <\/a>el 90% de los que hab\u00edan traspasado la frontera. Pero cuando se ponen cifras a los migrantes que entonces a\u00fan estar\u00edan vagando por Ceuta sin papeles se pasa de los 20.000 o 10.000 que van soltando indistintamente PP y Vox, con sus propias fuentes, o a los 5.000 que se\u00f1ala Marlaska.<\/p>\n<p class=\"\">Con el n\u00famero de menores que bordearon irregularmente esas barreras pasa algo parecido. Fuentes del Ejecutivo dieron una primera aproximaci\u00f3n de 4.000 pero luego las mismas fuentes fueron rebajando ese nivel a 2.000, 1.500 y finalmente 1.475, que fue la cantidad que aport\u00f3 en su comisi\u00f3n el ministro Bola\u00f1os. El vicepresidente primero, Carlos Cuerpo, creo algo de confusi\u00f3n cuando en su visita a la ciudad coment\u00f3 con Vivas a su vera que los menores eran 2.900. La Polic\u00eda Nacional le aport\u00f3 a Marlaska que los filiados menores eran 1.410.<\/p>\n<p class=\"\">Lo que s\u00ed tiene m\u00e1s l\u00f3gica que vaya evolucionando con el paso de los d\u00edas es el grupo de personas migrantes que ya est\u00e1n albergados o acogidos, aunque haya ligeras oscilaciones entre los 1.827 que ya estar\u00edan en el CETI y que comunic\u00f3 Torres en el Congreso y los 1.800 que indic\u00f3 la ministra Elma Saiz el mismo d\u00eda en otra sala de la c\u00e1mara.<\/p>\n<p class=\"\">El c\u00f3mputo de los delitos registrados en estas jornadas es otro de los enigmas por aclarar, porque Vox tiende a alarmar con agresiones sexuales, violaciones y todo tipo de ataques que seg\u00fan sus versiones llegar\u00edan a 200 diarias y Bola\u00f1os precis\u00f3 que las actuaciones delictivas constatadas durante todo el mes de agosto fueron 594. Las personas fallecidas en el intento todav\u00eda no se conocen y varios ministros se lamentaron de que seguramente nunca se podr\u00e1n datar, y muchos menos sin la ayuda en ese sentido de los pudieron morir en Marruecos, pero eso no evita que algunos partidos hablen de 200, 140 o que el ministro Bola\u00f1os aportara que los controlados con autopsias son 82, con 62 exhumaciones y nueve identificaciones.<\/p>\n<p class=\"\">El Gobierno, a la espera de lo que puedan aportar este lunes en el Congreso la ministra de Juventud e Infancia, Sira Rego, sobre los menores, y el propio presidente, no ha contestado con precisi\u00f3n a ninguna de las decenas de preguntas de todos los diputados sobre el alcance exacto de lo padecido en Ceuta. Los ministros s\u00ed han desglosado que han trabajado desde el minuto uno, que se han puesto y se pondr\u00e1n todos los medios necesarios para recuperar la normalidad y la mayor\u00eda han prometido m\u00e1s y cuantiosas inversiones. Con planes inmediatos y de emergencia, pero tambi\u00e9n a m\u00e1s largo plazo para la recuperaci\u00f3n econ\u00f3mica y tur\u00edstica de la ciudad, cuya imagen ha sido muy da\u00f1ada. Esas inversiones podr\u00edan sumar, seg\u00fan lo anunciado, hasta 527,5 millones, que van desde partidas muy gen\u00e9ricas a\u00fan por perfilar a proyectos m\u00e1s espec\u00edficos para el Puerto (Transportes, 56 millones), la Polic\u00eda (23,4), la Guardia Civil (43) o cr\u00e9ditos para integraci\u00f3n social (44,5).<\/p>\n","protected":false},"excerpt":{"rendered":"\u201cSi pudieran darnos alg\u00fan dato se lo agradecer\u00edamos\u201d. No fue una queja soliviantada m\u00e1s del PP y Vox.&hellip;\n","protected":false},"author":2,"featured_media":739705,"comment_status":"","ping_status":"","sticky":false,"template":"","format":"standard","meta":{"footnotes":""},"categories":[8],"tags":[17,18,4486,4456,25,24,13,14,582,11,590,895,15398,891,29394,18646,125793,19,20,10026,9,10,15,16,958,2959,956,1699,23,12,21,22],"class_list":["post-739704","post","type-post","status-publish","format-standard","has-post-thumbnail","category-espana","tag-breaking-news","tag-breakingnews","tag-ceuta","tag-congreso-diputados","tag-es","tag-espana","tag-featured-news","tag-featurednews","tag-gobierno","tag-headlines","tag-inmigracion","tag-inmigracion-irregular","tag-inmigracion-irregular-espana","tag-inmigrantes","tag-inmigrantes-africanos","tag-inmigrantes-magrebies","tag-juan-jesus-vivas","tag-latest-news","tag-latestnews","tag-ministerios","tag-news","tag-noticias","tag-noticias-destacadas","tag-noticiasdestacadas","tag-oposicion-politica","tag-pedro-sanchez","tag-pp","tag-psoe","tag-spain","tag-titulares","tag-ultimas-noticias","tag-ultimasnoticias"],"share_on_mastodon":{"url":"","error":""},"_links":{"self":[{"href":"https:\/\/www.europesays.com\/es\/wp-json\/wp\/v2\/posts\/739704","targetHints":{"allow":["GET"]}}],"collection":[{"href":"https:\/\/www.europesays.com\/es\/wp-json\/wp\/v2\/posts"}],"about":[{"href":"https:\/\/www.europesays.com\/es\/wp-json\/wp\/v2\/types\/post"}],"author":[{"embeddable":true,"href":"https:\/\/www.europesays.com\/es\/wp-json\/wp\/v2\/users\/2"}],"replies":[{"embeddable":true,"href":"https:\/\/www.europesays.com\/es\/wp-json\/wp\/v2\/comments?post=739704"}],"version-history":[{"count":0,"href":"https:\/\/www.europesays.com\/es\/wp-json\/wp\/v2\/posts\/739704\/revisions"}],"wp:featuredmedia":[{"embeddable":true,"href":"https:\/\/www.europesays.com\/es\/wp-json\/wp\/v2\/media\/739705"}],"wp:attachment":[{"href":"https:\/\/www.europesays.com\/es\/wp-json\/wp\/v2\/media?parent=739704"}],"wp:term":[{"taxonomy":"category","embeddable":true,"href":"https:\/\/www.europesays.com\/es\/wp-json\/wp\/v2\/categories?post=739704"},{"taxonomy":"post_tag","embeddable":true,"href":"https:\/\/www.europesays.com\/es\/wp-json\/wp\/v2\/tags?post=739704"}],"curies":[{"name":"wp","href":"https:\/\/api.w.org\/{rel}","templated":true}]}}