{"id":739712,"date":"2026-08-31T05:07:23","date_gmt":"2026-08-31T05:07:23","guid":{"rendered":"https:\/\/www.europesays.com\/es\/739712\/"},"modified":"2026-08-31T05:07:23","modified_gmt":"2026-08-31T05:07:23","slug":"dos-sabados-mas-para-el-athletic","status":"publish","type":"post","link":"https:\/\/www.europesays.com\/es\/739712\/","title":{"rendered":"Dos s\u00e1bados m\u00e1s para el Athletic"},"content":{"rendered":"<p>    <img loading=\"lazy\" decoding=\"async\" src=\"https:\/\/www.europesays.com\/es\/wp-content\/uploads\/2026\/08\/b8b26881-0ab6-4c2f-b874-e6261cfae45b_16-9-discover-aspect-ratio_default_0.jpg\" alt=\"Nico Williams intenta el remate en el primer partido de liga frente al Sevilla en San Mam\u00e9s \/ Athletic Club\" width=\"1200\" height=\"675\" title=\"Nico Williams intenta el remate en el primer partido de liga frente al Sevilla en San Mam\u00e9s \/ Athletic Club\" style=\"height:auto;\"\/><\/p>\n<p class=\"article-photo__footer\">\n        Nico Williams intenta el remate en el primer partido de liga frente al Sevilla en San Mam\u00e9s<br \/>\n                    Athletic Club\n            <\/p>\n<p class=\"article-body__text article-body__text--entry article-body__text-middle\">\n        <strong>El Athletic conoce ya la fecha y hora de los encuentros correspondientes a la quinta, sexta y s\u00e9ptima jornada de LaLiga EA Sports. <\/strong>El conjunto rojiblanco, que a\u00fan no estrenado su casillero de puntos a la espera de lo que suceda esta noche en Bala\u00eddos frente al Celta, se medir\u00e1, dentro de la cuarta jornada el pr\u00f3ximo s\u00e1bado, d\u00eda 5 al Atl\u00e9tico de Madrid en <strong>San Mam\u00e9s, escenario en el que repetir\u00e1 siete d\u00edas despu\u00e9s, el 12 desde las 18.30 horas, ante el Elche, <\/strong>equipo que solo ha sumado un punto en sus tres primeros encuentros consumados.\n<\/p>\n<blockquote class=\"twitter-tweet\" data-lang=\"es\">\n<p lang=\"es\" dir=\"ltr\">\u23f0 \u00a1Tres horarios de <a href=\"https:\/\/x.com\/LaLiga?ref_src=twsrc%5Etfw\" rel=\"nofollow\">@LaLiga<\/a> confirmados!<\/p>\n<p>\ud83c\udd9a <a href=\"https:\/\/x.com\/elchecf?ref_src=twsrc%5Etfw\" rel=\"nofollow\">@elchecf<\/a> <br \/>\ud83c\udfdf\ufe0f San Mam\u00e9s<br \/>\ud83d\uddd3\ufe0f S\u00e1bado, 12 septiembre<br \/>\ud83d\udd61 18:30 h<\/p>\n<p>\ud83c\udd9a <a href=\"https:\/\/x.com\/LevanteUD?ref_src=twsrc%5Etfw\" rel=\"nofollow\">@LevanteUD<\/a> <br \/>\ud83c\udfdf\ufe0f Ciutat de Val\u00e8ncia<br \/>\ud83d\uddd3\ufe0f Mi\u00e9rcoles, 16 septiembre<br \/>\ud83d\udd64 21:30 h<\/p>\n<p>\ud83c\udd9a <a href=\"https:\/\/x.com\/Alaves?ref_src=twsrc%5Etfw\" rel=\"nofollow\">@Alaves<\/a> <br \/>\ud83c\udfdf\ufe0f San Mam\u00e9s<br \/>\ud83d\uddd3\ufe0f S\u00e1bado, 19 septiembre<br \/>\ud83d\udd53 16:15 h<a href=\"https:\/\/x.com\/hashtag\/AthleticClub?src=hash&amp;ref_src=twsrc%5Etfw\" rel=\"nofollow\">#AthleticClub<\/a> \ud83e\udd81 <a href=\"https:\/\/t.co\/rdGkiYkxEr\" rel=\"nofollow\">pic.twitter.com\/rdGkiYkxEr<\/a><\/p>\n<p>\u2014 Athletic Club (@AthleticClub) <a href=\"https:\/\/x.com\/AthleticClub\/status\/2094121216248279358?ref_src=twsrc%5Etfw\" rel=\"nofollow\">30 de agosto de 2026<\/a><\/p><\/blockquote>\n<p class=\"article-body__text \">\n        Transcurrido el duelo ante el cuadro franjiverde, <strong>el colectivo de Edin Terziz se desplazar\u00e1 a Valencia para competir en una sexta jornada que se celebra entre semana el mi\u00e9rcoles d\u00eda 16, desde las 21.30 horas, frente al Levante,<\/strong> equipo que ayer s\u00e1bado gole\u00f3 en su feudo al Betis, conjunto de Champions, por un inesperado 5-2.\n<\/p>\n<p class=\"article-body__text \">\n        <strong>El Athletic cerrar\u00e1 una intensa tacada de tres compromisos<\/strong> en un intervalo de siete d\u00edas con la disputa <strong>del primer derbi del curso, que tendr\u00e1 lugar en La Catedral el s\u00e1bado, d\u00eda 19, desde las 16.15 con el Alav\u00e9s,<\/strong> que suma siete de nueve puntos posibles, tres encuentros en los que, a priori, los leones deber\u00edan hacer caja tras un complicado arranque de liga.\n<\/p>\n<p>                 <script async src=\"https:\/\/platform.twitter.com\/widgets.js\" charset=\"utf-8\"><\/script><\/p>\n","protected":false},"excerpt":{"rendered":"Nico Williams intenta el remate en el primer partido de liga frente al Sevilla en San Mam\u00e9s Athletic&hellip;\n","protected":false},"author":2,"featured_media":739713,"comment_status":"","ping_status":"","sticky":false,"template":"","format":"standard","meta":{"footnotes":""},"categories":[268],"tags":[2182,168,25,24,280,282,10554,281,23,167],"class_list":["post-739712","post","type-post","status-publish","format-standard","has-post-thumbnail","category-futbol","tag-athletic","tag-deportes","tag-es","tag-espana","tag-football","tag-futbol","tag-sabados","tag-soccer","tag-spain","tag-sports"],"share_on_mastodon":{"url":"https:\/\/pubeurope.com\/@es\/117188391577297963","error":""},"_links":{"self":[{"href":"https:\/\/www.europesays.com\/es\/wp-json\/wp\/v2\/posts\/739712","targetHints":{"allow":["GET"]}}],"collection":[{"href":"https:\/\/www.europesays.com\/es\/wp-json\/wp\/v2\/posts"}],"about":[{"href":"https:\/\/www.europesays.com\/es\/wp-json\/wp\/v2\/types\/post"}],"author":[{"embeddable":true,"href":"https:\/\/www.europesays.com\/es\/wp-json\/wp\/v2\/users\/2"}],"replies":[{"embeddable":true,"href":"https:\/\/www.europesays.com\/es\/wp-json\/wp\/v2\/comments?post=739712"}],"version-history":[{"count":0,"href":"https:\/\/www.europesays.com\/es\/wp-json\/wp\/v2\/posts\/739712\/revisions"}],"wp:featuredmedia":[{"embeddable":true,"href":"https:\/\/www.europesays.com\/es\/wp-json\/wp\/v2\/media\/739713"}],"wp:attachment":[{"href":"https:\/\/www.europesays.com\/es\/wp-json\/wp\/v2\/media?parent=739712"}],"wp:term":[{"taxonomy":"category","embeddable":true,"href":"https:\/\/www.europesays.com\/es\/wp-json\/wp\/v2\/categories?post=739712"},{"taxonomy":"post_tag","embeddable":true,"href":"https:\/\/www.europesays.com\/es\/wp-json\/wp\/v2\/tags?post=739712"}],"curies":[{"name":"wp","href":"https:\/\/api.w.org\/{rel}","templated":true}]}}