{"id":739714,"date":"2026-08-31T05:08:17","date_gmt":"2026-08-31T05:08:17","guid":{"rendered":"https:\/\/www.europesays.com\/es\/739714\/"},"modified":"2026-08-31T05:08:17","modified_gmt":"2026-08-31T05:08:17","slug":"mbappe-y-ester-exposito-pasean-de-la-mano-por-madrid-y-felicitan-a-cristiano-ronaldo-por-su-boda-con-georgina-lo-mejor-para-ellos","status":"publish","type":"post","link":"https:\/\/www.europesays.com\/es\/739714\/","title":{"rendered":"Mbapp\u00e9 y Ester Exp\u00f3sito pasean de la mano por Madrid y felicitan a Cristiano Ronaldo por su boda con Georgina: \u00abLo mejor para ellos\u00bb"},"content":{"rendered":"<p><img loading=\"lazy\" decoding=\"async\" src=\"https:\/\/www.europesays.com\/es\/wp-content\/uploads\/2026\/08\/1788152897_313_100x100_informalia-logo.jpg\" itemtype=\"\/\/schema.org\/ImageObject\" itemprop=\"url\" alt=\"Informalia\" width=\"64\" height=\"64\" pinger-seen=\"true\"\/><\/p>\n<p>Tras disfrutar de su primer verano juntos, <a href=\"https:\/\/www.eleconomista.es\/informalia\/famosos\/noticias\/14010144\/08\/26\/asi-ha-sido-el-final-de-un-verano-de-lujo-para-mbappe-y-ester-exposito-un-yate-de-77000-euros-por-semana-para-recorrer-el-mediterraneo.html\" title=\"El final de un verano de lujo para Mbapp\u00e9 y Ester Exp\u00f3sito: un yate de 77.000 euros por semana para recorrer el Mediterr\u00e1neo\" rel=\"nofollow noopener\" target=\"_blank\">con escapadas de lo m\u00e1s rom\u00e1nticas por Ibiza, Miami o Par\u00eds<\/a>, Kylian Mbapp\u00e9 y Ester Exp\u00f3sito han retomado ya sus respectivas rutinas. El futbolista ha comenzado la temporada con el Real Madrid, mientras que la actriz est\u00e1 inmersa en la promoci\u00f3n de su nueva pel\u00edcula, Enfrentados: Marfil, que llegar\u00e1 a Prime Video el pr\u00f3ximo 9 de septiembre.<\/p>\n<p>Sus apretadas agendas no les impiden, sin embargo, buscar huecos para estar juntos. Estos d\u00edas, adem\u00e1s, han demostrado que ya no les preocupa demasiado que las c\u00e1maras capten su relaci\u00f3n y <b>han sido &#8216;pillados&#8217; por los paparazzi paseando de la mano por Madrid<\/b>.<\/p>\n<p>Fue durante este paseo cuando una periodista les dio la noticia de <a href=\"https:\/\/www.eleconomista.es\/informalia\/famosos\/noticias\/14008314\/08\/26\/cristiano-ronaldo-y-georgina-comparten-las-primeras-fotos-de-su-boda-y-desvelan-todos-los-detalles-el-guino-a-gucci-donde-se-conocieron-hace-11-anos.html\" title=\"Cristiano Ronaldo y Georgina comparten las primeras fotos de su boda y desvelan todos los detalles: el gui\u00f1o a Gucci, donde se conocieron hace 11 a\u00f1os\" rel=\"nofollow noopener\" target=\"_blank\">la boda de Cristiano Ronaldo y Georgina Rodr\u00edguez<\/a>. Mbapp\u00e9, que mantiene una estrecha relaci\u00f3n con el futbolista portugu\u00e9s, reaccion\u00f3 con una sonrisa. <b>\u00abLo mejor para ellos\u00bb<\/b>, les dese\u00f3 a los reci\u00e9n casados. <\/p>\n<blockquote class=\"twitter-tweet\" data-media-max-width=\"560\"><p>&#13;<\/p>\n<p dir=\"ltr\" lang=\"es\">?? Kylian Mbapp\u00e9: \u00abCuidado con el muro.\u00bb<\/p>\n<p>?? Se ha casado Cristiano Ronaldo y Georgina.<\/p>\n<p>?? Kylian Mbapp\u00e9: \u00abPues mejor para ellos.\u00bb<\/p>\n<p>?? \u00bfSer\u00e1s t\u00fa el siguiente?<\/p>\n<p>?? Kylian Mbapp\u00e9: \u00abBUENAS NOCHES.\u00bb<\/p>\n<p>JAJAJAJA ??? <a rel=\"nofollow\" href=\"https:\/\/t.co\/kMCWzExgol\" target=\"_blank\">pic.twitter.com\/kMCWzExgol<\/a><\/p>\n<p>&#13;<br \/>\n\u2014 (fan) REAL MADRID FANS ? (@AdriRM33) <a rel=\"nofollow\" href=\"https:\/\/x.com\/AdriRM33\/status\/2094048871458476148?ref_src=twsrc%5Etfw\" target=\"_blank\">August 30, 2026<\/a><\/p><\/blockquote>\n<p>Una naturalidad que parece encajar con la forma en la que Ester Exp\u00f3sito entiende el amor. <a href=\"https:\/\/www.eleconomista.es\/informalia\/famosos\/noticias\/14009792\/08\/26\/ester-exposito-y-su-reflexion-sobre-el-amor-eso-es-de-lo-mas-bonito-que-te-puede-aportar-alguien.html\" title=\"Ester Exp\u00f3sito y su reflexi\u00f3n sobre el amor: &quot;Eso es de lo m\u00e1s bonito que te puede aportar alguien&quot;\" rel=\"nofollow noopener\" target=\"_blank\"><b>\u00abEl amor es un motor precioso<\/b>. Es algo que vivo de una manera muy intensa y que significa mucho para m\u00ed<\/a>\u00ab, aseguraba la actriz hace unos d\u00edas, despu\u00e9s de un verano especialmente intenso junto al futbolista. Desde que su relaci\u00f3n sali\u00f3 a la luz el pasado marzo, ambos han tratado de mantener su historia lejos de los focos, aunque durante estos meses han sido varias las ocasiones en las que han dejado ver su complicidad y han compartido fotos de algunos de los destinos m\u00e1s exclusivos en los que han estado juntos este verano. <\/p>\n<p>WhatsApp<a href=\"https:\/\/api.whatsapp.com\/send?text=https:\/\/www.eleconomista.es\/informalia\/famosos\/noticias\/14010681\/08\/26\/mbappe-y-ester-exposito-pasean-de-la-mano-por-madrid-y-felicitan-a-cristiano-ronaldo-por-su-boda-con-georgina-lo-mejor-para-ellos.html?utm_source%3Dwhatsapp%26utm_medium%3Dshare_button&amp;id=1648118629957_whatsapp\" target=\"_blank\" data-action=\"share\/whatsapp\/share\" aria-label=\"Compartir en Whatsapp\" rel=\"nofollow noopener\"><\/a>Facebook<a id=\"fb-share\" href=\"#\" target=\"_blank\" rel=\"noopener noreferrer\" aria-label=\"Compartir en Facebook\"><\/a>Twitter<a href=\"https:\/\/twitter.com\/share?text=Mbapp%C3%A9+y+Ester+Exp%C3%B3sito+pasean+de+la+mano+por+Madrid+y+felicitan+a+Cristiano+Ronaldo+por+su+boda+con+Georgina%3A+%22Lo+mejor+para+ellos%22&amp;url=https:\/\/www.eleconomista.es\/informalia\/famosos\/noticias\/14010681\/08\/26\/mbappe-y-ester-exposito-pasean-de-la-mano-por-madrid-y-felicitan-a-cristiano-ronaldo-por-su-boda-con-georgina-lo-mejor-para-ellos.html&amp;via=Informalia&amp;id=1648118839245_twitter\" target=\"_blank\" aria-label=\"Compartir en Twitter\" rel=\"nofollow noopener\"><\/a>Linkedin<a onclick=\"return abrirLinkedin();\" href=\"https:\/\/www.linkedin.com\/shareArticle?text=Mbapp%C3%A9+y+Ester+Exp%C3%B3sito+pasean+de+la+mano+por+Madrid+y+felicitan+a+Cristiano+Ronaldo+por+su+boda+con+Georgina%3A+%22Lo+mejor+para+ellos%22&amp;url=https:\/\/www.eleconomista.es\/informalia\/famosos\/noticias\/14010681\/08\/26\/mbappe-y-ester-exposito-pasean-de-la-mano-por-madrid-y-felicitan-a-cristiano-ronaldo-por-su-boda-con-georgina-lo-mejor-para-ellos.html&amp;mini=true\" target=\"_blank\" aria-label=\"Compartir en linkedin\" rel=\"nofollow noopener\"><\/a>Beloud<a href=\"https:\/\/beloud.com\/share?text=Mbapp%C3%A9+y+Ester+Exp%C3%B3sito+pasean+de+la+mano+por+Madrid+y+felicitan+a+Cristiano+Ronaldo+por+su+boda+con+Georgina%3A+%22Lo+mejor+para+ellos%22&amp;url=https:\/\/www.eleconomista.es\/informalia\/famosos\/noticias\/14010681\/08\/26\/mbappe-y-ester-exposito-pasean-de-la-mano-por-madrid-y-felicitan-a-cristiano-ronaldo-por-su-boda-con-georgina-lo-mejor-para-ellos.html&amp;via=Informalia&amp;id=1648118839245_beloud\" target=\"_blank\" aria-label=\"Compartir en beloud\" rel=\"nofollow noopener\"><\/a>Bluesky<a href=\"https:\/\/bsky.app\/intent\/compose?text=https:\/\/bsky.app\/intent\/compose?text=https:\/\/www.eleconomista.es\/informalia\/famosos\/noticias\/14010681\/08\/26\/mbappe-y-ester-exposito-pasean-de-la-mano-por-madrid-y-felicitan-a-cristiano-ronaldo-por-su-boda-con-georgina-lo-mejor-para-ellos.html&amp;url=https:\/\/www.eleconomista.es\/informalia\/famosos\/noticias\/14010681\/08\/26\/mbappe-y-ester-exposito-pasean-de-la-mano-por-madrid-y-felicitan-a-cristiano-ronaldo-por-su-boda-con-georgina-lo-mejor-para-ellos.html&amp;via=elEconomistaes&amp;id=1648118839245_bluesky\" target=\"_blank\" aria-label=\"Compartir en bluesky\" rel=\"nofollow noopener\"><\/a><\/p>\n<p><script async src=\"https:\/\/platform.twitter.com\/widgets.js\" charset=\"utf-8\"><\/script><\/p>\n","protected":false},"excerpt":{"rendered":"Tras disfrutar de su primer verano juntos, con escapadas de lo m\u00e1s rom\u00e1nticas por Ibiza, Miami o Par\u00eds,&hellip;\n","protected":false},"author":2,"featured_media":739715,"comment_status":"","ping_status":"","sticky":false,"template":"","format":"standard","meta":{"footnotes":""},"categories":[174],"tags":[255,146,147,25,24,256,260,23],"class_list":["post-739714","post","type-post","status-publish","format-standard","has-post-thumbnail","category-famosos","tag-celebrities","tag-entertainment","tag-entretenimiento","tag-es","tag-espana","tag-famosos","tag-gente","tag-spain"],"share_on_mastodon":{"url":"https:\/\/pubeurope.com\/@es\/117188396572321579","error":""},"_links":{"self":[{"href":"https:\/\/www.europesays.com\/es\/wp-json\/wp\/v2\/posts\/739714","targetHints":{"allow":["GET"]}}],"collection":[{"href":"https:\/\/www.europesays.com\/es\/wp-json\/wp\/v2\/posts"}],"about":[{"href":"https:\/\/www.europesays.com\/es\/wp-json\/wp\/v2\/types\/post"}],"author":[{"embeddable":true,"href":"https:\/\/www.europesays.com\/es\/wp-json\/wp\/v2\/users\/2"}],"replies":[{"embeddable":true,"href":"https:\/\/www.europesays.com\/es\/wp-json\/wp\/v2\/comments?post=739714"}],"version-history":[{"count":0,"href":"https:\/\/www.europesays.com\/es\/wp-json\/wp\/v2\/posts\/739714\/revisions"}],"wp:featuredmedia":[{"embeddable":true,"href":"https:\/\/www.europesays.com\/es\/wp-json\/wp\/v2\/media\/739715"}],"wp:attachment":[{"href":"https:\/\/www.europesays.com\/es\/wp-json\/wp\/v2\/media?parent=739714"}],"wp:term":[{"taxonomy":"category","embeddable":true,"href":"https:\/\/www.europesays.com\/es\/wp-json\/wp\/v2\/categories?post=739714"},{"taxonomy":"post_tag","embeddable":true,"href":"https:\/\/www.europesays.com\/es\/wp-json\/wp\/v2\/tags?post=739714"}],"curies":[{"name":"wp","href":"https:\/\/api.w.org\/{rel}","templated":true}]}}