{"id":739796,"date":"2026-08-31T06:24:21","date_gmt":"2026-08-31T06:24:21","guid":{"rendered":"https:\/\/www.europesays.com\/es\/739796\/"},"modified":"2026-08-31T06:24:21","modified_gmt":"2026-08-31T06:24:21","slug":"la-negociacion-lo-nuevo-de-gus-van-sant-en-cartelera-resena-estrenos-2026","status":"publish","type":"post","link":"https:\/\/www.europesays.com\/es\/739796\/","title":{"rendered":"La negociaci\u00f3n\u201d, lo nuevo de Gus Van Sant en cartelera: rese\u00f1a | Estrenos 2026"},"content":{"rendered":"<p itemprop=\"description\" class=\"sc__font-paragraph\">La verdad es que hace varios a\u00f1os que el estadounidense Gus Van Sant (Louisville, 1952) llevaba un rumbo err\u00e1tico, con algunos t\u00edtulos muy discretos, olvidables o llanamente fallidos. Acaso fue \u201cMilk\u201d (2008), con Sean Penn, la \u00faltima cinta destacable de un cineasta capaz de regalarnos pel\u00edculas de muy alta factura como \u201cDrugstore Cowboy\u201d (1989), \u201cMi Idaho privado\u201d (1991), \u201cGood Will Hunting\u201d (1997) o \u201cElephant\u201d (2003). Y es por eso que la sorpresiva aparici\u00f3n de \u201cLa negociaci\u00f3n\u201d en nuestra cartelera es una gran noticia (y su mejor trabajo en casi 20 a\u00f1os).<\/p>\n<p>MIRA AQU\u00cd: <a itemprop=\"url\" class=\"sc__mira-aqui-link\" href=\"https:\/\/elcomercio.pe\/eldominical\/entrevista\/sandra-gamarra-pensamos-el-barro-como-algo-que-mancha-y-no-como-algo-de-lo-que-eres-parte-noticia\/\" aria-label=\"Sandra Gamarra: \u201cPensamos el barro como algo que mancha y no como algo de lo que eres parte\u201d\" rel=\"nofollow noopener\" target=\"_blank\">Sandra Gamarra: \u201cPensamos el barro como algo que mancha y no como algo de lo que eres parte\u201d<\/a><\/p>\n<p itemprop=\"description\" class=\"sc__font-paragraph\">Inspirado en un caso real ocurrido en 1977, el filme se centra en Tony Kiritsis (Bill Skarsg\u00e5rd), cliente de un banco que, agobiado por los severos intereses que \u00e9l considera una estafa, decide secuestrar al hijo del presidente de la compa\u00f1\u00eda. Toda la pel\u00edcula sigue el tenso rapto, que incluye una escopeta atada a la nuca del secuestrado, fugas en veh\u00edculos, cordones policiales, transmisiones televisivas, exigencias de recompensa y otros elementos t\u00edpicos de esta clase de historias (hay especiales reminiscencias a la cl\u00e1sica \u201cTarde de perros\u201d, y no parece casualidad la inclusi\u00f3n de Al Pacino dentro del elenco).<\/p>\n<p itemprop=\"description\" class=\"sc__font-paragraph\">El protagonista es Skarsg\u00e5rd, recordado sobre todo por sus actuaciones como Pennywise en \u201cIt\u201d y el vampiro de la \u00faltima versi\u00f3n de \u201cNosferatu\u201d, que ofrece el papel m\u00e1s s\u00f3lido y maduro de su carrera: crispado sin excesivas muecas, convincente en su reclamo indignado, sereno en algunos momentos de lucidez. Sobre \u00e9l recaen el tono y la consistencia de la pel\u00edcula, y muestra espalda suficiente para sostenerlo. Ciertamente, tampoco podemos dejar de mencionar a su contraparte, el hombre secuestrado que interpreta el australiano Dacre Montgomery, quien con escasas l\u00edneas de di\u00e1logo e inc\u00f3modas posturas logra transmitir el malestar de su situaci\u00f3n.<\/p>\n<p itemprop=\"description\" class=\"sc__font-paragraph\">Bajo una lectura ideol\u00f3gica, \u201cLa negociaci\u00f3n\u201d es una \u00e1cida y divertida cr\u00edtica anticapitalista que no requiere circunspectas peroratas \u2014y m\u00e1s bien aprovecha el humor\u2014 para que el espectador se ubique naturalmente del lado del oprimido. Pero donde m\u00e1s destaca es en su puesta en escena, brillante en varios aspectos: la m\u00fasica juega un rol vital, ya sea por medio de un \u2018soundtrack\u2019 muy bien curado o a trav\u00e9s de las transmisiones radiales que contribuyen a que discurra el relato (el papel de Colman Domingo como \u2018disc jockey\u2019 puede parecer accesorio, pero derrocha estilo y actitud); y la est\u00e9tica setentera tambi\u00e9n se luce con los colores y la textura de las im\u00e1genes, muy cre\u00edbles al momento de trasladarnos a la \u00e9poca.<\/p>\n<p itemprop=\"description\" class=\"sc__font-paragraph\">Menci\u00f3n especial para el trabajo de montaje, desde luego, que es de un ritmo punzante, at\u00edpico, nunca previsible ni simplista. Ah\u00ed es donde vemos a Gus Van Sant en su mejor forma, un director que siempre destac\u00f3 por su inventiva formal, por el ingenio para optimizar los recursos del cine independiente, y por imponer una mirada singular e iconoclasta. Complace tenerlo de vuelta. <\/p>\n<p><img src=\"https:\/\/www.europesays.com\/es\/wp-content\/uploads\/2026\/08\/WWKNP4Z3I5AP5ATFU75AZ47ARM.jpg\" alt=\"\" decoding=\"async\" class=\"lazy \"\/><\/p>\n<p><strong>\u201cLa negociaci\u00f3n\u201d<\/strong><\/p>\n<p><strong>Reparto: <\/strong>Bill Skarsg\u00e5rd, Dacre Montgomery, Cary Elwes.<\/p>\n<p><strong>Director: <\/strong>Gus Van Sant. Pa\u00eds y a\u00f1o: Estados Unidos, 2025.<\/p>\n<p><strong>D\u00f3nde verla: <\/strong>en salas de cine.<\/p>\n<p><strong>Calificaci\u00f3n: <\/strong>4 de 5 estrellas.<\/p>\n","protected":false},"excerpt":{"rendered":"La verdad es que hace varios a\u00f1os que el estadounidense Gus Van Sant (Louisville, 1952) llevaba un rumbo&hellip;\n","protected":false},"author":2,"featured_media":739797,"comment_status":"","ping_status":"","sticky":false,"template":"","format":"standard","meta":{"footnotes":""},"categories":[169],"tags":[1013,177,6621,146,147,25,24,176,63900,11943,175,753,1012,13086,105320,119985,23],"class_list":["post-739796","post","type-post","status-publish","format-standard","has-post-thumbnail","category-cine","tag-cartelera","tag-cine","tag-criticas","tag-entertainment","tag-entretenimiento","tag-es","tag-espana","tag-film","tag-gus-van-sant","tag-hbo","tag-movies","tag-peliculas","tag-pelis","tag-prime-video","tag-que-ver-en-el-cine","tag-que-ver-en-netflix","tag-spain"],"share_on_mastodon":{"url":"https:\/\/pubeurope.com\/@es\/117188695542298333","error":""},"_links":{"self":[{"href":"https:\/\/www.europesays.com\/es\/wp-json\/wp\/v2\/posts\/739796","targetHints":{"allow":["GET"]}}],"collection":[{"href":"https:\/\/www.europesays.com\/es\/wp-json\/wp\/v2\/posts"}],"about":[{"href":"https:\/\/www.europesays.com\/es\/wp-json\/wp\/v2\/types\/post"}],"author":[{"embeddable":true,"href":"https:\/\/www.europesays.com\/es\/wp-json\/wp\/v2\/users\/2"}],"replies":[{"embeddable":true,"href":"https:\/\/www.europesays.com\/es\/wp-json\/wp\/v2\/comments?post=739796"}],"version-history":[{"count":0,"href":"https:\/\/www.europesays.com\/es\/wp-json\/wp\/v2\/posts\/739796\/revisions"}],"wp:featuredmedia":[{"embeddable":true,"href":"https:\/\/www.europesays.com\/es\/wp-json\/wp\/v2\/media\/739797"}],"wp:attachment":[{"href":"https:\/\/www.europesays.com\/es\/wp-json\/wp\/v2\/media?parent=739796"}],"wp:term":[{"taxonomy":"category","embeddable":true,"href":"https:\/\/www.europesays.com\/es\/wp-json\/wp\/v2\/categories?post=739796"},{"taxonomy":"post_tag","embeddable":true,"href":"https:\/\/www.europesays.com\/es\/wp-json\/wp\/v2\/tags?post=739796"}],"curies":[{"name":"wp","href":"https:\/\/api.w.org\/{rel}","templated":true}]}}