{"id":739798,"date":"2026-08-31T06:25:19","date_gmt":"2026-08-31T06:25:19","guid":{"rendered":"https:\/\/www.europesays.com\/es\/739798\/"},"modified":"2026-08-31T06:25:19","modified_gmt":"2026-08-31T06:25:19","slug":"el-barca-inaugura-su-andadura-en-la-liga-f-con-una-goleada-al-tenerife-futbol-deportes","status":"publish","type":"post","link":"https:\/\/www.europesays.com\/es\/739798\/","title":{"rendered":"El Bar\u00e7a inaugura su andadura en la Liga F con una goleada al Tenerife | F\u00fatbol | Deportes"},"content":{"rendered":"<p class=\"\">El Barcelona femenino resolvi\u00f3 sin sobresaltos su primer examen de la temporada. Las azulgrana golearon 5-0 al Costa Adeje Tenerife en el Johan Cruyff, con dianas de Graham Hansen, Claudia Pina, Ewa Pajor, Van Asten y Paredes, <a href=\"https:\/\/elpais.com\/deportes\/futbol\/2026-08-29\/el-barcelona-ante-el-gran-relevo-en-la-medular-y-seguir-aspirando-a-todo.html\" target=\"_self\" rel=\"nofollow noopener\" title=\"https:\/\/elpais.com\/deportes\/futbol\/2026-08-29\/el-barcelona-ante-el-gran-relevo-en-la-medular-y-seguir-aspirando-a-todo.html\">y dejaron claro desde la primera jornada que la ambici\u00f3n de Pere Romeu sigue intacta<\/a>: repetir t\u00edtulo y encadenar el octavo entorchado dom\u00e9stico consecutivo.<\/p>\n<p>FCBFFC Barcelona Femenino<img decoding=\"async\" fetchpriority=\"low\" title=\"FC Barcelona Femenino\" loading=\"lazy\" src=\"https:\/\/www.europesays.com\/es\/wp-content\/uploads\/2026\/08\/4698.png\"  width=\"80\" height=\"80\"\/><\/p>\n<p>5 <\/p>\n<p> Cata Coll, Irene Paredes, Martina Fern\u00e1ndez, Renee van Asten (Marta Torrej\u00f3n, min. 54), L\u00faa Arufe, Patri Guijarro, Vicky L\u00f3pez (Elena Vizuete, min. 81), Sydney Schertenleib (Carolina Ferrera, min. 81), Ewa Pajor (Kerolin Nicoli, min. 66), Cl\u00e0udia Pina y Caroline Graham Hansen (Mayssa Baha, min. 81) <\/p>\n<p>0 <\/p>\n<p><img decoding=\"async\" fetchpriority=\"low\" title=\"Tenerife Femenino\" loading=\"lazy\" src=\"https:\/\/www.europesays.com\/es\/wp-content\/uploads\/2026\/08\/68b1b464e284a28.png\"  width=\"80\" height=\"80\"\/><\/p>\n<p> Noelia Ramos, Aithiara Carballo, Cinta Rodr\u00edguez, Elba Verg\u00e9s, Aleksandra Zaremba, Pola, Ariadna Mingueza (Noelia Salazar, min. 66), Henar Mui\u00f1a, Carlota Su\u00e1rez (Iratxe P\u00e9rez, min. 66), Marina Mart\u00ed (Koko Ange N&#8217;Guessan, min. 66) y Violeta Quiles <\/p>\n<p><b>Goles<\/b> 1-0 min. 26: Caroline Graham Hansen. 2-0 min. 38: Claudia Pina. 3-0 min. 47: Ewa Pajor. 4-0 min. 51: Renee van Asten. 5-0 min. 62: Irene Paredes <\/p>\n<p><b>Arbitro<\/b> Lorena Del Mar Trujilano Gallardo<\/p>\n<p>Tarjetas amarillas Mart\u00edn (min. 65), Martina Fern\u00e1ndez (min. 72), Koko Ange N&#8217;Guessan (min. 75), Cata Coll (min. 80), Claudia Pina (min. 93), Aithiara Carballo (min. 93) <\/p>\n<p class=\"\">El partido arranc\u00f3 con un libreto conocido. El Tenerife se repleg\u00f3 con cinco defensas y cuatro centrocampistas, dispuesto a ceder la pelota y esperar su oportunidad al contragolpe. El Bar\u00e7a, con Martina y L\u00faa Arufe como laterales, insisti\u00f3 por fuera ante un pasillo central bien tapado. Arufe prob\u00f3 fortuna desde lejos y oblig\u00f3 a intervenir a Noelia Ramos, mientras Martina remat\u00f3 alto de cabeza en la primera ocasi\u00f3n clara del choque. Las escasas llegadas visitantes nacieron de las subidas de Mart\u00ed por la banda derecha.<\/p>\n<p class=\"\">La resistencia tinerfe\u00f1a aguant\u00f3 poco m\u00e1s de media hora. En el 27, un pase entre l\u00edneas de Pina meti\u00f3 a Graham Hansen dentro del \u00e1rea y la noruega no perdon\u00f3. 12 minutos m\u00e1s tarde lleg\u00f3 el segundo: Pina, la m\u00e1xima goleadora del curso pasado, sac\u00f3 un derechazo desde la frontal del \u00e1rea que entr\u00f3 raso junto al poste. Con el 2-0 se lleg\u00f3 al descanso, tras una primera mitad en la que las locales fueron de menos a m\u00e1s.<\/p>\n<p class=\"\">La segunda parte certific\u00f3 la sentencia. En apenas un cuarto de hora, entre el 48 y el 62, el Bar\u00e7a pas\u00f3 del 2-0 al 5-0. Abri\u00f3 la cuenta Pajor, que remat\u00f3 de cabeza tras un centro desde la banda de Graham Hansen. Poco despu\u00e9s lleg\u00f3 el cuarto, <a href=\"https:\/\/elpais.com\/deportes\/futbol\/2026-07-22\/la-defensa-neerlandesa-renee-van-asten-ficha-por-el-barcelona-hasta-2030.html\" target=\"_self\" rel=\"nofollow noopener\" title=\"https:\/\/elpais.com\/deportes\/futbol\/2026-07-22\/la-defensa-neerlandesa-renee-van-asten-ficha-por-el-barcelona-hasta-2030.html\">un bal\u00f3n que Van Asten empuj\u00f3 a placer<\/a> aprovechando que la portera visitante no logr\u00f3 despejar del todo un remate anterior. Cerr\u00f3 la goleada Paredes, que remat\u00f3 de cerca un saque de esquina que hab\u00eda puesto en juego Graham Hansen. Con el partido resuelto, el ritmo baj\u00f3 y las ocasiones escasearon en el tramo final.<\/p>\n<p class=\"\">Detr\u00e1s del marcador qued\u00f3 la actuaci\u00f3n de Van Asten. La central neerlandesa, que hab\u00eda superado a tiempo una sobrecarga para llegar a su primera titularidad oficial, dej\u00f3 buenas sensaciones con el bal\u00f3n, sali\u00f3 limpia desde atr\u00e1s y no dio ninguna facilidad en los duelos individuales. En el club la se\u00f1alan como heredera natural del rol que dej\u00f3 Mapi Le\u00f3n, y el gol solo termin\u00f3 de redondear su estreno. Se march\u00f3 entre aplausos en el 55, sustituida por Marta Torrej\u00f3n.<\/p>\n<p class=\"\">El once inicial tambi\u00e9n reflej\u00f3 las estrecheces de la plantilla. Con Aitana todav\u00eda recuper\u00e1ndose de unas molestias en el tobillo y con las bajas de Laia Aleixandri, Kika, Esmee Brugts y Gemma Font, Pere Romeu tir\u00f3 del filial: hasta siete jugadoras con ficha del equipo B entraron en la convocatoria, entre ellas Carolina, Mayssa, Elena, L\u00eddia Gibert y Anna Quer.<\/p>\n<p class=\"\">El tramo final dej\u00f3 tambi\u00e9n las tarjetas del partido. Martina vio la amarilla en el 73 tras una revisi\u00f3n del video arbitraje por una entrada que el Tenerife reclamaba como roja; Cata, ya bajo palos, fue amonestada en el 81, y Pina y Aithiara vieron cartulina en pleno descuento. La colegiada Lorena Trujillano a\u00f1adi\u00f3 ocho minutos al final del encuentro.<\/p>\n<p class=\"\">Con los cambios,<a href=\"https:\/\/elpais.com\/deportes\/futbol\/2026-08-06\/kerolin-nicoli-el-fichaje-mas-caro-de-la-historia-del-barcelona-femenino.html\" target=\"_self\" rel=\"nofollow noopener\" title=\"https:\/\/elpais.com\/deportes\/futbol\/2026-08-06\/kerolin-nicoli-el-fichaje-mas-caro-de-la-historia-del-barcelona-femenino.html\"> el t\u00e9cnico dio minutos a Kerolin Nicoli, el fichaje llamado a marcar diferencias arriba<\/a>, y a tres canteranas, Baha, Ferrera y Vizuete, que debutaron con el primer equipo en el tramo final. Al Johan Cruyff acudieron 2.458 espectadores, una cifra discreta que confirm\u00f3 que buena parte de la afici\u00f3n azulgrana todav\u00eda est\u00e1 de vacaciones.<\/p>\n","protected":false},"excerpt":{"rendered":"El Barcelona femenino resolvi\u00f3 sin sobresaltos su primer examen de la temporada. Las azulgrana golearon 5-0 al Costa&hellip;\n","protected":false},"author":2,"featured_media":739799,"comment_status":"","ping_status":"","sticky":false,"template":"","format":"standard","meta":{"footnotes":""},"categories":[93],"tags":[41991,1540,168,927,1539,25,24,5039,282,1538,54681,17452,39740,23,167],"class_list":["post-739798","post","type-post","status-publish","format-standard","has-post-thumbnail","category-deportes","tag-claudia-pina","tag-competiciones","tag-deportes","tag-deportistas","tag-entrenadores","tag-es","tag-espana","tag-fc-barcelona-femenino","tag-futbol","tag-futbolistas","tag-irene-paredes","tag-liga-f-finetwork","tag-pere-romeu","tag-spain","tag-sports"],"share_on_mastodon":{"url":"https:\/\/pubeurope.com\/@es\/117188698873434324","error":""},"_links":{"self":[{"href":"https:\/\/www.europesays.com\/es\/wp-json\/wp\/v2\/posts\/739798","targetHints":{"allow":["GET"]}}],"collection":[{"href":"https:\/\/www.europesays.com\/es\/wp-json\/wp\/v2\/posts"}],"about":[{"href":"https:\/\/www.europesays.com\/es\/wp-json\/wp\/v2\/types\/post"}],"author":[{"embeddable":true,"href":"https:\/\/www.europesays.com\/es\/wp-json\/wp\/v2\/users\/2"}],"replies":[{"embeddable":true,"href":"https:\/\/www.europesays.com\/es\/wp-json\/wp\/v2\/comments?post=739798"}],"version-history":[{"count":0,"href":"https:\/\/www.europesays.com\/es\/wp-json\/wp\/v2\/posts\/739798\/revisions"}],"wp:featuredmedia":[{"embeddable":true,"href":"https:\/\/www.europesays.com\/es\/wp-json\/wp\/v2\/media\/739799"}],"wp:attachment":[{"href":"https:\/\/www.europesays.com\/es\/wp-json\/wp\/v2\/media?parent=739798"}],"wp:term":[{"taxonomy":"category","embeddable":true,"href":"https:\/\/www.europesays.com\/es\/wp-json\/wp\/v2\/categories?post=739798"},{"taxonomy":"post_tag","embeddable":true,"href":"https:\/\/www.europesays.com\/es\/wp-json\/wp\/v2\/tags?post=739798"}],"curies":[{"name":"wp","href":"https:\/\/api.w.org\/{rel}","templated":true}]}}