{"id":739806,"date":"2026-08-31T06:30:27","date_gmt":"2026-08-31T06:30:27","guid":{"rendered":"https:\/\/www.europesays.com\/es\/739806\/"},"modified":"2026-08-31T06:30:27","modified_gmt":"2026-08-31T06:30:27","slug":"guerra-ucrania-rusia-ultima-hora-en-directo-el-periodico","status":"publish","type":"post","link":"https:\/\/www.europesays.com\/es\/739806\/","title":{"rendered":"Guerra Ucrania &#8211; Rusia, \u00faltima hora en directo &#8211; El Peri\u00f3dico"},"content":{"rendered":"<ol>\n<li><a href=\"https:\/\/news.google.com\/rss\/articles\/CBMinAFBVV95cUxNOHl0emxqTUhVRzlKcjY2ZmRiaW5iQUhXaTlCcGdNd2pRVEtvX1JpSE9CRWQxTnlvOG9VWG41bFZJUjBSanMzQXBYQklDX3lXSkZkbHpYS3JtS1Nja29sZlY2cHk5RF9tRlBvMng0Zk5MT3Y3ODI0UlJZdzRFSUJiS3dTTVRKTFFMN19INmhuVGU3aWt0enpsV0lJMzA?oc=5\" target=\"_blank\" rel=\"nofollow noopener\">Guerra Ucrania &#8211; Rusia, \u00faltima hora en directo<\/a>&nbsp;&nbsp;El Peri\u00f3dico<\/li>\n<li><a href=\"https:\/\/news.google.com\/rss\/articles\/CBMiuAJBVV95cUxNVDVIOTNsZWtHSlRSUmJZUU5LMThaVG1HbWhCQUZjQmo1Y0NLbGhaOFYyYVlqd1BzUmVfSWxTQjdBaGxWZVlIZ2NPVHFfZUdwYTlJZ0laeE5uMHZTTTJmNF9sUC1VVmdwNGFlbTVWVExER2J2cktycXE5NGpQU2xHb1hDMVdWeVpwWkdLOVNjZ0FXVHgxdUVDb1dlSHNVbGs5Q282dlp0RlBXOGFTalRwSU9YbkRHanEzZXptNGFpWThfVTVmajg0dlg3WVhJY3hnenR1T09ZWG5BbkN0ZUdJVzFMZ011dVlFV0NCT1FXWWZKY0JkdXMzd09OVk56cmRxbWhiYUQ4MC1oVmstUkxlbGh1UXFqRGJXQVRDZURSaDFGUDR5T2NJck4wd1YwNkQtZldXLVhtTjA?oc=5\" target=\"_blank\" rel=\"nofollow noopener\">Noche (30-08-26) Asciende a 38 el n\u00famero de muertos en Kyiv tras el ataque de Rusia en un almac\u00e9n de munici\u00f3n<\/a>&nbsp;&nbsp;atresplayer<\/li>\n<li><a href=\"https:\/\/news.google.com\/rss\/articles\/CBMi2wFBVV95cUxPUk1NMVM2S0pVdnQyX2NHb2NBUVBJNEZkd3JhbVFRcUktZ2dpakxDc3VMZmxuc2pZZ0ducjNueVR3TTJ2SVBZSTgwSUt2aDk4RXVUYjNDOV9lc0t1V3ppckJFUUNhWlRGclV1MUNIb3pXQUl0LUNLSTcteEtRd0QzNDhhZmJSUWdRMVpZSGFXZWE5cXhOeWl5R3J3WHY4UUwyT0JPT1J4VjNNTTJIb3JQbHdLRWJBYmkyWWdTR1dEQzBFTzk0bDVyb3Z0ZktrejFnSXhKZVVUMVoxWVk?oc=5\" target=\"_blank\" rel=\"nofollow noopener\">Al menos 37 muertos en un bombardeo ruso contra un almac\u00e9n militar en Kiev en uno de los peores ataques de la guerra<\/a>&nbsp;&nbsp;EL PA\u00cdS<\/li>\n<li><a href=\"https:\/\/news.google.com\/rss\/articles\/CBMi4gFBVV95cUxNQ2N2aGtuNUVybXItUlRqS3NFSnE3em1qWHFyaTdJTHAxamRTNGVyVjN2TkJMS1k0dll3LW5qcWl5Vko5cndXRDZHMlNQVndKWWJNa0Vrenk3VEdkODFVQlBkY05heEZXRmJ2Mjgyd19iT1MwSXV1aVdXZGVMYWlHQkc2UXV0SXViUm9ZTTBodnFlTS1raHZzVFZVR1cybmlKbmM5Y2Z4bFY0aWxzQUFpN3h2SktTM1ZlSU5xNVN6VjZEdF9NSDNmQ2o4ZkVzcW1NM19hd1JnUmJmaUlYUXRRRnhB0gHiAUFVX3lxTE9XbVM5NkdZVnVGX09OcEhUVWYxdF9LNXI3Yy1ZV1Y1QzRmSkFOQW95dEVzTUNxMHVsY0xvTWpnMWI4aDRuVUd4S0R4WmZlRjVHaFB5aFVDamhZLTJsenVLOFJCejlNRDlHcjZjR1dDR3BNS2F6S1B4ZTRqVzIydmttb3VQc2ZLeEo2QnpLdjcyVzZRMFV2b0NYZm9Hakl1aGQ2S3Bfc3U3djVHUk1UMlBaeGh3S3E4eS1NZkF2bXlIdXNfenZTM3Z6ZVJTVzY3OEpFUEZabVhKUW81SFFGYkVXbkE?oc=5\" target=\"_blank\" rel=\"nofollow noopener\">Ataques sin descanso: Rusia aumenta de manera exponencial su ofensiva contra Kyiv<\/a>&nbsp;&nbsp;LaSexta<\/li>\n<li><a href=\"https:\/\/news.google.com\/rss\/articles\/CBMirgFBVV95cUxOZGE2Smp0eUQ2UTRhdmhfLWtLeGl1Q3RxcHBSQU54V25EQTMwZGZQWXkxY1FnWHVLbUN3ZVdjQW9QcGlBRWV0LVNjdzZXRGNEVHRUZ2hnazFSclp4Si1UVHJvOUY3ZjFZWXFKanYtMWxCMGJsbUlMZWsxMnNteFJxcFRzbDdxQ19MNksxMG45bHE1WTI1dm9UVGp1dk1jNngtYklZZTNMM3RNazFpU3c?oc=5\" target=\"_blank\" rel=\"nofollow noopener\">Al menos 38 muertos en un ataque ruso contra un almac\u00e9n de municiones cerca de Kiev<\/a>&nbsp;&nbsp;El Correo<\/li>\n<\/ol>\n","protected":false},"excerpt":{"rendered":"Guerra Ucrania &#8211; Rusia, \u00faltima hora en directo&nbsp;&nbsp;El Peri\u00f3dico Noche (30-08-26) Asciende a 38 el n\u00famero de muertos&hellip;\n","protected":false},"author":2,"featured_media":739807,"comment_status":"","ping_status":"","sticky":false,"template":"","format":"standard","meta":{"footnotes":""},"categories":[42],"tags":[17,18,13,14,12905,11,61,62,63,64,19,20,10456,9,10,15,16,1613,1614,12,7081,21,22,7083,14181,65,66,67],"class_list":["post-739806","post","type-post","status-publish","format-standard","has-post-thumbnail","category-internacional","tag-breaking-news","tag-breakingnews","tag-featured-news","tag-featurednews","tag-guerra-de-ucrania","tag-headlines","tag-internacional","tag-international","tag-international-news","tag-internationalnews","tag-latest-news","tag-latestnews","tag-moscu","tag-news","tag-noticias","tag-noticias-destacadas","tag-noticiasdestacadas","tag-otan","tag-rusia","tag-titulares","tag-ucrania","tag-ultimas-noticias","tag-ultimasnoticias","tag-vladimir-putin","tag-volodimir-zelenski","tag-world","tag-world-news","tag-worldnews"],"share_on_mastodon":{"url":"https:\/\/pubeurope.com\/@es\/117188717879885797","error":""},"_links":{"self":[{"href":"https:\/\/www.europesays.com\/es\/wp-json\/wp\/v2\/posts\/739806","targetHints":{"allow":["GET"]}}],"collection":[{"href":"https:\/\/www.europesays.com\/es\/wp-json\/wp\/v2\/posts"}],"about":[{"href":"https:\/\/www.europesays.com\/es\/wp-json\/wp\/v2\/types\/post"}],"author":[{"embeddable":true,"href":"https:\/\/www.europesays.com\/es\/wp-json\/wp\/v2\/users\/2"}],"replies":[{"embeddable":true,"href":"https:\/\/www.europesays.com\/es\/wp-json\/wp\/v2\/comments?post=739806"}],"version-history":[{"count":0,"href":"https:\/\/www.europesays.com\/es\/wp-json\/wp\/v2\/posts\/739806\/revisions"}],"wp:featuredmedia":[{"embeddable":true,"href":"https:\/\/www.europesays.com\/es\/wp-json\/wp\/v2\/media\/739807"}],"wp:attachment":[{"href":"https:\/\/www.europesays.com\/es\/wp-json\/wp\/v2\/media?parent=739806"}],"wp:term":[{"taxonomy":"category","embeddable":true,"href":"https:\/\/www.europesays.com\/es\/wp-json\/wp\/v2\/categories?post=739806"},{"taxonomy":"post_tag","embeddable":true,"href":"https:\/\/www.europesays.com\/es\/wp-json\/wp\/v2\/tags?post=739806"}],"curies":[{"name":"wp","href":"https:\/\/api.w.org\/{rel}","templated":true}]}}