{"id":739816,"date":"2026-08-31T06:45:36","date_gmt":"2026-08-31T06:45:36","guid":{"rendered":"https:\/\/www.europesays.com\/es\/739816\/"},"modified":"2026-08-31T06:45:36","modified_gmt":"2026-08-31T06:45:36","slug":"barbara-mori-rubi-regresa-por-todo-lo-alto-con-las-azules-todo-sobre-la-serie-mas-feminista-apple-tv","status":"publish","type":"post","link":"https:\/\/www.europesays.com\/es\/739816\/","title":{"rendered":"B\u00e1rbara Mori (&#8216;Rub\u00ed&#8217;) regresa por todo lo alto con &#8216;Las azules&#8217;: todo sobre la serie m\u00e1s feminista Apple TV+"},"content":{"rendered":"<p data-journey-content=\"true\" data-node-id=\"3\" class=\"css-1ood0zq emevuu60\">La actriz <a href=\"https:\/\/www.diezminutos.es\/telenovela\/g1894864\/barbara-mori-complot-mongol-operacion-concha-san-sebastian\/\" target=\"_blank\" data-vars-ga-outbound-link=\"https:\/\/www.diezminutos.es\/telenovela\/g1894864\/barbara-mori-complot-mongol-operacion-concha-san-sebastian\/\" data-vars-ga-ux-element=\"Hyperlink\" data-vars-ga-call-to-action=\"B\u00e1rbara Mori\" data-node-id=\"3.1\" class=\"body-link css-1v1lrc0 emevuu60\" rel=\"nofollow noopener\">B\u00e1rbara Mori<\/a>, inolvidable protagonista de \u2018<a href=\"https:\/\/www.diezminutos.es\/telenovela\/las-telenovelas-de-tu-vida\/g1957091\/rubi-barbara-mori-eduardo-santamarina-sebastian-rulli\/\" target=\"_blank\" data-vars-ga-outbound-link=\"https:\/\/www.diezminutos.es\/telenovela\/las-telenovelas-de-tu-vida\/g1957091\/rubi-barbara-mori-eduardo-santamarina-sebastian-rulli\/\" data-vars-ga-ux-element=\"Hyperlink\" data-vars-ga-call-to-action=\"Rub\u00ed\" data-node-id=\"3.3\" class=\"body-link css-1v1lrc0 emevuu60\" rel=\"nofollow noopener\">Rub\u00ed<\/a>\u2019, vuelve a conquistar a los espectadores con \u2018Las azules\u2019, el thriller polic\u00edaco de Apple TV+ que acaba de estrenar su segunda temporada. Ambientada en 1971, la serie est\u00e1 inspirada en hechos reales y sigue a cuatro mujeres que <strong data-node-id=\"3.5\">desaf\u00edan las normas de una sociedad conservadora<\/strong> al incorporarse a la primera fuerza policial femenina de M\u00e9xico. Sin embargo, pronto descubren que su escuadr\u00f3n es en realidad una estrategia de marketing destinada a desviar la atenci\u00f3n de un asesino en serie. Ante esta situaci\u00f3n, las cuatro agentes deciden hacer un pacto secreto para atraparlo, enfrent\u00e1ndose incluso a los altos mandos de la polic\u00eda y arriesg\u00e1ndolo todo para descubrir la verdad.<\/p>\n<p><img draggable=\"true\" alt=\"B\u00e1rbara Mori\" title=\"B\u00e1rbara Mori\" loading=\"lazy\" width=\"1418\" height=\"1438\" decoding=\"async\" data-nimg=\"1\" style=\"color:transparent;width:100%;height:auto;\"   src=\"https:\/\/www.europesays.com\/es\/wp-content\/uploads\/2026\/08\/13509-barbaramorirubi-1565681588.jpg\" class=\"css-0 e1ddfba50\"\/><\/p>\n<p>Mezcalent<\/p>\n<p>&#8216;Las azules&#8217;, una serie sobre empoderamiento femenino en Apple TV+<img draggable=\"true\" alt=\"B\u00e1rbara Mori y Fernando Rovzar\" title=\"B\u00e1rbara Mori y Fernando Rovzar\" loading=\"lazy\" width=\"1439\" height=\"1476\" decoding=\"async\" data-nimg=\"1\" style=\"color:transparent;width:100%;height:auto;\"   src=\"https:\/\/www.europesays.com\/es\/wp-content\/uploads\/2026\/08\/2019-04-19-13190-barbaramoripelicula-1555916627.jpg\" class=\"css-0 e1ddfba50\"\/><\/p>\n<p>Mezcalent<\/p>\n<p data-journey-content=\"true\" data-node-id=\"12\" class=\"css-1ood0zq emevuu60\">La segunda temporada, formada por ocho cap\u00edtulos, eleva todav\u00eda m\u00e1s la tensi\u00f3n. En esta nueva entrega, las protagonistas se enfrentan a la aparici\u00f3n del cad\u00e1ver de una joven activista estudiantil. La investigaci\u00f3n las llevar\u00e1 directamente hasta uno de los episodios m\u00e1s oscuros de la historia reciente de M\u00e9xico: la masacre estudiantil de 1968. La producci\u00f3n mantiene as\u00ed su combinaci\u00f3n de misterio, acci\u00f3n, drama y empoderamiento femenino. <strong data-node-id=\"12.1\">En el centro de la historia vuelve a estar<\/strong> <strong data-node-id=\"12.3\">Mar\u00eda<\/strong>, personaje interpretado por <a href=\"https:\/\/www.diezminutos.es\/telenovela\/a28768080\/barbara-mori-rubi-remake-exito\/\" target=\"_blank\" data-vars-ga-outbound-link=\"https:\/\/www.diezminutos.es\/telenovela\/a28768080\/barbara-mori-rubi-remake-exito\/\" data-vars-ga-ux-element=\"Hyperlink\" data-vars-ga-call-to-action=\"B\u00e1rbara Mori\" data-node-id=\"12.5\" class=\"body-link css-1v1lrc0 emevuu60\" rel=\"nofollow noopener\">B\u00e1rbara Mori<\/a>. La actriz explica que su personaje ha experimentado una profunda evoluci\u00f3n. Mar\u00eda comenz\u00f3 siendo una mujer preocupada por cumplir las expectativas de los dem\u00e1s, intentando ser la madre y esposa perfecta. Su entrada en la polic\u00eda le permiti\u00f3 descubrir que tambi\u00e9n pod\u00eda convertirse en una gran investigadora y confiar en sus propias decisiones. Ahora, como teniente y l\u00edder, debe descubrir qui\u00e9n es realmente y construir una nueva vida acorde con la mujer en la que se ha convertido.<\/p>\n<p data-journey-content=\"true\" data-node-id=\"16\" class=\"css-1ood0zq emevuu60\">Mori comparte protagonismo con <strong data-node-id=\"16.1\">Natalia T\u00e9llez, Amorita Rasgado y Ximena Sari\u00f1ana<\/strong>, con quienes, seg\u00fan la propia actriz, existe una complicidad muy especial. Para ella, las cuatro mujeres representan fortalezas diferentes que se complementan y se potencian entre s\u00ed. Uno de los grandes atractivos de \u2018Las azules\u2019 es precisamente su apuesta por mostrar <strong data-node-id=\"16.3\">el despertar y el empoderamiento de la mujer<\/strong>. Mori considera fundamental que las mujeres puedan decidir qu\u00e9 quieren para sus vidas, establecer sus propios l\u00edmites y utilizar su voz sin miedo. La serie tambi\u00e9n aborda cuestiones como la salud mental y pretende generar una reflexi\u00f3n sobre la sociedad y la necesidad de construir relaciones m\u00e1s emp\u00e1ticas.<\/p>\n<p data-journey-content=\"true\" data-node-id=\"21\" class=\"css-1ood0zq emevuu60\">Adem\u00e1s, la actriz reconoce que existe una conexi\u00f3n personal con Mar\u00eda. <a href=\"https:\/\/www.diezminutos.es\/telenovela\/a37701397\/barbara-mori-debut-directora-cortometraje\/\" target=\"_blank\" data-vars-ga-outbound-link=\"https:\/\/www.diezminutos.es\/telenovela\/a37701397\/barbara-mori-debut-directora-cortometraje\/\" data-vars-ga-ux-element=\"Hyperlink\" data-vars-ga-call-to-action=\"B\u00e1rbara Mori\" data-node-id=\"21.1\" class=\"body-link css-1v1lrc0 emevuu60\" rel=\"nofollow noopener\">B\u00e1rbara Mori<\/a> cuenta que sufri\u00f3 violencia durante su infancia y que durante mucho tiempo busc\u00f3 reconocimiento externo y trat\u00f3 de encajar en la sociedad. Por eso se identifica con el proceso de su personaje, que al entrar en la polic\u00eda descubre que tiene voz y puede confiar en s\u00ed misma. Y el rodaje tuvo un componente especialmente familiar: B\u00e1rbara Mori trabaj\u00f3 junto a su marido, <strong data-node-id=\"21.3\">Fernando Rovzar<\/strong><strong data-node-id=\"21.4\">, cocreador, showrunner, guionista y director principal de la serie<\/strong>. La actriz describe esta experiencia como un regalo y destaca tambi\u00e9n la relaci\u00f3n que cre\u00f3 con el resto del elenco, asegurando que se form\u00f3 un equipo maravilloso. Rovzar es adem\u00e1s conocido por trabajos como \u2018Monarca\u2019 y \u2018Trece miedos\u2019. Con su mezcla de investigaci\u00f3n policial, drama y reivindicaci\u00f3n femenina, \u2018Las azules\u2019 consolida a B\u00e1rbara Mori en una nueva etapa de su carrera, demostrando que, casi tres d\u00e9cadas despu\u00e9s de comenzar su trayectoria, la actriz contin\u00faa explorando personajes complejos y muy diferentes a la m\u00edtica Rub\u00ed.<\/p>\n<p><img src=\"https:\/\/www.europesays.com\/es\/wp-content\/uploads\/2026\/08\/1788158736_215_43af9b8f-983e-4e74-8e74-9a7479b0966b_1681831601.file.png\" alt=\"Headshot of Pilar Mart\u00ednez\" title=\"Headshot of Pilar Mart\u00ednez\" width=\"100%\" height=\"100%\" decoding=\"async\" loading=\"lazy\" class=\"css-o0wq4v ev8dhu53\"\/><\/p>\n<p>Pilar Mart\u00ednez es periodista especializada en contenidos de televisi\u00f3n y cultura, se gradu\u00f3 en la carrera en Periodismo en la Facultad de Ciencias de la Informaci\u00f3n (Universidad Complutense de Madrid) en el a\u00f1o 2018. Desde entonces ha pasado por las redacciones de Ecoteuve (El Economista), donde realiz\u00f3 sus primeras pr\u00e1cticas durante el verano del 2016.<\/p>\n<p>Posteriormente, concretamente, en el a\u00f1o 2017 se pas\u00f3 al grupo Hearst Espa\u00f1a, donde comenz\u00f3 su andadura en las revistas de televisi\u00f3n: Supertele, Teleprograma, Telenovela. Ahora colabora con Diez Minutos, en su versi\u00f3n web, donde se encarga de realizar los avances semanales de las ficciones diarias de moda, as\u00ed como entrevistas y art\u00edculos sobre los melodramas o telenovelas que aterrizan en nuestro pa\u00eds y aquellos que est\u00e1n por venir.<\/p>\n<p>Toda una cazadora de exclusivas. A esto, se suma su puesto como redactora jefe de la secci\u00f3n de novela narrativa en la revista Culturamas, medio digital de alto impacto al que lleva unida desde el a\u00f1o 2013. \u00c1vida lectora, cin\u00e9fila y seri\u00e9fila de primer nivel, ha hecho de su vocaci\u00f3n su oficio. \u00a0<\/p>\n","protected":false},"excerpt":{"rendered":"La actriz B\u00e1rbara Mori, inolvidable protagonista de \u2018Rub\u00ed\u2019, vuelve a conquistar a los espectadores con \u2018Las azules\u2019, el&hellip;\n","protected":false},"author":2,"featured_media":739817,"comment_status":"","ping_status":"","sticky":false,"template":"","format":"standard","meta":{"footnotes":""},"categories":[171],"tags":[253,146,147,25,24,23,214],"class_list":["post-739816","post","type-post","status-publish","format-standard","has-post-thumbnail","category-tv","tag-discover","tag-entertainment","tag-entretenimiento","tag-es","tag-espana","tag-spain","tag-tv"],"share_on_mastodon":{"url":"https:\/\/pubeurope.com\/@es\/117188778136463499","error":""},"_links":{"self":[{"href":"https:\/\/www.europesays.com\/es\/wp-json\/wp\/v2\/posts\/739816","targetHints":{"allow":["GET"]}}],"collection":[{"href":"https:\/\/www.europesays.com\/es\/wp-json\/wp\/v2\/posts"}],"about":[{"href":"https:\/\/www.europesays.com\/es\/wp-json\/wp\/v2\/types\/post"}],"author":[{"embeddable":true,"href":"https:\/\/www.europesays.com\/es\/wp-json\/wp\/v2\/users\/2"}],"replies":[{"embeddable":true,"href":"https:\/\/www.europesays.com\/es\/wp-json\/wp\/v2\/comments?post=739816"}],"version-history":[{"count":0,"href":"https:\/\/www.europesays.com\/es\/wp-json\/wp\/v2\/posts\/739816\/revisions"}],"wp:featuredmedia":[{"embeddable":true,"href":"https:\/\/www.europesays.com\/es\/wp-json\/wp\/v2\/media\/739817"}],"wp:attachment":[{"href":"https:\/\/www.europesays.com\/es\/wp-json\/wp\/v2\/media?parent=739816"}],"wp:term":[{"taxonomy":"category","embeddable":true,"href":"https:\/\/www.europesays.com\/es\/wp-json\/wp\/v2\/categories?post=739816"},{"taxonomy":"post_tag","embeddable":true,"href":"https:\/\/www.europesays.com\/es\/wp-json\/wp\/v2\/tags?post=739816"}],"curies":[{"name":"wp","href":"https:\/\/api.w.org\/{rel}","templated":true}]}}