{"id":739818,"date":"2026-08-31T06:46:12","date_gmt":"2026-08-31T06:46:12","guid":{"rendered":"https:\/\/www.europesays.com\/es\/739818\/"},"modified":"2026-08-31T06:46:12","modified_gmt":"2026-08-31T06:46:12","slug":"de-los-premios-juventud-a-los-grammy-y-los-brit-awards-las-claves-de-todos-los-premios-de-la-temporada","status":"publish","type":"post","link":"https:\/\/www.europesays.com\/es\/739818\/","title":{"rendered":"De los Premios Juventud a los Grammy y los BRIT Awards: las claves de todos los premios de la temporada"},"content":{"rendered":"<p>Este jueves 3 de septiembre, Mallorca acoge la 23\u00aa edici\u00f3n de los <a title=\"Premios Juventud\" href=\"https:\/\/www.europafm.com\/temas\/premios_juventud-1\" target=\"_blank\" rel=\"nofollow noopener\"><b>Premios Juventud<\/b><\/a>, que dan comienzo a la temporada de premios musicales 2026\/2027. A continuaci\u00f3n hacemos un repaso de todas las galas de premios que tendr\u00e1n lugar en los pr\u00f3ximos meses: cu\u00e1ndo son, qu\u00e9 artistas est\u00e1n nominados y qu\u00e9 artistas actuar\u00e1n.<\/p>\n<p>Premios Juventud &#8211; 3 de septiembre<\/p>\n<p>Organizados por TelevisaUnivision, los <b>Premios Juventud<\/b> son una de las galas m\u00e1s importantes del mundo del entretenimiento hispanohablante y cuentan con cinco grandes categor\u00edas: m\u00fasica, cultura pop, deportes, cine e imagen y moda.<\/p>\n<p>Por primera vez, la gala cruza el charco y se celebra en nuestro pa\u00eds en <b>el Starlite Auditorium de Marbella<\/b>, con actuaciones de Ana Mena, Camilo, Eladio Carri\u00f3n, La Oreja de Van Gogh, Manuel Carrasco, Marc Anthony, Mau y Ricky y Quevedo, entre otros artistas.<\/p>\n<p>El mexicano <b>Car\u00edn Le\u00f3n es el m\u00e1ximo nominado de la noche<\/b>, con un total de nueve menciones, entre las que destaca \u00e1lbum del a\u00f1o. Le siguen de cerca con siete Be\u00e9le, Kany Garc\u00eda y Rauw Alejandro.<\/p>\n<p>Los galardones tambi\u00e9n cuentan con representaci\u00f3n espa\u00f1ola: <a title=\"Quevedo es el m\u00e1ximo nominado espa\u00f1ol\" href=\"https:\/\/www.europafm.com\/noticias\/musica\/rosalia-nueve-candidaturas-aitana-amaia-lola-indigo-dos-menciones-todos-nominados-premios-juventud-2026_202607296a6a03b0a5690f047357fb37.html\" target=\"_blank\" rel=\"nofollow noopener\"><b>Quevedo es el m\u00e1ximo nominado espa\u00f1ol<\/b><\/a>, con seis candidaturas, seguido por <b>Rosal\u00eda<\/b>, con cinco; <b>Aitana<\/b>, <b>Alejandro Sanz <\/b>y <b>Lola \u00cdndigo<\/b>, con cuatro; y <b>Rels B<\/b>, <b>Amaia <\/b>y <b>Judeline<\/b>, con tres.<\/p>\n<p>MTV VMAs &#8211; 27 de septiembre<\/p>\n<p>El 27 de septiembre, los <a title=\"MTV Video Music Awards\" href=\"https:\/\/www.europafm.com\/noticias\/musica\/premios-mtv-vmas-2026-todos-artistas-nominados_202608186a8464cda046ad6ebcb8586f.html\" target=\"_blank\" rel=\"nofollow noopener\"><b>MTV Video Music Awards<\/b><\/a> regresan a la costa oeste, con una ceremonia celebrada en el Peacock Theatre de Los \u00c1ngeles. Estos premios, creados por la MTV para destacar los mejores v\u00eddeos musicales, se han convertido en <b>una de las galas m\u00e1s importantes de la cultura pop estadounidense. <\/b><\/p>\n<p><b>Madonna <\/b>es la artista m\u00e1s nominada de la noche, con <a title=\"un total de 11 nominaciones\" href=\"https:\/\/www.europafm.com\/noticias\/musica\/premios-mtv-vmas-2026-todos-artistas-nominados_202608186a8464cda046ad6ebcb8586f.html\" target=\"_blank\" rel=\"nofollow noopener\">un total de 11 nominaciones<\/a>, seguida por <b>Taylor Swift <\/b>\u2014la artista m\u00e1s reconocida por estos premios, con un total de 30 galardones\u2014. La gala tambi\u00e9n cuenta con<a title=\" presencia espa\u00f1ola gracias a Rosal\u00eda\" href=\"https:\/\/www.europafm.com\/noticias\/musica\/motivo-que-fans-rosalia-estan-enfadados-sus-cinco-nominaciones-mtv-vmas_202608196a85591471b42a0b5df79f66.html\" target=\"_blank\" rel=\"nofollow noopener\"> presencia espa\u00f1ola gracias a Rosal\u00eda<\/a>, que cuenta con cinco nominaciones.<\/p>\n<p>El premio m\u00e1s importante de la noche, Mejor Videoclip, se lo disputar\u00e1n entre Ariana Grande con hate that i made you love me, Bruno Mars con I Just Might, GENER8ION con Storm starring Yung Lean, Madonna con Confessions II\u2013 Film, Sabrina Carpenter con Tears y Taylor Swift con The Fate of Ophelia. Por el momento se desconoce qu\u00e9 artistas act\u00faan en la gala.<\/p>\n<p>Premios Billboard de la M\u00fasica Latina &#8211; 22 de octubre<\/p>\n<p>El pr\u00f3ximo 22 de octubre, Miami acoge <b>la 33\u00aa edici\u00f3n de los Premios Billboard de la m\u00fasica latina<\/b>. Estos galardones reconocen a los mejores artistas, \u00e1lbumes y canciones del a\u00f1o, determinados por las ventas reales, streaming, difusi\u00f3n radial y datos sociales que informan las listas semanales de Billboard.<\/p>\n<p>En 2025,<b> Bad Bunny fue el artista m\u00e1s galardonado de la edici\u00f3n<\/b> con un total de 11 galardones, incluyendo el de artista del a\u00f1o. <b>La lista de nominados de esta edici\u00f3n todav\u00eda no se conoce<\/b>.<\/p>\n<p>Latin Grammy &#8211; 12 de noviembre<\/p>\n<p>La 27\u00aa edici\u00f3n de los <a title=\"Latin Grammy\" href=\"https:\/\/www.europafm.com\/temas\/latin_grammy-1\" target=\"_blank\" rel=\"nofollow noopener\">Latin Grammy<\/a> tendr\u00e1 lugar el pr\u00f3ximo 12 de noviembre en el MGM Grand Garden Arena en Las Vegas. Estos premios, organizados por la Academia Latina de Artes y Ciencias de la Grabaci\u00f3n, son uno de los <b>galardones m\u00e1s importantes de la industria musical iberoamericana<\/b>, y reconocen a artistas latinos de Espa\u00f1a, Portugal, Latinoam\u00e9rica, Estados Unidos y Canad\u00e1.<\/p>\n<p>Aunque las nominaciones a estos prestigiosos premios<b> se anuncian el pr\u00f3ximo 16 de septiembr<\/b>e, todo apunta a que <b>Rosal\u00eda<\/b>, <b>CA7RIEL &amp; Paco Amoroso<\/b> y <b>Car\u00edn Le\u00f3n <\/b>ser\u00e1n algunos de los nombres que competir\u00e1n por el Latin Grammy a \u00c1lbum del a\u00f1o.<\/p>\n<p>En 2025, Bad Bunny y CA7RIEL &amp; Paco Amoroso fueron los artistas m\u00e1s premiados, con cinco estatuillas cada uno. El puertorrique\u00f1o se hizo con el premio a \u00c1lbum del a\u00f1o gracias a DeB\u00cd TiRAR M\u00e1S FOToS.<\/p>\n<p>Premios Grammy &#8211; 7 de febrero<\/p>\n<p>Sin duda alguna, los <a title=\"Premios Grammy\" href=\"https:\/\/www.europafm.com\/temas\/premios_grammy-1\" target=\"_blank\" rel=\"nofollow noopener\"><b>Premios Grammy<\/b><\/a> son los galardones musicales m\u00e1s prestigiosos de la industria musical anglosajona. El Crypto.com Arena de Los \u00c1ngeles acoge la 69\u00aa edici\u00f3n <b>el 7 de febrero de 2027.<\/b><\/p>\n<p>A pesar de que todav\u00eda no se han anunciado las nominaciones \u2014el plazo de inscripciones cerr\u00f3 el pasado 21 de agosto\u2014, todo apunta a que la gala tendr\u00e1 presencia espa\u00f1ola gracias a <b>Rosal\u00eda<\/b>. Seg\u00fan la cr\u00edtica estadounidense,<b> la catalana podr\u00eda optar al Grammy a \u00c1lbum del a\u00f1o<\/b> con LUX, y tambi\u00e9n incluyen nombres como el de <b>Taylor Swift<\/b>, <b>Olivia Dean <\/b>o <b>Bruno Mars <\/b>en sus predicciones.<\/p>\n<p>En 2026, <b>Bad Bunny se hizo con el galard\u00f3n a Mejor \u00e1lbum del a\u00f1o<\/b> por DeB\u00cd TiRAR M\u00e1S FOToS y <b>Kendrick Lamar <\/b>se convirti\u00f3 en el artista m\u00e1s premiado de la noche con un total de cinco premios.<\/p>\n<p>Brit Awards &#8211; 27 de febrero<\/p>\n<p>Por segundo a\u00f1o consecutivo, Manchester acoge la ceremonia de entrega de los<b> BRIT Awards<\/b>. Organizados por la British Phonographic Industry, adem\u00e1s de ser los galardones m\u00e1s importantes de Reino Unido, han conseguido convertirse en <b>una de las citas m\u00e1s importantes de la m\u00fasica anglosajona<\/b>.<\/p>\n<p>La 47\u00aa edici\u00f3n de los BRITS reconoce a la mejor m\u00fasica brit\u00e1nica publicada desde diciembre de 2025 hasta diciembre de 2026, por lo que <b>todav\u00eda no se conocen los nominados<\/b>.<\/p>\n<p>En 2026, <a title=\"Rosal\u00eda hizo historia \" href=\"https:\/\/www.europafm.com\/noticias\/musica\/rosalia-hace-historia-ganar-premio-artista-internacional-ano-brit-awards-2026_2026022869a36c889243cc133c699c0d.html\" target=\"_blank\" rel=\"nofollow noopener\"><b>Rosal\u00eda hizo historia <\/b><\/a>al convertirse en la primera artista espa\u00f1ola en ganar el premio <b>BRIT a Mejor Artista Internacional<\/b>, frente a nombres como Taylor Swift, Bad Bunny, Chappell Roan o Doechii.<\/p>\n","protected":false},"excerpt":{"rendered":"Este jueves 3 de septiembre, Mallorca acoge la 23\u00aa edici\u00f3n de los Premios Juventud, que dan comienzo a&hellip;\n","protected":false},"author":2,"featured_media":739819,"comment_status":"","ping_status":"","sticky":false,"template":"","format":"standard","meta":{"footnotes":""},"categories":[170],"tags":[26242,146,147,25,24,131329,17870,184,185,532,11496,33635,23],"class_list":["post-739818","post","type-post","status-publish","format-standard","has-post-thumbnail","category-musica","tag-brit-awards","tag-entertainment","tag-entretenimiento","tag-es","tag-espana","tag-latin-billboard","tag-latin-grammy","tag-music","tag-musica","tag-premios","tag-premios-grammy","tag-premios-juventud","tag-spain"],"share_on_mastodon":{"url":"https:\/\/pubeurope.com\/@es\/117188780743553552","error":""},"_links":{"self":[{"href":"https:\/\/www.europesays.com\/es\/wp-json\/wp\/v2\/posts\/739818","targetHints":{"allow":["GET"]}}],"collection":[{"href":"https:\/\/www.europesays.com\/es\/wp-json\/wp\/v2\/posts"}],"about":[{"href":"https:\/\/www.europesays.com\/es\/wp-json\/wp\/v2\/types\/post"}],"author":[{"embeddable":true,"href":"https:\/\/www.europesays.com\/es\/wp-json\/wp\/v2\/users\/2"}],"replies":[{"embeddable":true,"href":"https:\/\/www.europesays.com\/es\/wp-json\/wp\/v2\/comments?post=739818"}],"version-history":[{"count":0,"href":"https:\/\/www.europesays.com\/es\/wp-json\/wp\/v2\/posts\/739818\/revisions"}],"wp:featuredmedia":[{"embeddable":true,"href":"https:\/\/www.europesays.com\/es\/wp-json\/wp\/v2\/media\/739819"}],"wp:attachment":[{"href":"https:\/\/www.europesays.com\/es\/wp-json\/wp\/v2\/media?parent=739818"}],"wp:term":[{"taxonomy":"category","embeddable":true,"href":"https:\/\/www.europesays.com\/es\/wp-json\/wp\/v2\/categories?post=739818"},{"taxonomy":"post_tag","embeddable":true,"href":"https:\/\/www.europesays.com\/es\/wp-json\/wp\/v2\/tags?post=739818"}],"curies":[{"name":"wp","href":"https:\/\/api.w.org\/{rel}","templated":true}]}}