{"id":739820,"date":"2026-08-31T06:47:17","date_gmt":"2026-08-31T06:47:17","guid":{"rendered":"https:\/\/www.europesays.com\/es\/739820\/"},"modified":"2026-08-31T06:47:17","modified_gmt":"2026-08-31T06:47:17","slug":"que-ver-en-netflix-3-peliculas-coreanas-nuevas","status":"publish","type":"post","link":"https:\/\/www.europesays.com\/es\/739820\/","title":{"rendered":"Qu\u00e9 ver en Netflix: 3 pel\u00edculas coreanas nuevas"},"content":{"rendered":"<p class=\"wp-block-paragraph\"><strong>Netflix<\/strong>\u00a0sigue apostando por las producciones coreanas, que se han convertido en una de las grandes favoritas de los espectadores.\u00a0<strong>Romance, drama y comedia en estas 3 pel\u00edculas coreanas nuevas para ver en la plataforma.<\/strong><\/p>\n<p>Aunque nuestro amor se desvanezca esta noche<\/p>\n<p class=\"wp-block-paragraph\">2026 &#8211; Dir: Kim Hye-young<\/p>\n<p class=\"wp-block-paragraph\"><strong>Duraci\u00f3n<\/strong>: 105 minutos.<\/p>\n<p class=\"wp-block-paragraph\"><strong>Reparto<\/strong>: Choo Young-woo, Shin Si-ah, Yoo-Jung Jo, Ho-Eun Jin.<\/p>\n<p class=\"wp-block-paragraph\"><strong>G\u00e9nero<\/strong>: drama, romance.<\/p>\n<p class=\"wp-block-paragraph\">Una alumna de instituto despierta cada d\u00eda sin recuerdos del d\u00eda anterior. Al empezar a salir con un compa\u00f1ero t\u00edmido, su historia de amor se renueva con cada amanecer.<\/p>\n<p>Maridos en acci\u00f3n<\/p>\n<p class=\"wp-block-paragraph\">2026 &#8211; Dir: Gyu-tae Park<\/p>\n<p class=\"wp-block-paragraph\"><strong>Duraci\u00f3n<\/strong>: 107 minutos.<\/p>\n<p class=\"wp-block-paragraph\"><strong>Reparto<\/strong>: Jin Sun-kyu, Gong Myoung, Kim Ji-Suk.<\/p>\n<p class=\"wp-block-paragraph\"><strong>G\u00e9nero<\/strong>: comedia, acci\u00f3n.<\/p>\n<p class=\"wp-block-paragraph\">Un detective se une al nuevo marido de su exmujer para buscar a los que la han secuestrado. \u00bfPodr\u00e1n dejar a un lado sus diferencias y llevar a cabo este rescate trepidante?<\/p>\n<p>Un comeback salvaje<\/p>\n<p class=\"wp-block-paragraph\">2026 &#8211; Dir: Son Jae-gon<\/p>\n<p class=\"wp-block-paragraph\"><strong>Duraci\u00f3n<\/strong>: 107 minutos.<\/p>\n<p class=\"wp-block-paragraph\"><strong>Reparto<\/strong>: Gang Dong-won, Um Tae-goo, Park Ji-hyun.<\/p>\n<p class=\"wp-block-paragraph\"><strong>G\u00e9nero<\/strong>: comedia.<\/p>\n<p class=\"wp-block-paragraph\">Triangle es un grupo de baile mixto de tres miembros que domin\u00f3 las listas de \u00e9xitos a principios de los a\u00f1os 2000, antes de que un esc\u00e1ndalo nocturno pusiera fin a su racha de \u00e9xito. Veinte a\u00f1os despu\u00e9s, una oferta para reunirse y actuar sobre el escenario saca a su l\u00edder, Hyun-woo (Gang Dong-won), del anonimato como presentador de programas de supervivencia y lo lleva de nuevo a buscar a los compa\u00f1eros de banda que perdi\u00f3 por el camino: el rapero Sang-gu (Um Tae-goo), hundido en deudas tras un intento fallido en solitario, y Do-mi (Park Ji-hyun), la integrante central del grupo, que opt\u00f3 por convertirse en la nuera de una familia chaebol, una de las dinast\u00edas empresariales familiares de Corea.<\/p>\n","protected":false},"excerpt":{"rendered":"Netflix\u00a0sigue apostando por las producciones coreanas, que se han convertido en una de las grandes favoritas de los&hellip;\n","protected":false},"author":2,"featured_media":739821,"comment_status":"","ping_status":"","sticky":false,"template":"","format":"standard","meta":{"footnotes":""},"categories":[169],"tags":[177,146,147,25,24,176,175,152,23],"class_list":["post-739820","post","type-post","status-publish","format-standard","has-post-thumbnail","category-cine","tag-cine","tag-entertainment","tag-entretenimiento","tag-es","tag-espana","tag-film","tag-movies","tag-netflix","tag-spain"],"share_on_mastodon":{"url":"https:\/\/pubeurope.com\/@es\/117188784779218992","error":""},"_links":{"self":[{"href":"https:\/\/www.europesays.com\/es\/wp-json\/wp\/v2\/posts\/739820","targetHints":{"allow":["GET"]}}],"collection":[{"href":"https:\/\/www.europesays.com\/es\/wp-json\/wp\/v2\/posts"}],"about":[{"href":"https:\/\/www.europesays.com\/es\/wp-json\/wp\/v2\/types\/post"}],"author":[{"embeddable":true,"href":"https:\/\/www.europesays.com\/es\/wp-json\/wp\/v2\/users\/2"}],"replies":[{"embeddable":true,"href":"https:\/\/www.europesays.com\/es\/wp-json\/wp\/v2\/comments?post=739820"}],"version-history":[{"count":0,"href":"https:\/\/www.europesays.com\/es\/wp-json\/wp\/v2\/posts\/739820\/revisions"}],"wp:featuredmedia":[{"embeddable":true,"href":"https:\/\/www.europesays.com\/es\/wp-json\/wp\/v2\/media\/739821"}],"wp:attachment":[{"href":"https:\/\/www.europesays.com\/es\/wp-json\/wp\/v2\/media?parent=739820"}],"wp:term":[{"taxonomy":"category","embeddable":true,"href":"https:\/\/www.europesays.com\/es\/wp-json\/wp\/v2\/categories?post=739820"},{"taxonomy":"post_tag","embeddable":true,"href":"https:\/\/www.europesays.com\/es\/wp-json\/wp\/v2\/tags?post=739820"}],"curies":[{"name":"wp","href":"https:\/\/api.w.org\/{rel}","templated":true}]}}