{"id":739836,"date":"2026-08-31T06:55:24","date_gmt":"2026-08-31T06:55:24","guid":{"rendered":"https:\/\/www.europesays.com\/es\/739836\/"},"modified":"2026-08-31T06:55:24","modified_gmt":"2026-08-31T06:55:24","slug":"bojan-krkic-los-informes-de-gabriel-jesus-eran-muy-buenos","status":"publish","type":"post","link":"https:\/\/www.europesays.com\/es\/739836\/","title":{"rendered":"Bojan Krkic: \u00abLos informes de Gabriel Jesus eran muy buenos\u00bb"},"content":{"rendered":"<p class=\"ft-text\"><a class=\"ft-link ft-link--decoration\" href=\"https:\/\/www.sport.es\/es\/noticias\/barca\/gabriel-jesus-cumple-sueno-cule-133780732\" rel=\"nofollow noopener\" target=\"_blank\">Gabriel Jesus est\u00e1 a un paso de convertirse en nuevo jugador del Bar\u00e7a<\/a>. El delantero brasile\u00f1o llegar\u00e1 este lunes a Barcelona y su incorporaci\u00f3n ser\u00e1 oficial antes del cierre del mercado. Se trata de un futbolista que <strong>Bojan Krkic<\/strong>, durante una d\u00e9cada miembro del departamento de &#8216;scouting&#8217;, tambi\u00e9n colaborador de SPORT, conoce muy bien porque, de hecho, realiz\u00f3 informes durante su etapa blaugrana del brasile\u00f1o.<\/p>\n<p class=\"ft-text\">\u00ab<strong>Yo apostaba mucho por \u00e9l. Los informes eran muy buenos. Lo fui a ver dos veces cuando estaba en el City y se hablaba de que pod\u00eda salir, antes de que se marchara al Arsenal. Y no solo fui yo<\/strong>\u201d, recuerda. Ha pasado mucho tiempo desde entonces y la situaci\u00f3n deportiva de Gabriel Jesus ha cambiado, especialmente por los problemas f\u00edsicos que han condicionado su continuidad, pero Bojan mantiene pr\u00e1cticamente intacta la valoraci\u00f3n futbol\u00edstica que hizo entonces.<\/p>\n<p class=\"ft-text\">Para \u00e9l, la primera gran virtud del brasile\u00f1o est\u00e1 en su capacidad t\u00e9cnica. \u201cEs muy buen jugador t\u00e9cnicamente. Orienta con las dos piernas, conduce bien el bal\u00f3n y reacciona muy r\u00e1pido en espacios reducidos\u201d, explica. <a class=\"ft-link ft-link--decoration\" href=\"https:\/\/www.sport.es\/es\/noticias\/barca\/gabriel-jesus-cumple-sueno-cule-133780732\" rel=\"nofollow noopener\" target=\"_blank\">Es precisamente ah\u00ed donde Bojan encuentra uno de los principales argumentos para avalar su fichaje<\/a>. \u00abGabriel Jesus no es un delantero centro est\u00e1tico, puede aparecer en todas las zonas del \u00e1rea y tambi\u00e9n caer a banda. Y eso es precisamente lo que quiere Hansi: que intercambien posiciones constantemente\u201d, apunta. Bojan imagina un ataque en permanente movimiento con <strong>Raphinha, Gordon, Adeyemi y Gabriel Jesus<\/strong>, mientras que Lamine Yamal tendr\u00eda una posici\u00f3n algo m\u00e1s reconocible desde el costado derecho.<\/p>\n<p class=\"ft-text\">Pero su aportaci\u00f3n no terminar\u00eda con bal\u00f3n. Krkic destaca especialmente una caracter\u00edstica que considera fundamental para jugar en el equipo de Flick: su compromiso defensivo y su capacidad para iniciar la presi\u00f3n: \u201c<strong>Lo bueno que tiene es que es muy trabajador. Es un jugador de equipo y trabaja much\u00edsimo la primera presi\u00f3n. Cuando tiene que ir a presionar se implica de verdad<\/strong>\u201d, explica. En ese sentido, incluso establece un paralelismo con Gordon por la intensidad que ambos pueden ofrecer cuando el Bar\u00e7a pierde la pelota.<\/p>\n<p>M\u00e1s asociativo que goleador<\/p>\n<p class=\"ft-text\">Bojan introduce, sin embargo, una precisi\u00f3n importante a la hora de valorar al nuevo delantero. No cree que <strong>Gabriel Jesus<\/strong> deba ser juzgado \u00fanicamente por su n\u00famero de goles. Nunca ha sido un \u20189\u2019 de registros extraordinarios y probablemente tampoco llegue a Barcelona para convertirse en eso. \u201c<a class=\"ft-link ft-link--decoration\" href=\"https:\/\/www.sport.es\/es\/noticias\/barca\/llegada-gabriel-jesus-cierra-via-133780468\" rel=\"nofollow noopener\" target=\"_blank\">Es m\u00e1s asociativo que goleador<\/a>. Sus registros nunca han sido los de un gran goleador, pero te da asociaci\u00f3n en un cent\u00edmetro\u201d, resume. Para Bojan, su principal virtud aparece cuando recibe rodeado de adversarios y tiene que decidir inmediatamente: descargar, girarse, combinar al primer toque o moverse para abrir un espacio a un compa\u00f1ero. \u00abCae, se mueve, desajusta la defensa contraria y tiene capacidad para pensar y ejecutar muy r\u00e1pido. Su calidad m\u00e1xima es el juego asociativo\u201d, insiste.<\/p>\n<p><img decoding=\"async\" src=\"https:\/\/www.europesays.com\/es\/wp-content\/uploads\/2026\/08\/ab000703-54a9-46e0-8ee0-a03783847e3c_alta-libre-aspect-ratio_default_0_x1000y444.jpg\" width=\"1200\" height=\"800\" alt=\"Gabriel Jesus, con el Arsenal\" class=\"ft-helper-img-rd\" loading=\"lazy\" fetchpriority=\"auto\"\/><\/p>\n<p class=\"ft-helper-fontColor-quaternary ft-helper-fontSize-body-S ft-helper-spacer-t-xxs\">Gabriel Jesus, con el Arsenal  \/ VINCE MIGNOTT \/ EFE<\/p>\n<p class=\"ft-text\">Ese perfil puede adquirir todav\u00eda m\u00e1s importancia en un Bar\u00e7a obligado habitualmente a atacar defensas muy juntas. Cuando el rival se hunde alrededor de su propia \u00e1rea y apenas concede metros, tener un delantero que pueda participar de la combinaci\u00f3n en lugar de limitarse a esperar el remate multiplica las soluciones ofensivas. Bojan encuentra incluso alg\u00fan punto de comparaci\u00f3n con Luis Su\u00e1rez, aunque no tanto por su capacidad goleadora como por todo lo que suced\u00eda alrededor del uruguayo: <strong>\u201cTiene mucha movilidad, desordena la defensa, ofrece l\u00edneas de pase, presiona y se asocia. Gabriel quiz\u00e1 te da todav\u00eda m\u00e1s en ese juego asociativo\u201d<\/strong>, se\u00f1ala.<\/p>\n<p>Una oportunidad de oro<\/p>\n<p class=\"ft-text\">La gran inc\u00f3gnita est\u00e1, evidentemente, en su estado f\u00edsico. Gabriel Jesus sufri\u00f3 una lesi\u00f3n importante de rodilla y necesita recuperar la continuidad competitiva perdida durante los \u00faltimos tiempos. <strong>Bojan <\/strong>no esconde ese condicionante, pero tampoco cree que deba convertirse necesariamente en un problema. \u201cEst\u00e1 recuperado y entrenando a tope, aunque necesita regularidad en los entrenamientos y en los partidos\u201d, explica. Ah\u00ed entra tambi\u00e9n \u00ab<a class=\"ft-link ft-link--decoration\" href=\"https:\/\/www.sport.es\/es\/noticias\/barca\/flick-jovenes-merecen-jugar-juegan-125782125\" rel=\"nofollow noopener\" target=\"_blank\">la capacidad de Flick para recuperar futbolistas<\/a>\u00ab, algo que Bojan considera uno de los puntos fuertes del entrenador alem\u00e1n.<\/p>\n<p><img decoding=\"async\" src=\"https:\/\/www.europesays.com\/es\/wp-content\/uploads\/2026\/08\/1b19721e-e4ec-4c2b-963b-68976011d63b_alta-libre-aspect-ratio_default_0_x1125y499.jpg\" width=\"1200\" height=\"800\" alt=\"Rodri y Flick, en un entrenamiento\" class=\"ft-helper-img-rd\" loading=\"lazy\" fetchpriority=\"auto\"\/><\/p>\n<p class=\"ft-helper-fontColor-quaternary ft-helper-fontSize-body-S ft-helper-spacer-t-xxs\">Rodri y Flick, en un entrenamiento  \/ FC Barcelona<\/p>\n<p class=\"ft-text\">La situaci\u00f3n, adem\u00e1s, reduce el riesgo para el Bar\u00e7a. Gabriel Jesus no aterriza con la condici\u00f3n de titular indiscutible ni en disposici\u00f3n de exigir protagonismo inmediato. Tendr\u00e1 competencia y deber\u00e1 ganarse cada minuto. <strong>\u201cEl que se la juega es \u00e9l, no tanto el Bar\u00e7a\u201d<\/strong>, sentencia Bojan. Para el delantero, en cambio, el movimiento representa una oportunidad enorme para volver a sentirse importante. \u201cEs una oportunidad de oro. Tiene mentalidad, es agresivo cuando juega, tiene cambio de ritmo y calidad para definir\u201d, asegura. \u00abPuede llegar a ser un gran acierto del club\u00bb, concluye.<\/p>\n","protected":false},"excerpt":{"rendered":"Gabriel Jesus est\u00e1 a un paso de convertirse en nuevo jugador del Bar\u00e7a. El delantero brasile\u00f1o llegar\u00e1 este&hellip;\n","protected":false},"author":2,"featured_media":739837,"comment_status":"","ping_status":"","sticky":false,"template":"","format":"standard","meta":{"footnotes":""},"categories":[5],"tags":[36347,17,18,25,24,881,13,14,35871,131327,11,6404,5782,131330,19,20,9890,9,10,15,16,23,12,21,22],"class_list":["post-739836","post","type-post","status-publish","format-standard","has-post-thumbnail","category-titulares","tag-bojan","tag-breaking-news","tag-breakingnews","tag-es","tag-espana","tag-fc-barcelona","tag-featured-news","tag-featurednews","tag-gabriel","tag-gabriel-jesus","tag-headlines","tag-informes","tag-jesus","tag-krkic","tag-latest-news","tag-latestnews","tag-mercado-fichajes","tag-news","tag-noticias","tag-noticias-destacadas","tag-noticiasdestacadas","tag-spain","tag-titulares","tag-ultimas-noticias","tag-ultimasnoticias"],"share_on_mastodon":{"url":"https:\/\/pubeurope.com\/@es\/117188817273203741","error":""},"_links":{"self":[{"href":"https:\/\/www.europesays.com\/es\/wp-json\/wp\/v2\/posts\/739836","targetHints":{"allow":["GET"]}}],"collection":[{"href":"https:\/\/www.europesays.com\/es\/wp-json\/wp\/v2\/posts"}],"about":[{"href":"https:\/\/www.europesays.com\/es\/wp-json\/wp\/v2\/types\/post"}],"author":[{"embeddable":true,"href":"https:\/\/www.europesays.com\/es\/wp-json\/wp\/v2\/users\/2"}],"replies":[{"embeddable":true,"href":"https:\/\/www.europesays.com\/es\/wp-json\/wp\/v2\/comments?post=739836"}],"version-history":[{"count":0,"href":"https:\/\/www.europesays.com\/es\/wp-json\/wp\/v2\/posts\/739836\/revisions"}],"wp:featuredmedia":[{"embeddable":true,"href":"https:\/\/www.europesays.com\/es\/wp-json\/wp\/v2\/media\/739837"}],"wp:attachment":[{"href":"https:\/\/www.europesays.com\/es\/wp-json\/wp\/v2\/media?parent=739836"}],"wp:term":[{"taxonomy":"category","embeddable":true,"href":"https:\/\/www.europesays.com\/es\/wp-json\/wp\/v2\/categories?post=739836"},{"taxonomy":"post_tag","embeddable":true,"href":"https:\/\/www.europesays.com\/es\/wp-json\/wp\/v2\/tags?post=739836"}],"curies":[{"name":"wp","href":"https:\/\/api.w.org\/{rel}","templated":true}]}}