{"id":739846,"date":"2026-08-31T07:11:08","date_gmt":"2026-08-31T07:11:08","guid":{"rendered":"https:\/\/www.europesays.com\/es\/739846\/"},"modified":"2026-08-31T07:11:08","modified_gmt":"2026-08-31T07:11:08","slug":"las-12-de-miguel-mendez-para-disputar-la-copa-del-mundo-de-alemania","status":"publish","type":"post","link":"https:\/\/www.europesays.com\/es\/739846\/","title":{"rendered":"Las 12 de Miguel M\u00e9ndez para disputar la Copa del Mundo de Alemania"},"content":{"rendered":"<p>Tras un mes de preparaci\u00f3n y tras el \u00faltimo torneo de la Gira \u2018Volvemos a So\u00f1ar\u2019, el seleccionador Miguel M\u00e9ndez ha dado la lista definitiva con las 12 jugadoras que estar\u00e1n en la Copa del Mundo de Alemania que se disputar\u00e1 del 4 al 13 de septiembre. La lista est\u00e1 formada por 8 de las Subcampeonas de Europa del pasado verano, a las que se unen Mar\u00eda Conde, Maite Cazorla, Megan Gustafson y Alicia Fl\u00f3rez, que jugar\u00e1 su primera competici\u00f3n oficial con la Selecci\u00f3n.<\/p>\n<p>Espa\u00f1a debutar\u00e1 el viernes contra las anfitrionas, Alemania (17:45 horas). Un d\u00eda despu\u00e9s, jugar\u00e1 contra Mal\u00ed (11:30 horas) y cerrar\u00e1 la fase de grupos contra Jap\u00f3n el lunes 7 de septiembre (17:50 horas). Todos los partidos podr\u00e1n seguirse en directo por Teledeporte y por Movistar Plus.<br \/>&#13;<br \/>\n Un Mundial al que la Selecci\u00f3n Femenina vuelve 8 a\u00f1os despu\u00e9s y en el que luchar\u00e1 por conseguir su cuarta medalla de la historia. La capitana Alba Torrens es la \u00fanica jugadora que ha participado en una cita mundialista con un balance de 3 participaciones y 3 medallas. El resto del equipo lo har\u00e1 por primera vez.<\/p>\n<p>La Selecci\u00f3n llega al Mundial tras un mes de preparaci\u00f3n en el que se ha enfrentado a Alemania, Nigeria, B\u00e9lgica, Mali y China, con un balance de 6 victorias en 6 partidos, por lo que llega al Mundial invicta.<\/p>\n<p> Miguel M\u00e9ndez: \u201cTomar la decisi\u00f3n de los descartes ha sido muy dif\u00edcil y estoy muy agradecido a todas las jugadoras por su talante y profesionalidad\u201d<br \/>&#13;<br \/>\n<br \/>&#13;<br \/>\n Despu\u00e9s de los descartes de Txell Alarc\u00f3n y Carolina Guerrero hace un par de semanas, los \u00faltimos han sido Andrea Vilar\u00f3, Irati Etxarri, Mar\u00eda Ara\u00fajo, Aina Ayuso, Lola Pendande, Nerea Hermosa y Marta Garc\u00eda.<\/p>\n<p>El Seleccionador nacional ha explicado que \u201chemos pasado un d\u00eda tenso, el de hacer el equipo definitivo que nos representar\u00e1 en el Mundial. Ha sido especialmente dif\u00edcil por el nivel de todas las jugadoras que han estado aqu\u00ed y aunque la gente se lo pueda imaginar yo creo que no se imagina las vueltas que le hemos dado. Dentro de las posibles estructuras de equipo, hemos elegido la que mejor nos va a representar en un Mundial. Muy agradecido a todas las jugadoras por el compromiso que han mostrado, especialmente este a\u00f1o, que es nuevo para todos. Hemos intentado hacerlo de la mejor manera posible y ha estado muy bien gracias, sobre todo, a su talante y profesionalidad\u201d.<\/p>\n","protected":false},"excerpt":{"rendered":"Tras un mes de preparaci\u00f3n y tras el \u00faltimo torneo de la Gira \u2018Volvemos a So\u00f1ar\u2019, el seleccionador&hellip;\n","protected":false},"author":2,"featured_media":739847,"comment_status":"","ping_status":"","sticky":false,"template":"","format":"standard","meta":{"footnotes":""},"categories":[93],"tags":[4605,299,1918,4597,4613,4616,4609,4608,4610,168,4603,4606,25,24,4120,4598,4614,2713,4601,830,4599,4600,4602,4615,4617,4607,4604,23,167,4611,4612],"class_list":["post-739846","post","type-post","status-publish","format-standard","has-post-thumbnail","category-deportes","tag-arbitros-baloncesto","tag-baloncesto","tag-basket","tag-basquet","tag-canalfeb","tag-clasificacion","tag-copa-princesa","tag-copa-principe","tag-copa-reina","tag-deportes","tag-eba","tag-entrenadores-baloncesto","tag-es","tag-espana","tag-estadisticas","tag-federacion-baloncesto","tag-jornada-virtual","tag-jugadores","tag-laeb-plata","tag-leb-oro","tag-liga-espana","tag-liga-espanola-baloncesto","tag-liga-femenina","tag-marcadores-baloncesto","tag-rankings","tag-reglas-baloncesto","tag-seleccion-baloncesto","tag-spain","tag-sports","tag-supercopa","tag-television-baloncesto"],"share_on_mastodon":{"url":"","error":"Validation failed: Text character limit of 500 exceeded"},"_links":{"self":[{"href":"https:\/\/www.europesays.com\/es\/wp-json\/wp\/v2\/posts\/739846","targetHints":{"allow":["GET"]}}],"collection":[{"href":"https:\/\/www.europesays.com\/es\/wp-json\/wp\/v2\/posts"}],"about":[{"href":"https:\/\/www.europesays.com\/es\/wp-json\/wp\/v2\/types\/post"}],"author":[{"embeddable":true,"href":"https:\/\/www.europesays.com\/es\/wp-json\/wp\/v2\/users\/2"}],"replies":[{"embeddable":true,"href":"https:\/\/www.europesays.com\/es\/wp-json\/wp\/v2\/comments?post=739846"}],"version-history":[{"count":0,"href":"https:\/\/www.europesays.com\/es\/wp-json\/wp\/v2\/posts\/739846\/revisions"}],"wp:featuredmedia":[{"embeddable":true,"href":"https:\/\/www.europesays.com\/es\/wp-json\/wp\/v2\/media\/739847"}],"wp:attachment":[{"href":"https:\/\/www.europesays.com\/es\/wp-json\/wp\/v2\/media?parent=739846"}],"wp:term":[{"taxonomy":"category","embeddable":true,"href":"https:\/\/www.europesays.com\/es\/wp-json\/wp\/v2\/categories?post=739846"},{"taxonomy":"post_tag","embeddable":true,"href":"https:\/\/www.europesays.com\/es\/wp-json\/wp\/v2\/tags?post=739846"}],"curies":[{"name":"wp","href":"https:\/\/api.w.org\/{rel}","templated":true}]}}