{"id":739866,"date":"2026-08-31T07:27:12","date_gmt":"2026-08-31T07:27:12","guid":{"rendered":"https:\/\/www.europesays.com\/es\/739866\/"},"modified":"2026-08-31T07:27:12","modified_gmt":"2026-08-31T07:27:12","slug":"el-sueldo-de-nico-y-el-palo-de-julio-salinas-a-uriarte-por-la-retirada-de-las-entradas-de-cortesia","status":"publish","type":"post","link":"https:\/\/www.europesays.com\/es\/739866\/","title":{"rendered":"El sueldo de Nico y el palo de Julio Salinas a Uriarte por la retirada de las entradas de cortes\u00eda"},"content":{"rendered":"<p style=\"\">Julio Salinas no se muerde la lengua al dar su opini\u00f3n sobre la pol\u00e9mica que persigue al Athletic en este inicio de temporada: el fin  &#8230; de las entradas de cortes\u00eda para los empleados, exfutbolistas, expresidentes y los propios jugadores del primer equipo.<\/p>\n<p class=\"v-d-p\" style=\"\">El que fuera delantero rojiblanco cree que con esta decisi\u00f3n Jon Uriarte y su junta directiva han \u00abatacado al coraz\u00f3n del Athletic\u00bb, porque los beneficios que obtendr\u00e1 por la venta de estas entradas es \u00abel chocolate del loro\u00bb. \u00abSuponiendo que puedas vender todas hablamos de unos 300.000 euros anuales\u00bb, asegura.<\/p>\n<p class=\"v-d-p\" style=\"\">Para Julio Salinas esta decisi\u00f3n esconde \u00abotro problema, la renovaci\u00f3n de Nico Williams\u00bb y la ausencia del equipo de las competiciones europeas, lo que obliga, a su juicio, a buscar dinero hasta debajo de las piedras para cuadrar los n\u00fameros. Seg\u00fan el exfutbolista, \u00abno le puedes pagar a un jugador 20 millones de euros -cantidad bruta-\u00bb porque \u00abal final se te va el presupuesto y todo lo que ello conlleva con las dem\u00e1s renovaciones\u00bb.<\/p>\n<p class=\"v-d-p\" style=\"\">Es en ese punto donde la directiva debe recortar, asegura, y \u00abno atacando al coraz\u00f3n de la familia rojiblanca\u00bb. Salinas defiende con firmeza a los empleados del club, uno de los colectivos perjudicados con las entradas de cortes\u00eda: \u00abSon los que cada d\u00eda mantienen su empe\u00f1o para que el Athletic mantenga los cuidados de los campos, los servicios m\u00e9dicos, utilleros, etc\u00bb. Opina lo mismo con el colectivo de veteranos, los exfutbolistas que acced\u00edan a San Mam\u00e9s con una invitaci\u00f3n: \u00abEst\u00e1s atacando a la historia del Athletic\u00bb.<\/p>\n<p class=\"v-d-p\" style=\"\">\u00abMe parece una decisi\u00f3n muy grave. Toda la familia rojiblanca est\u00e1 indignada. Veremos si es capaz de rectificar\u00bb, concluye Salinas en un v\u00eddeo publicado en su Instagram. Este peri\u00f3dico ya adelant\u00f3 hace unos d\u00edas que es muy dif\u00edcil que Uriarte y su junta directiva den marcha atr\u00e1s en este asunto, aunque el presidente pr\u00f3ximamente se reunir\u00e1 con los futbolistas del primer equipo para tratar esta y otras pol\u00e9micas que no han gustado en el vestuario y que acabaron por provocar un plante hist\u00f3rico a los medios en el Camp Nou que conllevar\u00e1 una sanci\u00f3n econ\u00f3mica.<\/p>\n<p class=\"v-d-p\" style=\"\">La cr\u00edtica de Salinas no es la \u00fanica que se ha escuchado desde el colectivo de veteranos. La leyenda rojiblanca Dani Ruiz Baz\u00e1n habl\u00f3 muy claro sobre ello hace unos d\u00edas en una entrevista: \u00abHay un malestar general en todos los veteranos. Lo que han hecho no hab\u00eda ocurrido con ning\u00fan presidente. (&#8230;) Creo que la historia del Athletic se escribe desde que es la historia del Athletic. No cambiar y hacer cosas que no tienen sentido\u00bb.<\/p>\n","protected":false},"excerpt":{"rendered":"Julio Salinas no se muerde la lengua al dar su opini\u00f3n sobre la pol\u00e9mica que persigue al Athletic&hellip;\n","protected":false},"author":2,"featured_media":739867,"comment_status":"","ping_status":"","sticky":false,"template":"","format":"standard","meta":{"footnotes":""},"categories":[268],"tags":[84794,168,4401,25,24,280,282,888,23980,12740,1367,10608,2228,281,23,167,1356],"class_list":["post-739866","post","type-post","status-publish","format-standard","has-post-thumbnail","category-futbol","tag-cortesia","tag-deportes","tag-entradas","tag-es","tag-espana","tag-football","tag-futbol","tag-julio","tag-mames","tag-palo","tag-retirada","tag-salinas","tag-san","tag-soccer","tag-spain","tag-sports","tag-uriarte"],"share_on_mastodon":{"url":"https:\/\/pubeurope.com\/@es\/117188942076539013","error":""},"_links":{"self":[{"href":"https:\/\/www.europesays.com\/es\/wp-json\/wp\/v2\/posts\/739866","targetHints":{"allow":["GET"]}}],"collection":[{"href":"https:\/\/www.europesays.com\/es\/wp-json\/wp\/v2\/posts"}],"about":[{"href":"https:\/\/www.europesays.com\/es\/wp-json\/wp\/v2\/types\/post"}],"author":[{"embeddable":true,"href":"https:\/\/www.europesays.com\/es\/wp-json\/wp\/v2\/users\/2"}],"replies":[{"embeddable":true,"href":"https:\/\/www.europesays.com\/es\/wp-json\/wp\/v2\/comments?post=739866"}],"version-history":[{"count":0,"href":"https:\/\/www.europesays.com\/es\/wp-json\/wp\/v2\/posts\/739866\/revisions"}],"wp:featuredmedia":[{"embeddable":true,"href":"https:\/\/www.europesays.com\/es\/wp-json\/wp\/v2\/media\/739867"}],"wp:attachment":[{"href":"https:\/\/www.europesays.com\/es\/wp-json\/wp\/v2\/media?parent=739866"}],"wp:term":[{"taxonomy":"category","embeddable":true,"href":"https:\/\/www.europesays.com\/es\/wp-json\/wp\/v2\/categories?post=739866"},{"taxonomy":"post_tag","embeddable":true,"href":"https:\/\/www.europesays.com\/es\/wp-json\/wp\/v2\/tags?post=739866"}],"curies":[{"name":"wp","href":"https:\/\/api.w.org\/{rel}","templated":true}]}}