{"id":739886,"date":"2026-08-31T07:42:22","date_gmt":"2026-08-31T07:42:22","guid":{"rendered":"https:\/\/www.europesays.com\/es\/739886\/"},"modified":"2026-08-31T07:42:22","modified_gmt":"2026-08-31T07:42:22","slug":"3-1-el-deportivo-ahonda-en-la-crisis-del-valencia","status":"publish","type":"post","link":"https:\/\/www.europesays.com\/es\/739886\/","title":{"rendered":"3-1. El Deportivo ahonda en la crisis del Valencia"},"content":{"rendered":"<p class=\"mb-4 text-lg md:leading-8 break-words\">A Coru\u00f1a, 30 ago (EFE).- Ocho a\u00f1os despu\u00e9s, el Deportivo celebr\u00f3 una victoria en Primera Divisi\u00f3n tras vencer con merecimiento al Valencia (3-1), que amplific\u00f3 sus gigantescos problemas con una penosa imagen en A Coru\u00f1a, v\u00edctima de su fragilidad defensiva y muy pocas ideas en ataque.<\/p>\n<p class=\"mb-4 text-lg md:leading-8 break-words\">En el momento en el que Riazor rompi\u00f3 a animar despu\u00e9s de 12 minutos de silencio -as\u00ed lo hab\u00eda pedido la Federaci\u00f3n de Pe\u00f1as tras encontrar una soluci\u00f3n a su divorcio con el Club-, el D\u00e9por encontr\u00f3 la v\u00eda para abrir el marcador en un c\u00f3rner lanzado por Luismi Cruz que T\u00e1rrega meti\u00f3 en su propia porter\u00eda.<\/p>\n<p class=\"mb-4 text-lg md:leading-8 break-words\">Aturdidos, quiz\u00e1, por el ambiente, los jugadores del Valencia regalaron poco despu\u00e9s el segundo gol. Una falta lateral al borde del \u00e1rea gallega se convirti\u00f3, por la pasividad de los valencianistas para frenar primero a Mario Soriano y despu\u00e9s a Aubameyang, en el tercer gol del delantero gabon\u00e9s con la camiseta blanquiazul, otra obra de arte en la finalizaci\u00f3n.<\/p>\n<p class=\"mb-4 text-lg md:leading-8 break-words\">El Valencia parec\u00eda noqueado, pero los regalos defensivos est\u00e1n lastrando la vuelta del Deportivo a Primera Divisi\u00f3n. El joven Bright Ede, incomprensiblemente, busc\u00f3 un arriesgado pase horizontal dentro de su \u00e1rea y Sadiq no lo desaprovech\u00f3 para recortar la desventaja. Otro tiro en el pie del D\u00e9por, que suma tres regalos inconcebibles en las tres primeras jornadas.<\/p>\n<p class=\"mb-4 text-lg md:leading-8 break-words\">El Valencia transmit\u00eda muy malas sensaciones. Sin f\u00fatbol en ataque y muy desajustado en defensa. Solo otra concesi\u00f3n del D\u00e9por parec\u00eda acercarle al empate. Y esa lleg\u00f3 en la \u00faltima jugada del primer tiempo. El problema para los de Corber\u00e1n fue que Javi Guerra mand\u00f3 su disparo por encima del larguero.<\/p>\n<p class=\"mb-4 text-lg md:leading-8 break-words\">La segunda parte arranc\u00f3 con una ocasi\u00f3n para Nsongo Bil y el Valencia teniendo mucho m\u00e1s bal\u00f3n porque el D\u00e9por decidi\u00f3 replegar para buscar el contraataque. Fue un error porque su rival se creci\u00f3. El suizo Ugrinic prob\u00f3 a Leo Rom\u00e1n con un disparo desde la frontal, antes de que Dimitrievski evitase el doblete de Aubameyang con una espectacular parada con la mano.<\/p>\n<p class=\"mb-4 text-lg md:leading-8 break-words\">El alivio valencianista apenas dur\u00f3 unos minutos. El tercer tanto del D\u00e9por, en propia puerta de Diakhaby, radiografi\u00f3 la fragilidad defensiva del equipo de Corber\u00e1n, personalizada en sus centrales, con T\u00e1rrega demasiado blando ante Nsongo Bil y Diakhaby realizando un despeje muy malo.<\/p>\n<p><img alt=\"\" loading=\"lazy\" width=\"960\" height=\"639\" decoding=\"async\" data-nimg=\"1\" class=\"rounded-lg\" style=\"color:transparent\" src=\"https:\/\/www.europesays.com\/es\/wp-content\/uploads\/2026\/08\/https:\/\/media.zenfs.com\/es\/efe.es\/07ca540f17823ea1d7aef7481e211dae.jpg\"\/><\/p>\n<p class=\"mb-4 text-lg md:leading-8 break-words\">Al t\u00e9cnico del Valencia no le qued\u00f3 otra opci\u00f3n que mover el banquillo. Triple cambio para encontrar una respuesta que no lleg\u00f3. Un punto de nueve posibles y la pr\u00f3xima semana visita Mestalla el FC Barcelona.<\/p>\n<p class=\"mb-4 text-lg md:leading-8 break-words\">Ficha t\u00e9cnica:<\/p>\n<p class=\"mb-4 text-lg md:leading-8 break-words\">3 Deportivo: Leo Rom\u00e1n; Ximo Navarro (Loureiro, min.83), Lucas Noubi, Bright Ede, Quagliata; Luismi Cruz (Altimira, min.73), Riki (Gijselhart, min.64), Amatucci, Mario Soriano (Yeremay, min.73); Nsongo Bil (Asp Jensen, min.82) y Aubameyang.<\/p>\n<p class=\"mb-4 text-lg md:leading-8 break-words\">1 Valencia: Dimitrievski; Luis Rioja (Otorbi, min.60), Arnau Mart\u00ednez (Raba, min.82), Diakhaby, T\u00e1rrega, Jes\u00fas V\u00e1zquez; Pepelu (Dieng, min.66), Ugrinic, Ryunosuke Sato (Danjuma, min.61); Javi Guerra (Hugo Duro, min.61) y Sadiq.<\/p>\n<p class=\"mb-4 text-lg md:leading-8 break-words\">Goles: 1-0, min.12: T\u00e1rrega (p.p.). 2-0, min.17: Aubameyang. 2-1, min25: Sadiq. 3-1, min.59: Diakhaby (p.p.)<\/p>\n<p class=\"mb-4 text-lg md:leading-8 break-words\">\u00c1rbitro: Miguel \u00c1ngel Ortiz (comit\u00e9 madrile\u00f1o). Expuls\u00f3 en el tiempo de descuento al deportivista Altimira por doble amonestaci\u00f3n. Adem\u00e1s, mostr\u00f3 tarjeta amarilla a Diakhaby (min.65) por parte del Valencia.<\/p>\n<p class=\"mb-4 text-lg md:leading-8 break-words\">Incidencias: Encuentro correspondiente a la tercera jornada de LaLiga disputado en el estadio municipal de Riazor ante 29.077 espectadores.<\/p>\n<p class=\"mb-4 text-lg md:leading-8 break-words\">(c) Agencia EFE<\/p>\n","protected":false},"excerpt":{"rendered":"A Coru\u00f1a, 30 ago (EFE).- Ocho a\u00f1os despu\u00e9s, el Deportivo celebr\u00f3 una victoria en Primera Divisi\u00f3n tras vencer&hellip;\n","protected":false},"author":2,"featured_media":739887,"comment_status":"","ping_status":"","sticky":false,"template":"","format":"standard","meta":{"footnotes":""},"categories":[5],"tags":[3099,10903,1554,131109,131336,131346,53122,17,18,7879,75717,131339,6422,412,60539,131341,131342,131338,131345,131347,131343,25,24,13,14,131344,11,131337,18446,19,20,58172,1978,131331,23449,9,10,15,16,131334,131332,2799,1945,131333,131335,23444,23,67450,12,16183,21,22,131340],"class_list":["post-739886","post","type-post","status-publish","format-standard","has-post-thumbnail","category-titulares","tag-3099","tag-10903","tag-1554","tag-30-ago","tag-amplifico-sus-gigantescos","tag-animar-despues-de-12-minutos-de-silencio-asi","tag-aubameyang","tag-breaking-news","tag-breakingnews","tag-coruna","tag-defensiva","tag-defensiva-del-equipo-de-corberan","tag-depor","tag-deportivo","tag-dimitrievski","tag-ede","tag-el-alivio-valencianista","tag-el-joven-bright-ede","tag-el-problema-para-los-de-corberan-fue","tag-el-suizo","tag-el-tercer-tanto-del-depor","tag-es","tag-espana","tag-featured-news","tag-featurednews","tag-federacion-de-penas-tras-encontrar-una-solucion","tag-headlines","tag-imagen-en-a-coruna","tag-javi-guerra","tag-latest-news","tag-latestnews","tag-leo-roman","tag-luismi-cruz","tag-luismi-cruz-que","tag-mario-soriano","tag-news","tag-noticias","tag-noticias-destacadas","tag-noticiasdestacadas","tag-nsongo-bil","tag-nsongo-bil-y-diakhaby-realizando-un","tag-ocho","tag-primera-division","tag-problemas-con-una","tag-regalos-inconcebibles","tag-sadiq","tag-spain","tag-tarrega","tag-titulares","tag-ugrinic","tag-ultimas-noticias","tag-ultimasnoticias","tag-victima-de-su"],"share_on_mastodon":{"url":"","error":"Validation failed: Text character limit of 500 exceeded"},"_links":{"self":[{"href":"https:\/\/www.europesays.com\/es\/wp-json\/wp\/v2\/posts\/739886","targetHints":{"allow":["GET"]}}],"collection":[{"href":"https:\/\/www.europesays.com\/es\/wp-json\/wp\/v2\/posts"}],"about":[{"href":"https:\/\/www.europesays.com\/es\/wp-json\/wp\/v2\/types\/post"}],"author":[{"embeddable":true,"href":"https:\/\/www.europesays.com\/es\/wp-json\/wp\/v2\/users\/2"}],"replies":[{"embeddable":true,"href":"https:\/\/www.europesays.com\/es\/wp-json\/wp\/v2\/comments?post=739886"}],"version-history":[{"count":0,"href":"https:\/\/www.europesays.com\/es\/wp-json\/wp\/v2\/posts\/739886\/revisions"}],"wp:featuredmedia":[{"embeddable":true,"href":"https:\/\/www.europesays.com\/es\/wp-json\/wp\/v2\/media\/739887"}],"wp:attachment":[{"href":"https:\/\/www.europesays.com\/es\/wp-json\/wp\/v2\/media?parent=739886"}],"wp:term":[{"taxonomy":"category","embeddable":true,"href":"https:\/\/www.europesays.com\/es\/wp-json\/wp\/v2\/categories?post=739886"},{"taxonomy":"post_tag","embeddable":true,"href":"https:\/\/www.europesays.com\/es\/wp-json\/wp\/v2\/tags?post=739886"}],"curies":[{"name":"wp","href":"https:\/\/api.w.org\/{rel}","templated":true}]}}