{"id":739898,"date":"2026-08-31T07:56:14","date_gmt":"2026-08-31T07:56:14","guid":{"rendered":"https:\/\/www.europesays.com\/es\/739898\/"},"modified":"2026-08-31T07:56:14","modified_gmt":"2026-08-31T07:56:14","slug":"extremadura-gana-voz-en-la-nueva-temporada-de-la-radio-publica","status":"publish","type":"post","link":"https:\/\/www.europesays.com\/es\/739898\/","title":{"rendered":"Extremadura gana voz en la nueva temporada de la radio p\u00fablica"},"content":{"rendered":"<p class=\"article-text\">\n        La nueva temporada de Radio Nacional de Espa\u00f1a arranca este lunes con una presencia extreme\u00f1a que no responde a una simple coincidencia en la parrilla, sino a una l\u00ednea de continuidad que atraviesa generaciones, formatos y maneras de entender la radio p\u00fablica. La cacere\u00f1a Lara Hermoso asumir\u00e1 desde ma\u00f1ana la conducci\u00f3n del 24 Horas, uno de los principales espacios informativos de RNE y donde hace no tantos a\u00f1os trabaj\u00f3 como becaria; Isabel Gemio continuar\u00e1 al frente de El \u00faltimo tren; y la cantante y divulgadora cacere\u00f1a Pilar Boyero se incorporar\u00e1 como colaboradora al programa nocturno con una secci\u00f3n de copla todos los jueves. A ellas se suma Pepa Bueno, periodista nacida en Badajoz y estrechamente vinculada a los or\u00edgenes de RNE en Extremadura, que mantiene su presencia en RTVE con La Semana, un videop\u00f3dcast de actualidad que combina radio, televisi\u00f3n y narrativas digitales.\n    <\/p>\n<p class=\"article-text\">\n        Para Hermoso no es una temporada m\u00e1s. La periodista extreme\u00f1a, que el \u00faltimo curso form\u00f3 parte de Las ma\u00f1anas de RNE, da ahora un salto a uno de los puestos de mayor responsabilidad de la radio p\u00fablica: ser\u00e1 la encargada de conducir 24 Horas, el informativo de referencia de la franja nocturna. Su llegada a este espacio culmina un recorrido que empez\u00f3 en la informaci\u00f3n territorial y que la ha llevado, paso a paso, a la programaci\u00f3n nacional. El tr\u00e1nsito de las ma\u00f1anas al informativo nocturno la sit\u00faa ahora en un lugar donde la actualidad pol\u00edtica, econ\u00f3mica, social e internacional marca el pulso de cada emisi\u00f3n.\n    <\/p>\n<p class=\"article-text\">\n        Ese cambio se produce pr\u00e1cticamente puerta con puerta radiof\u00f3nica con otro nombre ligado a Extremadura: Isabel Gemio. La periodista continuar\u00e1 esta temporada al frente de El \u00faltimo tren, el magac\u00edn nocturno que RNE emite de lunes a viernes entre las 23.30 y las 2.00 horas. El programa mantiene su apuesta por la conversaci\u00f3n pausada, las historias personales, la cultura, la ciencia, la literatura, el cine y la m\u00fasica, adem\u00e1s de reservar un papel importante a los oyentes. Gemio regres\u00f3 a la radio p\u00fablica la pasada temporada y RNE ha decidido mantener su espacio en la nueva parrilla, que se estrena este lunes.\n    <\/p>\n<p class=\"article-text\">\n        Esta vez, adem\u00e1s, el programa tendr\u00e1 una nueva conexi\u00f3n directa con Extremadura. La cantante cacere\u00f1a Pilar Boyero ser\u00e1 colaboradora de El \u00faltimo tren. Su trayectoria est\u00e1 vinculada desde hace d\u00e9cadas a la recuperaci\u00f3n y divulgaci\u00f3n de la copla, y en los \u00faltimos meses ha reforzado su presencia en la radio p\u00fablica con intervenciones en distintos espacios de RNE. Este verano volvi\u00f3 a pasar por los micr\u00f3fonos de la cadena para hablar de una de sus especialidades: la historia de la copla y sus int\u00e9rpretes. Su incorporaci\u00f3n ampl\u00eda la presencia extreme\u00f1a en la franja nocturna y suma al programa de Gemio una voz procedente del \u00e1mbito musical y cultural. La nueva parrilla oficial de RNE no detalla a\u00fan las caracter\u00edsticas concretas de su colaboraci\u00f3n, por lo que ser\u00e1 su participaci\u00f3n efectiva la que permita conocer contenido y periodicidad.\n    <\/p>\n<p>    Nuevos formatos<\/p>\n<p class=\"article-text\">\n        El recorrido de Pepa Bueno a\u00f1ade otro cap\u00edtulo a esta historia. Nacida en Badajoz y formada profesionalmente en RNE Extremadura, su trayectoria la llev\u00f3 a asumir responsabilidades en distintos territorios y posteriormente a dar el salto a TVE, donde present\u00f3 espacios como Los Desayunos y el Telediario. Hoy su relaci\u00f3n con RTVE se desarrolla tambi\u00e9n en los nuevos formatos digitales. La Semana, el videop\u00f3dcast que conduce, combina las posibilidades de la radio y la televisi\u00f3n con una narraci\u00f3n pensada para el consumo digital. El programa aborda asuntos de actualidad con protagonistas, personas afectadas y especialistas, buscando contexto y tiempo para la conversaci\u00f3n frente a la velocidad de los formatos informativos tradicionales. Bueno y Hermoso han coincidido en contenidos de RTVE y han conversado sobre el oficio period\u00edstico, la relaci\u00f3n con la audiencia y la necesidad de explicar c\u00f3mo se construye la informaci\u00f3n, una conexi\u00f3n que enlaza pasado y presente de la radio p\u00fablica.\n    <\/p>\n<p class=\"article-text\">\n        El v\u00ednculo entre Extremadura y las grandes voces de RNE no empieza esta temporada. Bueno es uno de los ejemplos m\u00e1s claros de c\u00f3mo una trayectoria puede comenzar en los servicios territoriales y terminar ocupando puestos de gran responsabilidad. Gemio tambi\u00e9n inici\u00f3 su carrera radiof\u00f3nica en Extremadura antes de convertirse en uno de los rostros m\u00e1s reconocibles de la radio y la televisi\u00f3n espa\u00f1olas. Y ahora Hermoso protagoniza una nueva generaci\u00f3n de ese recorrido: su llegada a 24 Horas no es solo un cambio de programa, sino la entrada de una periodista vinculada a Extremadura en uno de los micr\u00f3fonos desde los que RNE contar\u00e1 cada noche lo que ocurre en Espa\u00f1a y en el mundo.\n    <\/p>\n<p>    <a href=\"https:\/\/www.eldiario.es\/extremadura\/lara-hermoso-acento-extremeno-mananas-radio-nacional-espana_1_12524791.html\" data-mrf-recirculation=\"saber-mas-abajo\" data-dl-event=\"saber-mas-abajo\" rel=\"nofollow noopener\" target=\"_blank\"><\/p>\n<p class=\"know-more__title\">Lara Hermoso, el acento extreme\u00f1o en las ma\u00f1anas de Radio Nacional de Espa\u00f1a<\/p>\n<p>            <img decoding=\"async\" class=\"lazy\" loading=\"lazy\" data-src=\"https:\/\/static.eldiario.es\/clip\/6168d5d9-a88b-4514-93c7-ff5350115242_16-9-aspect-ratio_default_0_x850y145.jpg\" src=\"data:image\/svg+xml,%3Csvg xmlns=\" http:=\"\" viewbox=\"0 0 880 495\" alt=\"Lara Hermoso, el acento extreme\u00f1o en las ma\u00f1anas de Radio Nacional de Espa\u00f1a\"\/><\/p>\n<p>                        <\/a><\/p>\n<p>    Mapa profesional extreme\u00f1o<\/p>\n<p class=\"article-text\">\n        La nueva temporada mantiene una estructura amplia de espacios informativos, culturales y de entretenimiento, con buena parte de los nombres que ya formaban parte de la cadena e importantes novedades en algunas franjas. En ese escenario, Extremadura no aparece como una nota al pie. Est\u00e1 presente en distintos lugares y generaciones: en el informativo que abre la noche, en el magac\u00edn que la cierra, en la cultura y la m\u00fasica, y tambi\u00e9n en los nuevos formatos digitales. El mapa, por tanto, no es \u00fanicamente geogr\u00e1fico: es profesional. Lara Hermoso desde la informaci\u00f3n; Isabel Gemio desde la conversaci\u00f3n; Pilar Boyero desde la m\u00fasica y la divulgaci\u00f3n; y Pepa Bueno desde el an\u00e1lisis y los nuevos formatos. Cuatro trayectorias distintas que, desde Extremadura, forman parte de una misma radio p\u00fablica que este lunes estrena temporada.\n    <\/p>\n","protected":false},"excerpt":{"rendered":"La nueva temporada de Radio Nacional de Espa\u00f1a arranca este lunes con una presencia extreme\u00f1a que no responde&hellip;\n","protected":false},"author":2,"featured_media":739899,"comment_status":"","ping_status":"","sticky":false,"template":"","format":"standard","meta":{"footnotes":""},"categories":[170],"tags":[517,7239,7235,3975,146,147,25,24,7234,7238,7237,7236,184,185,952,492,23],"class_list":["post-739898","post","type-post","status-publish","format-standard","has-post-thumbnail","category-musica","tag-actualidad","tag-agro","tag-badajoz","tag-caceres","tag-entertainment","tag-entretenimiento","tag-es","tag-espana","tag-extremadura","tag-jesus-conde","tag-jose-l-aroca","tag-merida","tag-music","tag-musica","tag-politica","tag-sociedad","tag-spain"],"share_on_mastodon":{"url":"https:\/\/pubeurope.com\/@es\/117189055987479193","error":""},"_links":{"self":[{"href":"https:\/\/www.europesays.com\/es\/wp-json\/wp\/v2\/posts\/739898","targetHints":{"allow":["GET"]}}],"collection":[{"href":"https:\/\/www.europesays.com\/es\/wp-json\/wp\/v2\/posts"}],"about":[{"href":"https:\/\/www.europesays.com\/es\/wp-json\/wp\/v2\/types\/post"}],"author":[{"embeddable":true,"href":"https:\/\/www.europesays.com\/es\/wp-json\/wp\/v2\/users\/2"}],"replies":[{"embeddable":true,"href":"https:\/\/www.europesays.com\/es\/wp-json\/wp\/v2\/comments?post=739898"}],"version-history":[{"count":0,"href":"https:\/\/www.europesays.com\/es\/wp-json\/wp\/v2\/posts\/739898\/revisions"}],"wp:featuredmedia":[{"embeddable":true,"href":"https:\/\/www.europesays.com\/es\/wp-json\/wp\/v2\/media\/739899"}],"wp:attachment":[{"href":"https:\/\/www.europesays.com\/es\/wp-json\/wp\/v2\/media?parent=739898"}],"wp:term":[{"taxonomy":"category","embeddable":true,"href":"https:\/\/www.europesays.com\/es\/wp-json\/wp\/v2\/categories?post=739898"},{"taxonomy":"post_tag","embeddable":true,"href":"https:\/\/www.europesays.com\/es\/wp-json\/wp\/v2\/tags?post=739898"}],"curies":[{"name":"wp","href":"https:\/\/api.w.org\/{rel}","templated":true}]}}