{"id":739900,"date":"2026-08-31T07:58:12","date_gmt":"2026-08-31T07:58:12","guid":{"rendered":"https:\/\/www.europesays.com\/es\/739900\/"},"modified":"2026-08-31T07:58:12","modified_gmt":"2026-08-31T07:58:12","slug":"el-quinto-de-alex-palou","status":"publish","type":"post","link":"https:\/\/www.europesays.com\/es\/739900\/","title":{"rendered":"El quinto de \u00c1lex Palou"},"content":{"rendered":"<p data-journey-content=\"true\" data-node-id=\"3\" class=\"css-1ood0zq emevuu60\">No se puede decir que el de Milwaukee fuse un fin de semana sobre ruedas. La lluvia intermitente llev\u00f3 al l\u00edmite al espectador justo en el \u00fanico escenario en el que el l\u00edquido elemento no es bien recibido; el \u00f3valo, y nada menos que con carrera doble por delante en la que se pod\u00eda decidir el t\u00edtulo. <\/p>\n<p data-journey-content=\"true\" data-node-id=\"9\" class=\"css-1ood0zq emevuu60\">La situaci\u00f3n fue de tal locura que la segunda carrera del fin de semana se complet\u00f3 antes que la primera, por raro que pueda parecer, ya que esta fue pospuesta el s\u00e1bado, primero por la lluvia y m\u00e1s tarde por la falta de luz, y otra m\u00e1s el domingo, al encontrarse a\u00fan la pista empapada por las lluvias matinales. <\/p>\n<p>Quinto t\u00edtulo en seis a\u00f1os<\/p>\n<p data-journey-content=\"true\" data-node-id=\"14\" class=\"css-1ood0zq emevuu60\">La lluvia dio el respiro justo para poder completar las 500 vueltas de estas dos carreras en las que Palou no tuvo un resultado espectacular, siendo quinto en la segunda de las carreras y d\u00e9cimo en la primera, pero siendo suficiente para proclamarse campe\u00f3n de la temporada 2026 de Indycar a falta del cierre de temporada que tendr\u00e1 lugar el pr\u00f3ximo fin de semana en el ic\u00f3nico circuito de Laguna Seca. <\/p>\n<p data-journey-content=\"true\" data-node-id=\"19\" class=\"css-1ood0zq emevuu60\">\u00c1lex Palou, ganador del premio <a href=\"https:\/\/www.caranddriver.com\/es\/motorsport\/a69809673\/alex-palou-ganador-500-millas-entrevista-exclusiva\/\" target=\"_blank\" data-vars-ga-outbound-link=\"https:\/\/www.caranddriver.com\/es\/motorsport\/a69809673\/alex-palou-ganador-500-millas-entrevista-exclusiva\/\" data-vars-ga-ux-element=\"Hyperlink\" data-vars-ga-call-to-action=\"piloto Car and Driver del a\u00f1o\" data-node-id=\"19.1\" class=\"body-link css-1jjwy84 emevuu60\" rel=\"nofollow noopener\">piloto Car and Driver del a\u00f1o<\/a> en 2025, entra, si es que no lo estaba ya, en el olimpo de pilotos de la Indycar gracias a este quinto t\u00edtulo de campe\u00f3n, que hace que solo Scott Dixon, con seis, y AJ Foyt, con siete -aunque logrados en los 60 y 70 con diferentes formatos- tengan m\u00e1s palmar\u00e9s. El piloto espa\u00f1ol tambi\u00e9n iguala la proeza de Sebastien Bourdais y sus cuatro t\u00edtulos consecutivos. <\/p>\n<p><img draggable=\"true\" alt=\"race car driver celebrating atop yellow car with cheering crew.\" title=\"race car driver celebrating atop yellow car with cheering crew.\" loading=\"lazy\" width=\"1080\" height=\"1350\" decoding=\"async\" data-nimg=\"1\" style=\"color:transparent;width:100%;height:auto;\"   src=\"https:\/\/www.europesays.com\/es\/wp-content\/uploads\/2026\/08\/3de3d091-bd9c-479c-ac8d-889348f8b8f0.jpg\" class=\"css-0 e1ddfba50\"\/><\/p>\n<p>IndyCar<\/p>\n<p data-journey-content=\"true\" data-node-id=\"24\" class=\"css-1ood0zq emevuu60\">Hay que a\u00f1adir que se trata del quinto t\u00edtulo de Palou en las siete temporadas que lleva en Indycar, d\u00f3nde se le escap\u00f3 el t\u00edtulo del a\u00f1o de su debut, un complicado 2020 marcado por la pandemia y la falta de pruebas y que dif\u00edcilmente iba a optar a ello enrolado en el modesto Dale Coyne, as\u00ed como el de la complicada temporada 2022, donde la pugna contractual y una marcha a McLaren que al final no sucedi\u00f3 provoc\u00f3 que Ganassi confiase en otro piloto. El t\u00edtulo de Palou supone el decimoctavo para Chip Ganassi, que se convierte en el equipo m\u00e1s laureado de la Indycar.<\/p>\n<p data-journey-content=\"true\" data-node-id=\"28\" class=\"css-1ood0zq emevuu60\">Junto a Ganassi, \u00c1lex Palou ha logrado entender mejor que nadie al actual monoplaza de la Indy, el cual se mantendr\u00e1 a\u00fan en 2027, formando un binomio insuperable al que ni Penske ni Andretti, ni veteranos pilotos como Scott Dixon, Will Power o Josef Newgarden o talentos emergentes como Lundgaard o Kirkwood han logrado contrarrestar.<\/p>\n<p data-journey-content=\"true\" data-node-id=\"32\" class=\"css-1ood0zq emevuu60\">Con solo 29 a\u00f1os y a falta de lo que ocurra en Laguna Seca, trazado d\u00f3nde ya gan\u00f3 en 2022, Palou suma 25 victorias con las que ha logrado estos cinco t\u00edtulos de campe\u00f3n adem\u00e1s de la codiciada victoria en las 500 millas de Indian\u00e1polis. Seis de esas victorias han llegado en la presente temporada, donde hay que destacar su mejor\u00eda en clasificaci\u00f3n, acumulando numerosas pole position. <\/p>\n<p><img draggable=\"true\" alt=\"ntt indycar series freedom 250\" title=\"NTT INDYCAR Series Freedom 250\" loading=\"lazy\" width=\"5779\" height=\"3853\" decoding=\"async\" data-nimg=\"1\" style=\"color:transparent;width:100%;height:auto;\"   src=\"https:\/\/www.europesays.com\/es\/wp-content\/uploads\/2026\/08\/ef4dd1a1-0f58-470b-b436-875dc84056a6.jpeg\" class=\"css-0 e1ddfba50\"\/><\/p>\n<p>Gavin Baker\/\/Getty Images<\/p>\n<p data-journey-content=\"true\" data-node-id=\"37\" class=\"css-1ood0zq emevuu60\">\u201cEs dif\u00edcil expresarlo con palabras. Todo se lo debo a este equipo y a estos hombres que est\u00e1n sentados a mi lado (Chip Ganassi y su ingeniero Barry Wanser). Me dieron la oportunidad de ser no solo ganador de carreras, sino campe\u00f3n, y ahora, cinco veces campe\u00f3n. Ha sido incre\u00edble. Siento que empezamos ayer y que cada vez nos divertimos m\u00e1s. Ha sido un a\u00f1o maravilloso. Los dos \u00faltimos a\u00f1os han sido m\u00e1gicos para nosotros.\u201d, afirm\u00f3 \u00c1lex Palou en una comparecencia a la que lleg\u00f3, esta vez s\u00ed, despu\u00e9s de completar infinitos donuts quemando los neum\u00e1ticos de su monoplaza, \u00fanico momento al a\u00f1o en el que el equipo le permite llevar al l\u00edmite al motor Honda. <\/p>\n<p>Diez a\u00f1os de margen para igualar a Dixon y Foyt<\/p>\n<p data-journey-content=\"true\" data-node-id=\"42\" class=\"css-1ood0zq emevuu60\">Como record\u00f3 Chip Ganassi, Palou no cumplir\u00e1 los 30 a\u00f1os hasta ya comenzada la pr\u00f3xima temporada, mientras que Scott Dixon sum\u00f3 su sexta corona a los 39 a\u00f1os y AJ Foyt tuvo que esperar a los 40, por lo que el piloto espa\u00f1ol tiene a\u00fan margen para convertirse en el piloto m\u00e1s laureado en la Indycar de todos los tiempos. <\/p>\n","protected":false},"excerpt":{"rendered":"No se puede decir que el de Milwaukee fuse un fin de semana sobre ruedas. La lluvia intermitente&hellip;\n","protected":false},"author":2,"featured_media":739901,"comment_status":"","ping_status":"","sticky":false,"template":"","format":"standard","meta":{"footnotes":""},"categories":[93],"tags":[168,253,25,24,23,167],"class_list":["post-739900","post","type-post","status-publish","format-standard","has-post-thumbnail","category-deportes","tag-deportes","tag-discover","tag-es","tag-espana","tag-spain","tag-sports"],"share_on_mastodon":{"url":"https:\/\/pubeurope.com\/@es\/117189065404850536","error":""},"_links":{"self":[{"href":"https:\/\/www.europesays.com\/es\/wp-json\/wp\/v2\/posts\/739900","targetHints":{"allow":["GET"]}}],"collection":[{"href":"https:\/\/www.europesays.com\/es\/wp-json\/wp\/v2\/posts"}],"about":[{"href":"https:\/\/www.europesays.com\/es\/wp-json\/wp\/v2\/types\/post"}],"author":[{"embeddable":true,"href":"https:\/\/www.europesays.com\/es\/wp-json\/wp\/v2\/users\/2"}],"replies":[{"embeddable":true,"href":"https:\/\/www.europesays.com\/es\/wp-json\/wp\/v2\/comments?post=739900"}],"version-history":[{"count":0,"href":"https:\/\/www.europesays.com\/es\/wp-json\/wp\/v2\/posts\/739900\/revisions"}],"wp:featuredmedia":[{"embeddable":true,"href":"https:\/\/www.europesays.com\/es\/wp-json\/wp\/v2\/media\/739901"}],"wp:attachment":[{"href":"https:\/\/www.europesays.com\/es\/wp-json\/wp\/v2\/media?parent=739900"}],"wp:term":[{"taxonomy":"category","embeddable":true,"href":"https:\/\/www.europesays.com\/es\/wp-json\/wp\/v2\/categories?post=739900"},{"taxonomy":"post_tag","embeddable":true,"href":"https:\/\/www.europesays.com\/es\/wp-json\/wp\/v2\/tags?post=739900"}],"curies":[{"name":"wp","href":"https:\/\/api.w.org\/{rel}","templated":true}]}}