{"id":739922,"date":"2026-08-31T08:15:27","date_gmt":"2026-08-31T08:15:27","guid":{"rendered":"https:\/\/www.europesays.com\/es\/739922\/"},"modified":"2026-08-31T08:15:27","modified_gmt":"2026-08-31T08:15:27","slug":"andrea-casiraghi-y-tatiana-santo-domingo-celebran-13-anos-de-matrimonio-su-romantica-y-familiar-escapada-en-barco-por-italia","status":"publish","type":"post","link":"https:\/\/www.europesays.com\/es\/739922\/","title":{"rendered":"Andrea Casiraghi y Tatiana Santo Domingo celebran 13 a\u00f1os de matrimonio: su rom\u00e1ntica y familiar escapada en barco por Italia"},"content":{"rendered":"<p id=\"e5cGEFSDGs\" data-wc=\"94\">Cambiaron de hogar \u2014hace tres a\u00f1os dejaron Londres, donde vivieron durante m\u00e1s de una d\u00e9cada, para instalarse en Suiza\u2014, pero sus refugios siguen siendo los mismos. El para\u00edso particular de <strong>Andrea Casiraghi<\/strong> y<strong>\u00a0Tatiana Santo Domingo<\/strong> contin\u00faa estando al otro lado del oc\u00e9ano, en Brasil, donde la empresaria de moda encuentra parte de sus ra\u00edces \u2014y donde los descubrimos, en marzo, disfrutando de la playa de Ipanema, en R\u00edo de Janeiro\u2014. Sin embargo, <a class=\"hm-link ho-link\" href=\"https:\/\/www.hola.com\/realeza\/casa_monaco\/20260728914188\/andrea-casiraghi-tatiana-santo-domingo-reconquistan-ibiza-familia-vacaciones-espanolas\/\" data-mrf-recirculation=\"article-body-link\" rel=\"nofollow noopener\" target=\"_blank\">volver al Mediterr\u00e1neo<\/a> y surcar sus aguas sigue siendo otro de sus planes preferidos, sobre todo, cuando llega la estaci\u00f3n estival.\u00a0<\/p>\n<p id=\"e52x5cW4Ghv\" data-wc=\"78\">Casi un mes despu\u00e9s de <a class=\"hm-link ho-link\" href=\"https:\/\/www.hola.com\/moda\/20260804914898\/tatiana-santo-domingo-ibiza-bikini-pin-up-cintura-alta\/\" data-mrf-recirculation=\"article-body-link\" rel=\"nofollow noopener\" target=\"_blank\">su escapada espa\u00f1ola a Ibiza<\/a> \u2014donde sol\u00edan pasar sus veranos cuando eran novios\u2014, el hijo de Carolina de M\u00f3naco y su mujer prosiguen sus vacaciones y no se han decantado por la Costa Azul francesa \u2014como en otras ocasiones\u2014 sino por la <strong>Costa de Amalfi<\/strong>, al sur de Italia. Un destino que ahora &#8216;comparte&#8217;, tambi\u00e9n, con su hermana Carlota, que tambi\u00e9n ha sido vista alg\u00fan que otro verano navegando por el mar Tirreno. \u00a0\u00a0<\/p>\n<p>  <img src=\"https:\/\/www.europesays.com\/es\/wp-content\/uploads\/2026\/08\/d916048fa534-dsc7325.jpg\"   width=\"1080\" height=\"1800\" loading=\"lazy\" decoding=\"async\" alt=\"Andrea Casiraghi y Tatiana Santo Domingo siendo captados mientras disfrutan de sus vacaciones estivales\" fetchpriority=\"auto\" class=\"image ho-image\"\/><\/p>\n<p id=\"eXW0x6i02b\" data-wc=\"52\">Junto a <strong>sus tres hijos<\/strong> \u2014Sasha, de 13 a\u00f1os, India, de 11, y Maximilian, de 8\u2014, Andrea y Tatiana disfrutaron de una divertida jornada en alta mar, a bordo de un barco de leyenda, del que Andrea atesora grandes recuerdos \u2014y que ahora disfruta con la familia al completo\u2014: <a class=\"hm-link ho-link\" href=\"https:\/\/www.hola.com\/realeza\/casa_monaco\/20220808213996\/carolina-de-monaco-barco-pacha\/\" data-mrf-recirculation=\"article-body-link\" rel=\"nofollow noopener\" target=\"_blank\">el Pacha III<\/a>.\u00a0<\/p>\n<p id=\"eoxXwq4uAKX\" data-wc=\"80\">Es la &#8216;joya&#8217; flotante que su padre, el recordado Stefano Casiraghi, regal\u00f3 a su madre en 1989 \u2014un a\u00f1o antes de fallecer en un tr\u00e1gico accidente naval\u2014 y su nombre esconde un bonito homenaje a los tres hermanos \u2014Pierre, Andrea y Charlotte\u2014. Fue en \u00e9l donde Tatiana y Andrea despidieron su vida de solteros: la princesa Carolina reuni\u00f3 en su barco a la familia m\u00e1s cercana y a los amigos \u00edntimos de sus hijos para celebrarlo en aguas de M\u00f3naco.\u00a0<\/p>\n<p>Los dos &#8216;s\u00ed, quiero&#8217; de la pareja<\/p>\n<p id=\"eiwIzkpk9nQ\" data-wc=\"78\"><strong>El 31 de agosto de 2013<\/strong>, a las 11:46, Andrea y Tatiana se daban el &#8216;s\u00ed, quiero&#8217;, tras un a\u00f1o de compromiso, ocho de relaci\u00f3n y ya convertidos en padres \u2014Sasha hab\u00eda nacido el 21 de marzo\u2014. No hubo antes <strong>confirmaci\u00f3n oficial<\/strong> de los detalles, fueron los repiques de las campanas y los aplausos de sus invitados, en la plaza del palacio, los que dieron la &#8216;voz&#8217; de que la princesa Carolina hab\u00eda casado a su hijo mayor.<\/p>\n<p id=\"eAcdeeq8ZV\" data-wc=\"93\">Fue por expreso deseo de los novios. Quer\u00edan casarse en la m\u00e1s estricta intimidad \u2014al igual que su romance, marcado por la discreci\u00f3n, la privacidad y el misterio\u2014 y, seg\u00fan publicaba la prensa del Principado, lo hicieron en el sal\u00f3n del Trono \u2014el mismo lugar en el que hab\u00edan contra\u00eddo matrimonio sus abuelos, el pr\u00edncipe Rainiero y Grace, y, treinta a\u00f1os antes que ellos, sus padres, la princesa Carolina y Stefano Casiraghi\u2014. Para la boda civil, Tatiana, fiel a su estilo &#8216;boho chic&#8217;, escogi\u00f3 un modelo de Missoni, una de sus firmas preferidas.<\/p>\n<p id=\"eOYUyqX3IwP\" data-wc=\"99\">Seis meses m\u00e1s tarde, en febrero de 2014, llegaba <a class=\"hm-link ho-link\" href=\"https:\/\/www.hola.com\/realeza\/casa_monaco\/2014020169484\/boda-andrea-casiraghi-tatiana-santo-domingo\/\" data-mrf-recirculation=\"article-body-link\" rel=\"nofollow noopener\" target=\"_blank\">su boda blanca en Gstaad<\/a>. En el antiguo convento de Rougemont, el \u00fanico de la comarca, y ante cien de sus trescientos invitados \u2014no hab\u00eda sitio para todos en la peque\u00f1a capilla\u2014. En esta ocasi\u00f3n, Tatiana \u2014que se resguardaba del fr\u00edo con una capa blanca de piel y capucha\u2014 se decant\u00f3 por un dise\u00f1o de Valentino en tul, de seda marfil, cambiando la corona de flores de su enlace civil por la tiara de diamantes de la princesa Carolina \u2014<strong>rompiendo con la tradici\u00f3n nupcial\u00a0<\/strong>Grimaldi al usar la diadema &#8216;Fringe&#8217;\u2014.<\/p>\n<p>  <img src=\"https:\/\/www.europesays.com\/es\/wp-content\/uploads\/2026\/08\/fb1b4572b560-dsc7531cut.jpg\"   width=\"1920\" height=\"1080\" loading=\"lazy\" decoding=\"async\" alt=\"Andrea Casiraghi junto a su familia disfrutando de sus vacaciones por el Mediterr\u00e1neo\" fetchpriority=\"auto\" class=\"image ho-image\"\/>En la imagen, Andrea Casiraghi, que est\u00e1 disfrutando estas vacaciones navegando por el Mediterr\u00e1neo con la familia al completo <\/p>\n<p>  <img src=\"https:\/\/www.europesays.com\/es\/wp-content\/uploads\/2026\/08\/81628463451e-dsc7561.jpg\"   width=\"1080\" height=\"1080\" loading=\"lazy\" decoding=\"async\" alt=\"La familia Casiraghi Santo Domingo en sus vacaciones estivales por el Mediterr\u00e1neo\" fetchpriority=\"auto\" class=\"image ho-image\"\/>Su mujer, Tatiana Santo Domingo, con su hijo mayor, al que llaman Sasha<\/p>\n<p> Te puede interesarSeguir leyendo<\/p>\n","protected":false},"excerpt":{"rendered":"Cambiaron de hogar \u2014hace tres a\u00f1os dejaron Londres, donde vivieron durante m\u00e1s de una d\u00e9cada, para instalarse en&hellip;\n","protected":false},"author":2,"featured_media":739923,"comment_status":"","ping_status":"","sticky":false,"template":"","format":"standard","meta":{"footnotes":""},"categories":[174],"tags":[3900,67861,255,146,147,25,24,256,17329,23],"class_list":["post-739922","post","type-post","status-publish","format-standard","has-post-thumbnail","category-famosos","tag-hola","tag-andrea-casiraghi","tag-celebrities","tag-entertainment","tag-entretenimiento","tag-es","tag-espana","tag-famosos","tag-realeza-monaco","tag-spain"],"share_on_mastodon":{"url":"https:\/\/pubeurope.com\/@es\/117189131067121251","error":""},"_links":{"self":[{"href":"https:\/\/www.europesays.com\/es\/wp-json\/wp\/v2\/posts\/739922","targetHints":{"allow":["GET"]}}],"collection":[{"href":"https:\/\/www.europesays.com\/es\/wp-json\/wp\/v2\/posts"}],"about":[{"href":"https:\/\/www.europesays.com\/es\/wp-json\/wp\/v2\/types\/post"}],"author":[{"embeddable":true,"href":"https:\/\/www.europesays.com\/es\/wp-json\/wp\/v2\/users\/2"}],"replies":[{"embeddable":true,"href":"https:\/\/www.europesays.com\/es\/wp-json\/wp\/v2\/comments?post=739922"}],"version-history":[{"count":0,"href":"https:\/\/www.europesays.com\/es\/wp-json\/wp\/v2\/posts\/739922\/revisions"}],"wp:featuredmedia":[{"embeddable":true,"href":"https:\/\/www.europesays.com\/es\/wp-json\/wp\/v2\/media\/739923"}],"wp:attachment":[{"href":"https:\/\/www.europesays.com\/es\/wp-json\/wp\/v2\/media?parent=739922"}],"wp:term":[{"taxonomy":"category","embeddable":true,"href":"https:\/\/www.europesays.com\/es\/wp-json\/wp\/v2\/categories?post=739922"},{"taxonomy":"post_tag","embeddable":true,"href":"https:\/\/www.europesays.com\/es\/wp-json\/wp\/v2\/tags?post=739922"}],"curies":[{"name":"wp","href":"https:\/\/api.w.org\/{rel}","templated":true}]}}