{"id":739926,"date":"2026-08-31T08:18:13","date_gmt":"2026-08-31T08:18:13","guid":{"rendered":"https:\/\/www.europesays.com\/es\/739926\/"},"modified":"2026-08-31T08:18:13","modified_gmt":"2026-08-31T08:18:13","slug":"supervivientes-all-stars-3-anuncia-su-sexta-concursante-oficial-una-influencer-a-la-que-el-boe-premio-por-error","status":"publish","type":"post","link":"https:\/\/www.europesays.com\/es\/739926\/","title":{"rendered":"&#8216;Supervivientes All Stars 3&#8217; anuncia su sexta concursante oficial, una influencer a la que el BOE &#8216;premi\u00f3&#8217; por error"},"content":{"rendered":"<p class=\"article-text\">\n        La tercera edici\u00f3n de <strong>Supervivientes All Stars<\/strong> contin\u00faa desvelando los nombres que conforman su casting. En esta ocasi\u00f3n, el reality de <strong>Telecinco <\/strong>da la bienvenida a un rostro que dej\u00f3 huella en las playas de Honduras hace ahora seis a\u00f1os. La <strong>sexta concursante oficial<\/strong> es<strong> Ivana Icardi<\/strong>, influencer cuya participaci\u00f3n se desliz\u00f3 en la <a href=\"https:\/\/www.eldiario.es\/vertele\/noticias\/telecinco-lanza-nueva-promo-supervivientes-all-stars-da-pista-clave-concursantes_1_13428266.html\" target=\"_blank\" data-mrf-recirculation=\"links-noticia\" class=\"link\" rel=\"nofollow noopener\">primera autopromoci\u00f3n<\/a> tras la aparici\u00f3n de un caracter\u00edstico tatuaje.\n    <\/p>\n<p>    <a href=\"https:\/\/www.eldiario.es\/vertele\/noticias\/supervivientes-all-stars-anuncia-quinta-concursante-oficial-chiqui-almudena-martinez_1_13474918.html\" data-mrf-recirculation=\"saber-mas\" data-dl-event=\"saber-mas\" rel=\"nofollow noopener\" target=\"_blank\"><\/p>\n<p class=\"know-more__title\">&#8216;Supervivientes All Stars 3&#8217; anuncia a su quinta concursante oficial, la murciana que revolucion\u00f3 &#8216;GH&#8217; hace casi 20 a\u00f1os<\/p>\n<p>            <img decoding=\"async\" class=\"lazy\" loading=\"lazy\" data-src=\"https:\/\/static.eldiario.es\/clip\/f7451eda-d479-4d50-8e30-259924ced1fe_16-9-aspect-ratio_default_0.jpg\" src=\"data:image\/svg+xml,%3Csvg xmlns=\" http:=\"\" viewbox=\"0 0 880 495\" alt=\"'Supervivientes All Stars 3' anuncia a su quinta concursante oficial, la murciana que revolucion\u00f3 'GH' hace casi 20 a\u00f1os\"\/><\/p>\n<p>                        <\/a><\/p>\n<p class=\"article-text\">\n        Producido por <strong>Mediaset <\/strong>en colaboraci\u00f3n con <strong>Cuarzo TV<\/strong>, el formato m\u00e1s extremo ya lo tiene todo listo para recibir a una robinsona de altura: \u201cSoy influencer, mam\u00e1\u2026 \u00a1Eterna concursante de realities y ahora tambi\u00e9n de Supervivientes All Stars! Estoy nerviosa, pero a la vez <strong>estoy euf\u00f3rica porque quiero superar todos los retos<\/strong>,  las tormentas, los bichos y las pruebas. Realmente, <strong>lo que m\u00e1s quiero es ganar<\/strong>\u201d.\n    <\/p>\n<p class=\"article-text\">\n        El reto se reactiva para Icardi tras haber sido concursante en <strong>Supervivientes 2020<\/strong>, edici\u00f3n regular donde Jorge P\u00e9rez se proclam\u00f3 ganador y la pandemia del coronavirus fue protagonista. En este caso, la natural de Argentina permaneci\u00f3 en la competici\u00f3n durante <strong>84 d\u00edas<\/strong>. La audiencia no consider\u00f3 que deb\u00eda llegar a la gran final, convirti\u00e9ndola en la d\u00e9cima expulsada. Tan solo estuvo <strong>nominada en dos ocasiones<\/strong> y fue <strong>l\u00edder tres veces<\/strong>.\n    <\/p>\n<p class=\"article-text\">\n        Al margen de la aventura, su participaci\u00f3n en el reality show estuvo marcada por su <strong>romance <\/strong>con <strong>Hugo Sierra<\/strong>. El concursante, que desembarc\u00f3 en los Cayos Cochinos tras <a href=\"https:\/\/www.eldiario.es\/vertele\/noticias\/quien-es-hugo-ganador-gh-granhermano-revolution-telecinco_1_7474141.html\" target=\"_blank\" data-mrf-recirculation=\"links-noticia\" class=\"link\" rel=\"nofollow noopener\">ganar <\/a><a href=\"https:\/\/www.eldiario.es\/vertele\/noticias\/quien-es-hugo-ganador-gh-granhermano-revolution-telecinco_1_7474141.html\" target=\"_blank\" data-mrf-recirculation=\"links-noticia\" class=\"link\" rel=\"nofollow noopener\">GH Revolution<\/a>, fue figura central en este inesperado romance que incluso desemboc\u00f3 en momentos de gran intimidad. Una vez finaliz\u00f3 la experiencia, ambos mantuvieron una relaci\u00f3n durante aproximadamente dos a\u00f1os y tuvieron una hija.\n    <\/p>\n<p class=\"article-text\">\n        La <strong>an\u00e9cdota <\/strong>m\u00e1s recordada se produjo dos a\u00f1os despu\u00e9s de su viaje a Honduras. En una de sus publicaciones, el <strong>Bolet\u00edn Oficial del Estado (BOE)<\/strong> inform\u00f3 sobre la decisi\u00f3n del Consejo Superior de Deportes: &#8216;<a href=\"https:\/\/www.eldiario.es\/vertele\/noticias\/boe-concede-medalla-ivana-icardi-supervivientes-confundirla-futbolista-ivana-andres_1_10489266.html\" target=\"_blank\" data-mrf-recirculation=\"links-noticia\" class=\"link\" rel=\"nofollow noopener\">concedi\u00f3<\/a>&#8216; la <strong>Medalla de Oro <\/strong>de la Real Orden del M\u00e9rito Deportivo a las 23 jugadoras de la <strong>Selecci\u00f3n Femenina de F\u00fatbol<\/strong>. Sin embargo, donde deber\u00eda ir el nombre de la capitana, Ivana Andr\u00e9s, apareci\u00f3 el de la exconcursante.\n    <\/p>\n<p>    <a href=\"https:\/\/www.eldiario.es\/vertele\/analisis\/nuestros-7-deseos-temporada-2026-2027-tv-adelanto-prime-time-claves-ganar-audiencia_1_13470322.html\" data-mrf-recirculation=\"saber-mas-abajo\" data-dl-event=\"saber-mas-abajo\" rel=\"nofollow noopener\" target=\"_blank\"><\/p>\n<p class=\"know-more__title\">Nuestros 7 deseos para la temporada 2026-2027 en TV: del adelanto del prime time a otras claves para ganar audiencia<\/p>\n<p>            <img decoding=\"async\" class=\"lazy\" loading=\"lazy\" data-src=\"https:\/\/static.eldiario.es\/clip\/8ad776eb-fe09-4bf7-ae95-98b17703a888_16-9-aspect-ratio_default_0.jpg\" src=\"data:image\/svg+xml,%3Csvg xmlns=\" http:=\"\" viewbox=\"0 0 880 495\" alt=\"Nuestros 7 deseos para la temporada 2026-2027 en TV: del adelanto del prime time a otras claves para ganar audiencia\"\/><\/p>\n<p>                        <\/a><\/p>\n<blockquote class=\"twitter-tweet\" data-lang=\"es\" data-conversation=\"none\"><p><a href=\"https:\/\/twitter.com\/X\/status\/2094136728843878782?ref_src=twsrc%5Etfw\" rel=\"nofollow noopener\" target=\"_blank\"><\/p><\/blockquote>\n<p>    Los concursantes oficiales de &#8216;Supervivientes All Stars 3&#8217;<\/p>\n<p class=\"article-text\">\n        Telecinco ya cuenta con una bater\u00eda de nombres para <strong>Supervivientes All Stars 3<\/strong>. La primera leyenda anunciada fue <strong>Rosa Benito<\/strong>, seguida de otros como <strong>Arkano<\/strong>, <strong>Asraf Beno<\/strong>, <strong>Alma Bollo<\/strong>, <strong>Almudena Mart\u00ednez <\/strong>\u2014conocida como &#8216;<strong>Chiqui<\/strong>&#8216;\u2014 e <strong>Ivana Icardi<\/strong>. A los nombres oficiales se unen otros, avanzados en distintos medios, como <strong>Dami\u00e1n Quintero <\/strong>y <strong>Mar\u00eda Jes\u00fas Ruiz <\/strong>(<a href=\"https:\/\/www.elperiodico.com\/es\/tele\/yotele\/20260824\/alma-bollo-damian-quintero-maria-jesus-ruiz-concursabtes-supervivientes-all-stars-exclusiva-133599769\" target=\"_blank\" data-mrf-recirculation=\"links-noticia\" class=\"link\" rel=\"nofollow noopener\">Yotele<\/a>) o <strong>Lola Ortiz<\/strong> (<a href=\"https:\/\/www.20minutos.es\/television\/lola-ortiz-extronista-mujeres-hombres-viceversa-participara-supervivientes-all-stars_7028796_0.html\" target=\"_blank\" data-mrf-recirculation=\"links-noticia\" class=\"link\" rel=\"nofollow noopener\">20 Minutos<\/a>). La participaci\u00f3n de <strong>Albert Barranco<\/strong>, adelantada en exclusiva por <a href=\"https:\/\/www.eldiario.es\/vertele\/noticias\/supervivientes-all-stars-3-cierra-primer-concursante-experto-seductor-pasado-tentador-viceverso_1_13463136.html\" target=\"_blank\" data-mrf-recirculation=\"links-noticia\" class=\"link\" rel=\"nofollow noopener\"><strong>verTele<\/strong><\/a>, tambi\u00e9n est\u00e1 garantizada.\n    <\/p>\n<p>                                        <script async src=\"https:\/\/platform.twitter.com\/widgets.js\" charset=\"utf-8\"><\/script><\/p>\n","protected":false},"excerpt":{"rendered":"La tercera edici\u00f3n de Supervivientes All Stars contin\u00faa desvelando los nombres que conforman su casting. En esta ocasi\u00f3n,&hellip;\n","protected":false},"author":2,"featured_media":739927,"comment_status":"","ping_status":"","sticky":false,"template":"","format":"standard","meta":{"footnotes":""},"categories":[171],"tags":[1554,11286,4187,8035,2884,146,147,12863,25,24,5764,289,843,292,23,11287,3947,214],"class_list":["post-739926","post","type-post","status-publish","format-standard","has-post-thumbnail","category-tv","tag-1554","tag-all","tag-anuncia","tag-boe","tag-concursante","tag-entertainment","tag-entretenimiento","tag-error","tag-es","tag-espana","tag-influencer","tag-oficial","tag-premio","tag-sexta","tag-spain","tag-stars","tag-supervivientes","tag-tv"],"share_on_mastodon":{"url":"https:\/\/pubeurope.com\/@es\/117189142428241270","error":""},"_links":{"self":[{"href":"https:\/\/www.europesays.com\/es\/wp-json\/wp\/v2\/posts\/739926","targetHints":{"allow":["GET"]}}],"collection":[{"href":"https:\/\/www.europesays.com\/es\/wp-json\/wp\/v2\/posts"}],"about":[{"href":"https:\/\/www.europesays.com\/es\/wp-json\/wp\/v2\/types\/post"}],"author":[{"embeddable":true,"href":"https:\/\/www.europesays.com\/es\/wp-json\/wp\/v2\/users\/2"}],"replies":[{"embeddable":true,"href":"https:\/\/www.europesays.com\/es\/wp-json\/wp\/v2\/comments?post=739926"}],"version-history":[{"count":0,"href":"https:\/\/www.europesays.com\/es\/wp-json\/wp\/v2\/posts\/739926\/revisions"}],"wp:featuredmedia":[{"embeddable":true,"href":"https:\/\/www.europesays.com\/es\/wp-json\/wp\/v2\/media\/739927"}],"wp:attachment":[{"href":"https:\/\/www.europesays.com\/es\/wp-json\/wp\/v2\/media?parent=739926"}],"wp:term":[{"taxonomy":"category","embeddable":true,"href":"https:\/\/www.europesays.com\/es\/wp-json\/wp\/v2\/categories?post=739926"},{"taxonomy":"post_tag","embeddable":true,"href":"https:\/\/www.europesays.com\/es\/wp-json\/wp\/v2\/tags?post=739926"}],"curies":[{"name":"wp","href":"https:\/\/api.w.org\/{rel}","templated":true}]}}