{"id":739928,"date":"2026-08-31T08:21:11","date_gmt":"2026-08-31T08:21:11","guid":{"rendered":"https:\/\/www.europesays.com\/es\/739928\/"},"modified":"2026-08-31T08:21:11","modified_gmt":"2026-08-31T08:21:11","slug":"las-peliculas-que-van-a-marcar-el-final-de-2026-llegan-dune-3-vengadores-doomsday-la-bola-negra-y-mucho-mas-20minutos-es","status":"publish","type":"post","link":"https:\/\/www.europesays.com\/es\/739928\/","title":{"rendered":"Las pel\u00edculas que van a marcar el final de 2026: llegan &#039;Dune 3&#039;, &#039;Vengadores: Doomsday&#039;, &#039;La bola negra&#039; y mucho m\u00e1s &#8211; 20minutos.es"},"content":{"rendered":"<ol>\n<li><a href=\"https:\/\/news.google.com\/rss\/articles\/CBMiwgFBVV95cUxNN2RSeERiaDQ4Wk1BRHBCdFJXZDQ3bENYdDA5aGdwd2FrcXoxOEF6M3RIZnFVdlRrbFdPVjh4YW5fc09vSEZlMnVwSm9JWlI5WDZfMXFXdnVQNHdQcnZHbDVDdWNpUnI2MW8wWFV5OUEzRkw5akRPWEhadEJCb2h6OWlMNFQxNDhSXzhSU0g4R19qeWhWSmRxQWNNRVRQeGFhbFVSaVhhX3V1eUx0MmtrWGNUcTYwUjZqdk8tLW5vTFRZQQ?oc=5\" target=\"_blank\" rel=\"nofollow noopener\">Las pel\u00edculas que van a marcar el final de 2026: llegan &#8216;Dune 3&#8217;, &#8216;Vengadores: Doomsday&#8217;, &#8216;La bola negra&#8217; y mucho m\u00e1s<\/a>&nbsp;&nbsp;20minutos.es<\/li>\n<li><a href=\"https:\/\/news.google.com\/rss\/articles\/CBMiqwFBVV95cUxPOS1JRlJicVpELUFuQjMxNVJITGJwR2gyWHpvNDJxTzJUZFlra1FaTjAxYlQ0M1RYZXNKNGdQaldZdTM5MkxuS2lPbXMyM1ZGNDVnSG0wWUNNUzZNSjRIZFNaRHo2OWF4UnVKdWs2d2RyeGtEZkN0ZUMyMlNqaWk3WHlKQ0RkTmI1TGkwZHJaQndtMlUwZG9EWFVLVDVxMk00S1RUU0xTX1NjSW_SAbABQVVfeXFMUFRDM0ZScXNna3VXUGZrVWFjOVFiSlN0amJUMzVIMDVEQnJ3eUNqZTVwMnItQmkzWHdsVjVWTDZjdFFYdzJabUFNWmVSTnQ1YUswQkM3YjhMSHpGMFpucE5kN3I5dTM5TU1nellWYjBQSnRMOHFyRkdfeHNPTVR3eXBnZGRKSGdNLUNad3VoTzlOWXNrS096T0NsaENjdHlDMUZId2NMRlFYYU9UWE1ybV8?oc=5\" target=\"_blank\" rel=\"nofollow noopener\">20 pel\u00edculas que marcar\u00e1n la cartelera en la nueva temporada<\/a>&nbsp;&nbsp;La Vanguardia<\/li>\n<li><a href=\"https:\/\/news.google.com\/rss\/articles\/CBMihAFBVV95cUxNS0c4eDZRc1kzN2lvbnNsTmhBdU9kd2tBVHliMWEwZFF6QjI0YjlHUTVCcUNzUGhLaGNQRlhWTElWTUtRNzlRY0gxMHdWSzBaUHZ3UGJkWjIyQVN5MTJrei1pZjdaU2FDTmVfZm9FSGFESnpub1dQOFl5VWtBSmV6YzBxRmQ?oc=5\" target=\"_blank\" rel=\"nofollow noopener\">Las series y pel\u00edculas m\u00e1s esperadas para oto\u00f1o de 2026<\/a>&nbsp;&nbsp;graziamagazine.com<\/li>\n<li><a href=\"https:\/\/news.google.com\/rss\/articles\/CBMieEFVX3lxTFA5ZG5aazJDWkZiZS1hZGp1enBkWmlucXJLMDlGVC1fTXBycFc1UHVyN2dLdWFEWk1QNEJhc2JpSWZoUF9FT3RxQ2ZNT2FWU2hFNWUtSGdJMGZROFlMdG9KQ3BkRHF4azRSZE9GVUlINTYySlV3QTgtUg?oc=5\" target=\"_blank\" rel=\"nofollow noopener\">Estrenos de Cine Septiembre 2026: Cartelera y Novedades<\/a>&nbsp;&nbsp;La Gu\u00eda Go!<\/li>\n<li><a href=\"https:\/\/news.google.com\/rss\/articles\/CBMieEFVX3lxTE5zTmlwc0t4QkhLRlVtSWpSSXBJaHlLX1lZVWNWMkJQVmRkN0d4bnk1UTdQVVhGNEJpTEFsbDdWSVJrSl80WTV3MWZyUF9VY0NfMlBqUWh2bkVrdDZSYXdLcmwyNDNiVjY2bjFYdlhOdV9hRTR4MVE2YQ?oc=5\" target=\"_blank\" rel=\"nofollow noopener\">Las 20 pel\u00edculas que marcar\u00e1n la cartelera: de Dune 3 a Los Javis<\/a>&nbsp;&nbsp;que.es<\/li>\n<\/ol>\n","protected":false},"excerpt":{"rendered":"Las pel\u00edculas que van a marcar el final de 2026: llegan &#8216;Dune 3&#8217;, &#8216;Vengadores: Doomsday&#8217;, &#8216;La bola negra&#8217;&hellip;\n","protected":false},"author":2,"featured_media":739929,"comment_status":"","ping_status":"","sticky":false,"template":"","format":"standard","meta":{"footnotes":""},"categories":[169],"tags":[177,146,147,25,24,176,175,23],"class_list":["post-739928","post","type-post","status-publish","format-standard","has-post-thumbnail","category-cine","tag-cine","tag-entertainment","tag-entretenimiento","tag-es","tag-espana","tag-film","tag-movies","tag-spain"],"share_on_mastodon":{"url":"https:\/\/pubeurope.com\/@es\/117189154420364841","error":""},"_links":{"self":[{"href":"https:\/\/www.europesays.com\/es\/wp-json\/wp\/v2\/posts\/739928","targetHints":{"allow":["GET"]}}],"collection":[{"href":"https:\/\/www.europesays.com\/es\/wp-json\/wp\/v2\/posts"}],"about":[{"href":"https:\/\/www.europesays.com\/es\/wp-json\/wp\/v2\/types\/post"}],"author":[{"embeddable":true,"href":"https:\/\/www.europesays.com\/es\/wp-json\/wp\/v2\/users\/2"}],"replies":[{"embeddable":true,"href":"https:\/\/www.europesays.com\/es\/wp-json\/wp\/v2\/comments?post=739928"}],"version-history":[{"count":0,"href":"https:\/\/www.europesays.com\/es\/wp-json\/wp\/v2\/posts\/739928\/revisions"}],"wp:featuredmedia":[{"embeddable":true,"href":"https:\/\/www.europesays.com\/es\/wp-json\/wp\/v2\/media\/739929"}],"wp:attachment":[{"href":"https:\/\/www.europesays.com\/es\/wp-json\/wp\/v2\/media?parent=739928"}],"wp:term":[{"taxonomy":"category","embeddable":true,"href":"https:\/\/www.europesays.com\/es\/wp-json\/wp\/v2\/categories?post=739928"},{"taxonomy":"post_tag","embeddable":true,"href":"https:\/\/www.europesays.com\/es\/wp-json\/wp\/v2\/tags?post=739928"}],"curies":[{"name":"wp","href":"https:\/\/api.w.org\/{rel}","templated":true}]}}