{"id":739930,"date":"2026-08-31T08:22:17","date_gmt":"2026-08-31T08:22:17","guid":{"rendered":"https:\/\/www.europesays.com\/es\/739930\/"},"modified":"2026-08-31T08:22:17","modified_gmt":"2026-08-31T08:22:17","slug":"el-betis-dialoga-con-ceballos-y-acelera-las-salidas-de-pablo-garcia-petit-y-losada","status":"publish","type":"post","link":"https:\/\/www.europesays.com\/es\/739930\/","title":{"rendered":"El Betis dialoga con Ceballos y acelera las salidas de Pablo Garc\u00eda, Petit y Losada"},"content":{"rendered":"<p style=\"\">Las \u00faltimas horas del mercado estival de fichajes para el inicio de la temporada 2026-27 se dibujan fren\u00e9ticas en el <strong>Real Betis<\/strong>. Llega la direcci\u00f3n deportiva comandada por <strong>Manu Fajardo y \u00c1lvaro Ladr\u00f3n de Guevara<\/strong> con muchos frentes abiertos, m\u00e1s que en  &#8230; las \u00faltimas campa\u00f1as cuando se hicieron operaciones al filo del tiempo l\u00edmite siempre con \u00e9xito en las entradas y las salidas. Ahora se espera lo mismo bas\u00e1ndose en aquellas experiencias que hicieron llegar a Heli\u00f3polis a jugadores como <strong>Miranda, Beller\u00edn, Abde, Lo Celso, Antony o Amrabat<\/strong> (y en enero a Ayoze, Fornals, Chimy, Bakambu, Cucho o Fidalgo) justo antes de que en LaLiga echaran el tel\u00f3n a las incorporaciones. Se suele mover bien el Betis en estas horas finales y por ello en el club mantienen la calma apuntando a que durante este lunes se espera acelerar por orden de prioridades. Las salidas de <strong>Gonzalo Petit, Iker Losada y Pablo Garc\u00eda<\/strong>, as\u00ed como uno de los centrocampistas del equipo que tienen menos peso en el plantel (Nelson Deossa o \u00c1lvaro Fidalgo), y la llegada de <strong>Dani Ceballos<\/strong> y un <strong>pivote defensivo<\/strong> engloban esta lista de tareas pendientes que han de darse si el l\u00edmite de gasto y la disposici\u00f3n de fichas lo permiten.<\/p>\n<p class=\"v-d-p\" style=\"\">Durante el domingo se sucedieron las reuniones de los responsables b\u00e9ticos, con <strong>el CEO, Ram\u00f3n Alarc\u00f3n, y el director deportivo, Manu Fajardo<\/strong>. Los cometidos principales estaban en la tramitaci\u00f3n de las salidas de <strong>Gonzalo Petit e Iker Losada<\/strong> como pasos obligados y que se han venido estancando por la falta de concreci\u00f3n de ofertas que convenzan a todos, entre ellos a los futbolistas. El uruguayo, una inversi\u00f3n como activo realizada el pasado verano por 4,5 millones, estaba a expensas de que se concretara una propuesta que cubr\u00eda este precio y algo m\u00e1s de plusval\u00eda para poder marcharse traspasado al extranjero. El <strong>Midtjylland<\/strong> dan\u00e9s y el <strong>Olympique Lyonnais<\/strong> franc\u00e9s son los clubes que m\u00e1s se han movido para contratarle. Mientras, en caso de cesi\u00f3n, el futbolista prioriza al <strong>C\u00e1diz<\/strong> ya que al seguir en Espa\u00f1a podr\u00e1 nacionalizarse en un plazo cercano. Al ser extracomunitario no est\u00e1 ni siquiera inscrito en LaLiga debido a que est\u00e1n copadas las plazas con Natan, Antony y Deossa. El gallego, mientras, ha intentado continuar en la plantilla b\u00e9tica (tiene el dorsal 14 y ha estado en las tres primeras convocatorias) pero se le ha dejado claro que no tiene sitio y la idea es que salga cedido. Busca un Primera como en los dos \u00faltimos cursos, cuando fue a pr\u00e9stamo al Celta y al Levante, pero tambi\u00e9n hay pretendientes de Segunda. Se comprometi\u00f3 con el club a elegir destino en estas horas y durante el d\u00eda de hoy ha de concretarse formalmente.<\/p>\n<p class=\"v-d-p\" style=\"\">Esas son las dos salidas obligadas y con las que se contaba desde siempre y a las que se debe unir <strong>Pablo Garc\u00eda<\/strong>, quien ha visto c\u00f3mo despu\u00e9s de que en las previas del duelo ante la Real Sociedad se frenara su traspaso al Hull City a pesar de que se despidiera de la afici\u00f3n sobre el c\u00e9sped de la Cartuja, algo que no se entendi\u00f3. Luego lleg\u00f3 la intromisi\u00f3n del Olympiacos y en el d\u00eda de hoy se conf\u00eda en que se pueda concretar su salida, ya sea al club ingl\u00e9s o al griego dado que ambos manejan propuestas en la regi\u00f3n de los ocho o nueve millones de euros por el 70 por ciento de sus servicios, lo que viene reclamando el Betis para mantener el 30 por ciento de sus derechos en previsi\u00f3n de una plusval\u00eda futura para un futbolista con mucho gol y que a\u00fan cuenta con 19 a\u00f1os.<\/p>\n<p class=\"v-d-p\" style=\"\">Y a todo ello se le unen las gestiones para la venta de uno o dos de los siete centrocampistas que ahora mismo integran la plantilla de Pellegrini y que han de hacer hueco para la llegada de Ceballos y del pivote. No tanto econ\u00f3mico, que tambi\u00e9n, como deportivo. Son indiscutibles entre estos siete Facundo Bernal, Isco y Fornals y hay otros como <strong>Marc Roca o Lo Celso<\/strong>, que tienen sueldos altos, que no van a salir bajo ning\u00fan concepto. Restan, pues, <strong>Nelson Deossa y \u00c1lvaro Fidalgo<\/strong>. Ambos tambi\u00e9n han se\u00f1alado que no pretenden irse pero por el colombiano ha habido negociaciones durante todo el verano y el club ha llegado a contar con la recuperaci\u00f3n de la inversi\u00f3n del pasado a\u00f1o para planificar. Con el asturiano la situaci\u00f3n se puede dar en estas horas, modificando el plan previsto, visto que Pellegrini no le ha alineado en ninguna de las tres primeras jornadas siendo el \u00fanico futbolista disponible (Lo Celso, Diego Conde y Aitor est\u00e1n lesionados) y con dorsal del primer equipo que a\u00fan no ha jugado.<\/p>\n<p>\nCeballos sigue esperando\n<\/p>\n<p class=\"v-d-p\" style=\"\">Todo ello se apunta para poder incorporar a <strong>Dani Ceballos<\/strong> y al mediocentro posicional defensivo que ha pedido p\u00fablica e internamente Pellegrini para compensar a su equipo. El chileno ha justificado esto en su nueva disposici\u00f3n del equipo sobre el campo dado que en pretemporada y en los primeros duelos ha alineado a <strong>Marc Roca y Facundo Bernal<\/strong> juntos. En el club se le se\u00f1alaba que con ellos dos y Gnangoro ten\u00eda la rotaci\u00f3n resuelta pero el t\u00e9cnico siempre pidi\u00f3 un futbolista del estilo de Amrabat, que finalmente se ha marchado al Ajax tras rescindir con el Fenerbah\u00e7e. Ahora sin el canterano, que fue traspasado al Rayo, Pellegrini reclama con mayor motivo la llegada de un stopper para esa zona y el club trabajaba ayer en varias alternativas a la espera de alguna venta en el centro del campo que permitiera su inscripci\u00f3n a \u00faltima hora, como sucedi\u00f3 el a\u00f1o pasado precisamente con Amrabat.<\/p>\n<p class=\"v-d-p\" style=\"\">En el caso de Ceballos ayer se produjeron nuevos contactos entre el Betis y el entorno del futbolista para acabar de perfilar la posici\u00f3n de ambas partes de cara a la confecci\u00f3n del contrato que debe vincularles cuando se produzcan los movimientos pendientes de salida y se aclare el espacio. El utrerano estuvo en el <strong>Santiago Bernab\u00e9u<\/strong> viendo al Madrid ante el M\u00e1laga y apareci\u00f3 su imagen en Movistar en el palco de amigos y familiares de los futbolistas. Acudi\u00f3 con sus dos hijas reci\u00e9n nacidas. Ahora espera el movimiento final del Betis, que pretende incorporarle antes del final del mercado dado que el futbolista tambi\u00e9n quiere tener claro su futuro despu\u00e9s de estar todo el verano esperando y rechazando ofertas superiores econ\u00f3micamente. Lo normal es que se cierre todo en estas horas y que Ceballos sea uno de los refuerzos b\u00e9ticos para la temporada Champions.<\/p>\n","protected":false},"excerpt":{"rendered":"Las \u00faltimas horas del mercado estival de fichajes para el inicio de la temporada 2026-27 se dibujan fren\u00e9ticas&hellip;\n","protected":false},"author":2,"featured_media":739931,"comment_status":"","ping_status":"","sticky":false,"template":"","format":"standard","meta":{"footnotes":""},"categories":[93],"tags":[14603,291,28206,168,88106,25,24,3142,35942,618,13669,7791,23,167],"class_list":["post-739930","post","type-post","status-publish","format-standard","has-post-thumbnail","category-deportes","tag-acelera","tag-betis","tag-ceballos","tag-deportes","tag-dialoga","tag-es","tag-espana","tag-garcia","tag-losada","tag-pablo","tag-petit","tag-salidas","tag-spain","tag-sports"],"share_on_mastodon":{"url":"https:\/\/pubeurope.com\/@es\/117189158656051681","error":""},"_links":{"self":[{"href":"https:\/\/www.europesays.com\/es\/wp-json\/wp\/v2\/posts\/739930","targetHints":{"allow":["GET"]}}],"collection":[{"href":"https:\/\/www.europesays.com\/es\/wp-json\/wp\/v2\/posts"}],"about":[{"href":"https:\/\/www.europesays.com\/es\/wp-json\/wp\/v2\/types\/post"}],"author":[{"embeddable":true,"href":"https:\/\/www.europesays.com\/es\/wp-json\/wp\/v2\/users\/2"}],"replies":[{"embeddable":true,"href":"https:\/\/www.europesays.com\/es\/wp-json\/wp\/v2\/comments?post=739930"}],"version-history":[{"count":0,"href":"https:\/\/www.europesays.com\/es\/wp-json\/wp\/v2\/posts\/739930\/revisions"}],"wp:featuredmedia":[{"embeddable":true,"href":"https:\/\/www.europesays.com\/es\/wp-json\/wp\/v2\/media\/739931"}],"wp:attachment":[{"href":"https:\/\/www.europesays.com\/es\/wp-json\/wp\/v2\/media?parent=739930"}],"wp:term":[{"taxonomy":"category","embeddable":true,"href":"https:\/\/www.europesays.com\/es\/wp-json\/wp\/v2\/categories?post=739930"},{"taxonomy":"post_tag","embeddable":true,"href":"https:\/\/www.europesays.com\/es\/wp-json\/wp\/v2\/tags?post=739930"}],"curies":[{"name":"wp","href":"https:\/\/api.w.org\/{rel}","templated":true}]}}