{"id":739940,"date":"2026-08-31T08:27:16","date_gmt":"2026-08-31T08:27:16","guid":{"rendered":"https:\/\/www.europesays.com\/es\/739940\/"},"modified":"2026-08-31T08:27:16","modified_gmt":"2026-08-31T08:27:16","slug":"trump-publica-un-video-de-ia-que-muestra-destruccion-de-la-isla-irani-de-jarg","status":"publish","type":"post","link":"https:\/\/www.europesays.com\/es\/739940\/","title":{"rendered":"Trump publica un video de IA que muestra destrucci\u00f3n de la isla iran\u00ed de Jarg"},"content":{"rendered":"<p><img decoding=\"async\" class=\"v-ath__i\" loading=\"lazy\" src=\"https:\/\/www.europesays.com\/es\/wp-content\/uploads\/2026\/08\/1788164836_363_autor-5496-foto-3.jpeg\" alt=\"Agencia EFE\"\/><\/p>\n<p>31\/08\/2026 a las 06:18h.<\/p>\n<p class=\"v-d-p\" style=\"\">Washington, 30 ago (EFE).- El presidente de Estados Unidos, Donald Trump, comparti\u00f3 este domingo un video generado con inteligencia artificial en Truth Social, en el que se muestra la destrucci\u00f3n de la isla iran\u00ed de Jarg, principal terminal petrolera del pa\u00eds.  IM\u00c1GENES: TRUTH SOCIAL DONALD  &#8230; TRUMP SOLO USO EDITORIAL. NO VENTAS\/ SOLO DISPONIBLE PARA ILUSTRAR LA NOTICIA QUE ACOMPA\u00d1A (CR\u00c9DITO OBLIGATORIO).<\/p>\n","protected":false},"excerpt":{"rendered":"31\/08\/2026 a las 06:18h. Washington, 30 ago (EFE).- El presidente de Estados Unidos, Donald Trump, comparti\u00f3 este domingo&hellip;\n","protected":false},"author":2,"featured_media":739941,"comment_status":"","ping_status":"","sticky":false,"template":"","format":"standard","meta":{"footnotes":""},"categories":[42],"tags":[17,18,35107,13,14,11,1636,61,62,63,64,77790,3643,112997,19,20,1156,9,10,15,16,4500,12,936,21,22,2338,65,66,67],"class_list":["post-739940","post","type-post","status-publish","format-standard","has-post-thumbnail","category-internacional","tag-breaking-news","tag-breakingnews","tag-destruccion","tag-featured-news","tag-featurednews","tag-headlines","tag-ia","tag-internacional","tag-international","tag-international-news","tag-internationalnews","tag-irani","tag-isla","tag-jarg","tag-latest-news","tag-latestnews","tag-muestra","tag-news","tag-noticias","tag-noticias-destacadas","tag-noticiasdestacadas","tag-publica","tag-titulares","tag-trump","tag-ultimas-noticias","tag-ultimasnoticias","tag-video","tag-world","tag-world-news","tag-worldnews"],"share_on_mastodon":{"url":"https:\/\/pubeurope.com\/@es\/117189179176366797","error":""},"_links":{"self":[{"href":"https:\/\/www.europesays.com\/es\/wp-json\/wp\/v2\/posts\/739940","targetHints":{"allow":["GET"]}}],"collection":[{"href":"https:\/\/www.europesays.com\/es\/wp-json\/wp\/v2\/posts"}],"about":[{"href":"https:\/\/www.europesays.com\/es\/wp-json\/wp\/v2\/types\/post"}],"author":[{"embeddable":true,"href":"https:\/\/www.europesays.com\/es\/wp-json\/wp\/v2\/users\/2"}],"replies":[{"embeddable":true,"href":"https:\/\/www.europesays.com\/es\/wp-json\/wp\/v2\/comments?post=739940"}],"version-history":[{"count":0,"href":"https:\/\/www.europesays.com\/es\/wp-json\/wp\/v2\/posts\/739940\/revisions"}],"wp:featuredmedia":[{"embeddable":true,"href":"https:\/\/www.europesays.com\/es\/wp-json\/wp\/v2\/media\/739941"}],"wp:attachment":[{"href":"https:\/\/www.europesays.com\/es\/wp-json\/wp\/v2\/media?parent=739940"}],"wp:term":[{"taxonomy":"category","embeddable":true,"href":"https:\/\/www.europesays.com\/es\/wp-json\/wp\/v2\/categories?post=739940"},{"taxonomy":"post_tag","embeddable":true,"href":"https:\/\/www.europesays.com\/es\/wp-json\/wp\/v2\/tags?post=739940"}],"curies":[{"name":"wp","href":"https:\/\/api.w.org\/{rel}","templated":true}]}}