{"id":739956,"date":"2026-08-31T08:45:20","date_gmt":"2026-08-31T08:45:20","guid":{"rendered":"https:\/\/www.europesays.com\/es\/739956\/"},"modified":"2026-08-31T08:45:20","modified_gmt":"2026-08-31T08:45:20","slug":"ridley-scott-recordo-como-consiguio-la-pelicula-que-transformo-su-carrera-fui-la-quinta-opcion-para-dirigir-alien-infobae","status":"publish","type":"post","link":"https:\/\/www.europesays.com\/es\/739956\/","title":{"rendered":"Ridley Scott record\u00f3 c\u00f3mo consigui\u00f3 la pel\u00edcula que transform\u00f3 su carrera: \u201cFui la quinta opci\u00f3n para dirigir \u2018Alien\u2019\u201d &#8211; Infobae"},"content":{"rendered":"<ol>\n<li><a href=\"https:\/\/news.google.com\/rss\/articles\/CBMi-AFBVV95cUxQSmR3ZU5tYnpSbHctcU8zOTZpdUdyNG1FNWM3NXpkVHJlbDJwWjRndWhkVmg4b29TckpzSFZXakVFbl9GbnUxX1VkWEVNNjlRLVVkZjJLdU0yU3MwaFA0ZzJHZFBxNTNIaFU2WmZDbmlnNW1mUzhfT1lCZXZRcHJFZHI2MXNnSW8xRUVzaUZoRWxFQnFFcWl5Y3R1STVkeFBiOHAtQldnLXpoQzJRTlV2dUVwbGlackpUWXdubEFRQmtyQ1NJNVdxbktsTXdOdkQ1YUJrRzBmNzhqYm5SMlNtSzVvTkZPWllwVWNYSFhfOW8tMUpVZmcyNdIBkwJBVV95cUxPcWlIWG9HMDFpNHZ1WExXYWU2eXJrSERMUmFxQ3F1TGhMaUVPaDhIdlNHYWVmOGkwLU8xM3BrWU1nM2Q4YU9pTXZvaldFM3VSVjRKdlFnZ2daRzZxTFowUlpaRUkwc2VHM3JSb1Nna282ODVYVzBxR3VsTlpmbVZ6b01pTDAwaC1tSDBwX2dPSk12akhSVFZfcmtKWmROWGVEOUxJdTBSeDdzN2xYQ2FsU2RONTNaY2pGTC1XbEVtV1VMWkt1U0tielNFX0llSVdmRWNyWTVveGxGZnRpaWRKSXlsUUVrSUFhMFFHUm1zWDUxY1R5Ml8yV1VMejdfanZGamljVi1COUZNUkZ2dHNvVlVjMA?oc=5\" target=\"_blank\" rel=\"nofollow noopener\">Ridley Scott record\u00f3 c\u00f3mo consigui\u00f3 la pel\u00edcula que transform\u00f3 su carrera: \u201cFui la quinta opci\u00f3n para dirigir \u2018Alien\u2019\u201d<\/a>&nbsp;&nbsp;Infobae<\/li>\n<li><a href=\"https:\/\/news.google.com\/rss\/articles\/CBMizgFBVV95cUxQVGZpSnA1dU9YOFpZRU5aV2MzTXBndjE4UUV4Q0NYLV9sd09xeE9XWmVDZlUyb0tXV2ZwaVg0QUVxWXA0aS1RV2g1Snp5Z0NaTGtOSV9acHlZTURyZVYyVVA0V0tnbjUwaWVsUlNSNFBNZzY5MFRfYmVGNDFaODZaTndIOGljbnNLRnBvRFNCRUtZdk5nRzZIb0ZwZHJDRXVRekF6dHRGbUxnVVEzUTlSSjh3VlhNVVVaLTQyZlZxcDB2VG9aZWlWX2cwd1hxQQ?oc=5\" target=\"_blank\" rel=\"nofollow noopener\">Ridley Scott: \u00abEn toda mi carrera, solo tres guiones para mis pel\u00edculas me han impactado de inmediato\u00bb<\/a>&nbsp;&nbsp;GQ Espa\u00f1a<\/li>\n<li><a href=\"https:\/\/news.google.com\/rss\/articles\/CBMixgFBVV95cUxOcE8xcjhUNWt6cVNzNzNmUGF4czVjZm1rNzRjaUo4X3QwdUphQXVoU29WOG1MNXNCUmRRMFVXenAwUmRQR092WjV5VWpPZDUzS1A1S3RyQjVISlAyUHR4QS1leU5QbnR0NHZTc3NtMlFmMzgyZHpqUXRuWDJCbWdfTlBHSmhiOTJfYm1pdnZCWXF3OVhRVUNHM2tkR3BKYWFfUHdNM2c3UklYVXJEb3RrOGZ3ZlJDMDRhWTJLSW8xZkFJdUYxcFE?oc=5\" target=\"_blank\" rel=\"nofollow noopener\">El director de cine Ridley Scott, a sus 88 a\u00f1os: \u00abEs un milagro que siga vivo. Yo fumaba cuatro paquetes de Marlboro al d\u00eda\u00bb<\/a>&nbsp;&nbsp;Fotogramas<\/li>\n<li><a href=\"https:\/\/news.google.com\/rss\/articles\/CBMioAFBVV95cUxPYWVPckxlSWo3MkNEUEtIQ3EyTzE4VWl2Tk1XeFE3T3VTb2MxXzBqOEtxOUJXRmItdjI5clBRbVhuRXRkMGtSTW5QMXdOalV4cUt5RGhod1U4VGNIVTdpVzRyV1BhWmd0ME5uMmxoblo3OTVBSEpob0FWdjJYVjhSNzNFaEFqdXRtZER3Q29GUWwzNkNtNnJOVDlLVGlfVXVz?oc=5\" target=\"_blank\" rel=\"nofollow noopener\">Ridley Scott. Una madre, un coronel y el arte, claves de su universo<\/a>&nbsp;&nbsp;Revista Q<\/li>\n<li><a href=\"https:\/\/news.google.com\/rss\/articles\/CBMiaEFVX3lxTFA2MWtEQ0JaTGNYTzlCSWlTbkIyY2txVVRMTTRVQkJtbElhVTZqYkd4QlI5RUEyYmhkQ0RPWkRyN2hXbkpNZmJKZEQtWE5mUFVrZjNRd041Y2dPLV9ZOVIyT0swcG5sUWp6?oc=5\" target=\"_blank\" rel=\"nofollow noopener\">\u00abIMDb Originals\u00bb Ridley Scott: The Art of Worldbuilding (Episodio de TV 2026) \u2b50 9.7 | Corto, Noticias<\/a>&nbsp;&nbsp;IMDb<\/li>\n<\/ol>\n","protected":false},"excerpt":{"rendered":"Ridley Scott record\u00f3 c\u00f3mo consigui\u00f3 la pel\u00edcula que transform\u00f3 su carrera: \u201cFui la quinta opci\u00f3n para dirigir \u2018Alien\u2019\u201d&nbsp;&nbsp;Infobae&hellip;\n","protected":false},"author":2,"featured_media":739957,"comment_status":"","ping_status":"","sticky":false,"template":"","format":"standard","meta":{"footnotes":""},"categories":[169],"tags":[177,146,147,25,24,176,175,23],"class_list":["post-739956","post","type-post","status-publish","format-standard","has-post-thumbnail","category-cine","tag-cine","tag-entertainment","tag-entretenimiento","tag-es","tag-espana","tag-film","tag-movies","tag-spain"],"share_on_mastodon":{"url":"https:\/\/pubeurope.com\/@es\/117189248893390880","error":""},"_links":{"self":[{"href":"https:\/\/www.europesays.com\/es\/wp-json\/wp\/v2\/posts\/739956","targetHints":{"allow":["GET"]}}],"collection":[{"href":"https:\/\/www.europesays.com\/es\/wp-json\/wp\/v2\/posts"}],"about":[{"href":"https:\/\/www.europesays.com\/es\/wp-json\/wp\/v2\/types\/post"}],"author":[{"embeddable":true,"href":"https:\/\/www.europesays.com\/es\/wp-json\/wp\/v2\/users\/2"}],"replies":[{"embeddable":true,"href":"https:\/\/www.europesays.com\/es\/wp-json\/wp\/v2\/comments?post=739956"}],"version-history":[{"count":0,"href":"https:\/\/www.europesays.com\/es\/wp-json\/wp\/v2\/posts\/739956\/revisions"}],"wp:featuredmedia":[{"embeddable":true,"href":"https:\/\/www.europesays.com\/es\/wp-json\/wp\/v2\/media\/739957"}],"wp:attachment":[{"href":"https:\/\/www.europesays.com\/es\/wp-json\/wp\/v2\/media?parent=739956"}],"wp:term":[{"taxonomy":"category","embeddable":true,"href":"https:\/\/www.europesays.com\/es\/wp-json\/wp\/v2\/categories?post=739956"},{"taxonomy":"post_tag","embeddable":true,"href":"https:\/\/www.europesays.com\/es\/wp-json\/wp\/v2\/tags?post=739956"}],"curies":[{"name":"wp","href":"https:\/\/api.w.org\/{rel}","templated":true}]}}