{"id":739974,"date":"2026-08-31T08:57:12","date_gmt":"2026-08-31T08:57:12","guid":{"rendered":"https:\/\/www.europesays.com\/es\/739974\/"},"modified":"2026-08-31T08:57:12","modified_gmt":"2026-08-31T08:57:12","slug":"enzo-jimenez-lidera-con-un-segundo-puesto-en-infantiles-a-la-representacion-del-club-de-golf-soria-en-la-i-prueba-del-pequecircuito-de-castilla-y-leon","status":"publish","type":"post","link":"https:\/\/www.europesays.com\/es\/739974\/","title":{"rendered":"Enzo Jim\u00e9nez lidera con un segundo puesto en infantiles a la representaci\u00f3n del Club de Golf Soria en la I Prueba del Pequecircuito de Castilla y Le\u00f3n"},"content":{"rendered":"<p>La segunda plaza conseguida por Enzo Jim\u00e9nez en infantiles fue el resultado m\u00e1s destacado de la representaci\u00f3n del Club de Golf Soria en la I Prueba del Pequecircuito de Castilla y Le\u00f3n 2026, celebrada en el recorrido burgal\u00e9s de Lerma y en la que tambi\u00e9n estuvieron en liza Miguel L\u00f3pez (cadetes) y Marcos L\u00f3pez (alevines).<\/p>\n<p>Enzo Jim\u00e9nez firm\u00f3 una excelente actuaci\u00f3n que le situ\u00f3 en la segunda posici\u00f3n en Scratch con 75 golpes, 3 sobre par, mientras que en H\u00e1ndicap se situ\u00f3 s\u00e9ptimo con 72. Por su parte, en alevines Marcos L\u00f3pez fue sexto en Scratch con 107 golpes, y acab\u00f3 tercero en H\u00e1ndicap con 74, mientras que en cadetes Miguel L\u00f3pez termin\u00f3 noveno en Scratch con 78 golpes y se clasific\u00f3 en el puesto 17 en H\u00e1ndicap con 79.<\/p>\n<p>El Pequecircuito de Castilla y Le\u00f3n tiene lugar simult\u00e1neamente a la Liguilla Sub 21 en los recorridos de Lerma (29 de agosto), La Valmuza (12 de septiembre) y Entrepinos (26 de septiembre). La modalidad de juego en el Pequecircuito es Medal Play Individual y Stableford Individual en Cuarta Categor\u00eda para jugadores con h\u00e1ndicap mayor de 36. En cada prueba se otorga premio al primer y segundo clasificado h\u00e1ndicap tanto masculino como femenino de cada una de las categor\u00edas. Los ganadores del Pequecircuito ser\u00e1n los resultantes de la suma de las puntuaciones obtenidas en las tres pruebas, para ello, se elaborar\u00e1 un ranking al efecto, s\u00f3lo pudiendo optar a los premios los jugadores que al menos hayan disputado dos pruebas.<\/p>\n<p>Todas las pruebas del Pequecircuito son v\u00e1lidas, seg\u00fan la edad de los participantes, para el acceso a los Campeonatos de Espa\u00f1a Infantil, Alev\u00edn y Benjam\u00edn 2027. En las pruebas de Lerma y La Valmuza son asimismo valederas para el Campeonato de Espa\u00f1a Sub 16 del 2027.\u00a0<a href=\"https:\/\/nextcaddy.com\/tour\/71374\" rel=\"nofollow noopener\" target=\"_blank\"><strong>CLASIFICACIONES<\/strong><\/a><\/p>\n","protected":false},"excerpt":{"rendered":"La segunda plaza conseguida por Enzo Jim\u00e9nez en infantiles fue el resultado m\u00e1s destacado de la representaci\u00f3n del&hellip;\n","protected":false},"author":2,"featured_media":739975,"comment_status":"","ping_status":"","sticky":false,"template":"","format":"standard","meta":{"footnotes":""},"categories":[275],"tags":[168,25,24,329,492,23,167],"class_list":["post-739974","post","type-post","status-publish","format-standard","has-post-thumbnail","category-golf","tag-deportes","tag-es","tag-espana","tag-golf","tag-sociedad","tag-spain","tag-sports"],"share_on_mastodon":{"url":"https:\/\/pubeurope.com\/@es\/117189295802246629","error":""},"_links":{"self":[{"href":"https:\/\/www.europesays.com\/es\/wp-json\/wp\/v2\/posts\/739974","targetHints":{"allow":["GET"]}}],"collection":[{"href":"https:\/\/www.europesays.com\/es\/wp-json\/wp\/v2\/posts"}],"about":[{"href":"https:\/\/www.europesays.com\/es\/wp-json\/wp\/v2\/types\/post"}],"author":[{"embeddable":true,"href":"https:\/\/www.europesays.com\/es\/wp-json\/wp\/v2\/users\/2"}],"replies":[{"embeddable":true,"href":"https:\/\/www.europesays.com\/es\/wp-json\/wp\/v2\/comments?post=739974"}],"version-history":[{"count":0,"href":"https:\/\/www.europesays.com\/es\/wp-json\/wp\/v2\/posts\/739974\/revisions"}],"wp:featuredmedia":[{"embeddable":true,"href":"https:\/\/www.europesays.com\/es\/wp-json\/wp\/v2\/media\/739975"}],"wp:attachment":[{"href":"https:\/\/www.europesays.com\/es\/wp-json\/wp\/v2\/media?parent=739974"}],"wp:term":[{"taxonomy":"category","embeddable":true,"href":"https:\/\/www.europesays.com\/es\/wp-json\/wp\/v2\/categories?post=739974"},{"taxonomy":"post_tag","embeddable":true,"href":"https:\/\/www.europesays.com\/es\/wp-json\/wp\/v2\/tags?post=739974"}],"curies":[{"name":"wp","href":"https:\/\/api.w.org\/{rel}","templated":true}]}}