{"id":739976,"date":"2026-08-31T08:58:25","date_gmt":"2026-08-31T08:58:25","guid":{"rendered":"https:\/\/www.europesays.com\/es\/739976\/"},"modified":"2026-08-31T08:58:25","modified_gmt":"2026-08-31T08:58:25","slug":"imperial-debut-de-dani-merida-en-el-us-open","status":"publish","type":"post","link":"https:\/\/www.europesays.com\/es\/739976\/","title":{"rendered":"Imperial debut de Dani M\u00e9rida en el US Open"},"content":{"rendered":"<p class=\"ft-text\">El espa\u00f1ol <strong>Daniel M\u00e9rida<\/strong> arranc\u00f3 con autoridad su participaci\u00f3n en el <strong>Abierto de Estados Unidos<\/strong>. El n\u00famero 39 del mundo se impuso este domingo al h\u00fangaro <strong>Marton Fucsovics<\/strong> (121\u00ba) por 6-4, 6-2 y 6-2 y avanz\u00f3 a la segunda ronda del \u00faltimo Grand Slam de la temporada.<\/p>\n<p class=\"ft-text\">M\u00e9rida, de 21 a\u00f1os, sum\u00f3 as\u00ed la <strong>segunda victoria de su carrera en un &#8216;grande&#8217;<\/strong>, despu\u00e9s de estrenarse con triunfo esta misma temporada en Wimbledon, donde derrot\u00f3 al argentino <strong>Camilo Ugo Carabelli<\/strong>.<\/p>\n<p class=\"ft-text\">El espa\u00f1ol disputa en Nueva York su <strong>tercer Grand Slam<\/strong>, despu\u00e9s de haber debutado en Roland Garros. Ante Fucsovics, adem\u00e1s, consigui\u00f3 tomarse la revancha del \u00fanico precedente entre ambos, que se hab\u00eda producido en la fase de clasificaci\u00f3n del Masters 1000 de Madrid y que termin\u00f3 con victoria del h\u00fangaro.<\/p>\n<p class=\"ft-text\">Esta vez, M\u00e9rida domin\u00f3 el encuentro desde el inicio y no dio opciones a un Fucsovics que apenas pudo discutirle el partido. El espa\u00f1ol cerr\u00f3 el triunfo en tres sets y contin\u00faa avanzando en el torneo estadounidense.<\/p>\n<p class=\"ft-text\">En la segunda ronda, M\u00e9rida se enfrentar\u00e1 al vencedor del duelo entre el ruso <strong>Andrey Rublev<\/strong>, vig\u00e9simo tercer cabeza de serie, y el finland\u00e9s <strong>Otto Virtanen<\/strong>, que accedi\u00f3 al cuadro principal como &#8216;perdedor afortunado&#8217; tras la retirada del croata <strong>Marin Cilic<\/strong>.<\/p>\n<p class=\"ft-text\">Por su parte, Pablo Carre\u00f1o Busta sucumbi\u00f3 ante el checo Jiri Lehecka (6-1, 7-6 (5), 4-6 y 6-2). Pese a mejorar a partir del segundo set, el asturiano acab\u00f3 cayendo ante el n\u00famer0 19 del mundo que espera ahora a Samuel o Machac en la segunda ronda del torneo. <\/p>\n","protected":false},"excerpt":{"rendered":"El espa\u00f1ol Daniel M\u00e9rida arranc\u00f3 con autoridad su participaci\u00f3n en el Abierto de Estados Unidos. El n\u00famero 39&hellip;\n","protected":false},"author":2,"featured_media":739977,"comment_status":"","ping_status":"","sticky":false,"template":"","format":"standard","meta":{"footnotes":""},"categories":[274],"tags":[1996,5437,168,25,24,44243,7236,23,167,327,326,1559,541],"class_list":["post-739976","post","type-post","status-publish","format-standard","has-post-thumbnail","category-tenis","tag-dani","tag-debut","tag-deportes","tag-es","tag-espana","tag-imperial","tag-merida","tag-spain","tag-sports","tag-tenis","tag-tennis","tag-us","tag-us-open"],"share_on_mastodon":{"url":"https:\/\/pubeurope.com\/@es\/117189299828928886","error":""},"_links":{"self":[{"href":"https:\/\/www.europesays.com\/es\/wp-json\/wp\/v2\/posts\/739976","targetHints":{"allow":["GET"]}}],"collection":[{"href":"https:\/\/www.europesays.com\/es\/wp-json\/wp\/v2\/posts"}],"about":[{"href":"https:\/\/www.europesays.com\/es\/wp-json\/wp\/v2\/types\/post"}],"author":[{"embeddable":true,"href":"https:\/\/www.europesays.com\/es\/wp-json\/wp\/v2\/users\/2"}],"replies":[{"embeddable":true,"href":"https:\/\/www.europesays.com\/es\/wp-json\/wp\/v2\/comments?post=739976"}],"version-history":[{"count":0,"href":"https:\/\/www.europesays.com\/es\/wp-json\/wp\/v2\/posts\/739976\/revisions"}],"wp:featuredmedia":[{"embeddable":true,"href":"https:\/\/www.europesays.com\/es\/wp-json\/wp\/v2\/media\/739977"}],"wp:attachment":[{"href":"https:\/\/www.europesays.com\/es\/wp-json\/wp\/v2\/media?parent=739976"}],"wp:term":[{"taxonomy":"category","embeddable":true,"href":"https:\/\/www.europesays.com\/es\/wp-json\/wp\/v2\/categories?post=739976"},{"taxonomy":"post_tag","embeddable":true,"href":"https:\/\/www.europesays.com\/es\/wp-json\/wp\/v2\/tags?post=739976"}],"curies":[{"name":"wp","href":"https:\/\/api.w.org\/{rel}","templated":true}]}}